{"id":394146,"date":"2025-09-16T03:45:13","date_gmt":"2025-09-16T03:45:13","guid":{"rendered":"https:\/\/www.europesays.com\/fr\/394146\/"},"modified":"2025-09-16T03:45:13","modified_gmt":"2025-09-16T03:45:13","slug":"rendez-vous-pour-la-18e-edition-du-feffs","status":"publish","type":"post","link":"https:\/\/www.europesays.com\/fr\/394146\/","title":{"rendered":"rendez-vous pour la 18e \u00e9dition du FEFFS !"},"content":{"rendered":"<p data-start=\"130\" data-end=\"521\"><strong data-start=\"130\" data-end=\"519\">Le FEFFS 2025 \u2013 Festival Europ\u00e9en du Film Fantastique de Strasbourg \u2013 revient du 26 septembre au 5 octobre 2025 pour sa 18e \u00e9dition !\u00a0<\/strong><\/p>\n<p data-start=\"81\" data-end=\"381\">Avis aux amateurs de frissons, de cin\u00e9ma de genre et d\u2019effets sp\u00e9ciaux : cette \u00e9dition promet en effet une programmation \u00e9clectique, m\u00ealant \u00e0 la fois cin\u00e9ma ind\u00e9pendant, productions de studios et \u00e9v\u00e9nements off. Ainsi, d\u00e9couvrez d\u00e8s maintenant ce qui vous attend lors du FEFFS Strasbourg 2025 !<\/p>\n<p>Le programme du FEFFS 2025 : films, \u00e9v\u00e9nements et temps forts<\/p>\n<p data-start=\"135\" data-end=\"620\">Depuis 18 ans, le FEFFS s\u00e9duit un public toujours plus vari\u00e9 avec une programmation riche et \u00e9clectique. En 2024, pas moins de 46 longs-m\u00e9trages, 30 films en r\u00e9trospective et 41 courts-m\u00e9trages ont r\u00e9uni plus de 31 000 spectateurs ! En 2025, le FEFFS garde sa promesse : dix jours de cin\u00e9ma et de festivit\u00e9s dans une ambiance conviviale pour tous les publics.<\/p>\n<p data-start=\"47\" data-end=\"364\">Et comme chaque ann\u00e9e, un cin\u00e9aste est \u00e0 l\u2019honneur ! Pour cette \u00e9dition, le festival met en lumi\u00e8re Alexandre Aja, qui recevra un prix d\u2019honneur pour sa contribution au cin\u00e9ma de genre lors de la c\u00e9r\u00e9monie d\u2019ouverture du 26 septembre. Une r\u00e9trospective de ses films sera \u00e9galement propos\u00e9e tout au long du festival ! En quelques mots, Alexandre baigne dans le cin\u00e9ma depuis tout petit, puis \u00e0 18 ans, il passe derri\u00e8re la cam\u00e9ra et cor\u00e9alise avec Gr\u00e9gory Levasseur le court m\u00e9trage\u00a0Over the Rainbow.\u00a0Il encha\u00eene ensuite les succ\u00e8s : Furia ou encore le thriller fantastique avec\u00a0La Neuvi\u00e8me Vie de Louis Drax. Le 28 septembre, Alexandre donnera une master class puis pr\u00e9sentera deux films qu\u2019il aura choisis pour sa carte blanche. L\u2019occasion parfaite d\u2019\u00e9changer avec lui !\u00a0<\/p>\n<p data-start=\"81\" data-end=\"470\">Rendez-vous le 26 septembre dans plusieurs cin\u00e9mas strasbourgeois avec le film L\u2019Homme qui r\u00e9tr\u00e9cit, produit par Alain Goldman et Patrick Wachsberger. En effet, adapt\u00e9 du roman culte de Richard Matheson, ce long-m\u00e9trage suit Paul, qui se retrouve confront\u00e9 \u00e0 un myst\u00e9rieux ph\u00e9nom\u00e8ne m\u00e9t\u00e9orologique. Ainsi, entre r\u00e9cit initiatique et film d\u2019aventure, il ouvre le festival en beaut\u00e9.<\/p>\n<\/p>\n<p data-start=\"50\" data-end=\"179\">Comme chaque ann\u00e9e, le festival nomme plusieurs films dans la cat\u00e9gorie \u00ab\u00a0Comp\u00e9tition internationale de films fantastiques\u00a0\u00bb. Du 3 au 5 octobre, d\u00e9couvrez M\u0101rama et plongez dans l\u2019univers frissonnant d\u2019un manoir isol\u00e9 du Yorkshire ! Le long-m\u00e9trage revisite les codes du film gothique tout en d\u00e9ployant une esth\u00e9tique remarquable ! Au l\u2019affiche \u00e9galement, Good Boy, un film d\u2019horreur racont\u00e9 d\u2019un point de vue d\u2019un\u2026chien ! Oui, oui, vous avez bien lu !\u00a0<\/p>\n<p data-start=\"135\" data-end=\"620\">Tout au long des 10 jours, plusieurs autres cat\u00e9gories sont au programme : films d\u2019animation avec Dog of God ou ChaO ! Du c\u00f4t\u00e9 des s\u00e9ances sp\u00e9ciales, d\u00e9couvrez les 1er et 3 octobre About A Hero, un film dont le sc\u00e9nario est enti\u00e8rement construit par l\u2019intelligence artificielle. En effet, l\u2019histoire raconte celle d\u2019un ouvrier tu\u00e9 par une machine dans de myst\u00e9rieuses circonstances\u2026<\/p>\n<p>En bref, ce sont plus de 40 films qui vous attendent pendant le rendez-vous !\u00a0 <strong><a href=\"https:\/\/strasbourgfestival.com\/fr\/programmation-2025\/\" target=\"_blank\" rel=\"noopener noreferrer nofollow\">Pour conna\u00eetre l\u2019int\u00e9gralit\u00e9 du programme, rendez-vous sur le site du FEEFS !\u00a0<\/a><br \/>\n<\/strong><\/p>\n<p>D\u00e9couvrez le programme OFF du festival !\u00a0<\/p>\n<p data-start=\"81\" data-end=\"351\">Le FEFFS, c\u2019est aussi un programme OFF ! En effet, tout au long du festival, de nombreux \u00e9v\u00e9nements sont organis\u00e9s en parall\u00e8le. Ainsi, masterclass avec de grands r\u00e9alisateurs, interventions artistiques, ateliers et conf\u00e9rences viennent compl\u00e9ter la programmation.\u00a0<\/p>\n<blockquote class=\"instagram-media\" style=\"background: #FFF; border: 0; border-radius: 3px; box-shadow: 0 0 1px 0 rgba(0,0,0,0.5),0 1px 10px 0 rgba(0,0,0,0.15); margin: 1px; max-width: 540px; min-width: 326px; padding: 0; width: calc(100% - 2px);\" data-instgrm-permalink=\"https:\/\/www.instagram.com\/p\/DNFqULFIkzi\/?utm_source=ig_embed&amp;utm_campaign=loading\" data-instgrm-version=\"14\">\n<\/blockquote>\n<p data-start=\"81\" data-end=\"351\"><strong>Informations pratiques<\/strong><\/p>\n<ul>\n<li data-start=\"81\" data-end=\"351\">Du 26 septembre au 5 octobre 2025<\/li>\n<li data-start=\"81\" data-end=\"351\">Dans plusieurs cin\u00e9mas de la ville de Strasbourg\u00a0<\/li>\n<li data-start=\"81\" data-end=\"351\">Les tarifs et la billetterie sont \u00e0 retrouver juste \u00a0<a href=\"https:\/\/strasbourgfestival.com\/fr\/2025-informations-pratiques\/\" target=\"_blank\" rel=\"noopener noreferrer nofollow\">ici<\/a><br \/>\n !\u00a0<\/li>\n<\/ul>\n<p data-start=\"81\" data-end=\"351\"><a href=\"https:\/\/strasbourgfestival.com\/fr\/\" target=\"_blank\" rel=\"noopener noreferrer nofollow\">Restez \u00e0 l\u2019aff\u00fbt du programme gr\u00e2ce au site Internet du FEFFS 2025 !\u00a0<\/a>\n<\/p>\n<p><a href=\"https:\/\/www.coze.fr\/agenda\/\" target=\"_blank\" rel=\"noopener noreferrer nofollow\"><strong>Pour plus d\u2019id\u00e9es de sorties, rendez-vous dans l\u2019agenda en ligne !\u00a0<\/strong><\/a>\n<\/p>\n<p>                    <script async src=\"\/\/www.instagram.com\/embed.js\"><\/script><\/p>\n","protected":false},"excerpt":{"rendered":"Le FEFFS 2025 \u2013 Festival Europ\u00e9en du Film Fantastique de Strasbourg \u2013 revient du 26 septembre au 5&hellip;\n","protected":false},"author":2,"featured_media":394147,"comment_status":"","ping_status":"","sticky":false,"template":"","format":"standard","meta":{"footnotes":""},"categories":[2820],"tags":[1111,11,1777,674,1011,27,775,12,25,640],"class_list":{"0":"post-394146","1":"post","2":"type-post","3":"status-publish","4":"format-standard","5":"has-post-thumbnail","7":"category-strasbourg","8":"tag-actu","9":"tag-actualites","10":"tag-eu","11":"tag-europe","12":"tag-fr","13":"tag-france","14":"tag-grand-est","15":"tag-news","16":"tag-republique-francaise","17":"tag-strasbourg"},"share_on_mastodon":{"url":"https:\/\/pubeurope.com\/@fr\/115211922571859646","error":""},"_links":{"self":[{"href":"https:\/\/www.europesays.com\/fr\/wp-json\/wp\/v2\/posts\/394146","targetHints":{"allow":["GET"]}}],"collection":[{"href":"https:\/\/www.europesays.com\/fr\/wp-json\/wp\/v2\/posts"}],"about":[{"href":"https:\/\/www.europesays.com\/fr\/wp-json\/wp\/v2\/types\/post"}],"author":[{"embeddable":true,"href":"https:\/\/www.europesays.com\/fr\/wp-json\/wp\/v2\/users\/2"}],"replies":[{"embeddable":true,"href":"https:\/\/www.europesays.com\/fr\/wp-json\/wp\/v2\/comments?post=394146"}],"version-history":[{"count":0,"href":"https:\/\/www.europesays.com\/fr\/wp-json\/wp\/v2\/posts\/394146\/revisions"}],"wp:featuredmedia":[{"embeddable":true,"href":"https:\/\/www.europesays.com\/fr\/wp-json\/wp\/v2\/media\/394147"}],"wp:attachment":[{"href":"https:\/\/www.europesays.com\/fr\/wp-json\/wp\/v2\/media?parent=394146"}],"wp:term":[{"taxonomy":"category","embeddable":true,"href":"https:\/\/www.europesays.com\/fr\/wp-json\/wp\/v2\/categories?post=394146"},{"taxonomy":"post_tag","embeddable":true,"href":"https:\/\/www.europesays.com\/fr\/wp-json\/wp\/v2\/tags?post=394146"}],"curies":[{"name":"wp","href":"https:\/\/api.w.org\/{rel}","templated":true}]}}