{"id":394148,"date":"2025-09-16T03:46:10","date_gmt":"2025-09-16T03:46:10","guid":{"rendered":"https:\/\/www.europesays.com\/fr\/394148\/"},"modified":"2025-09-16T03:46:10","modified_gmt":"2025-09-16T03:46:10","slug":"un-enfer-et-un-sentiment-dinsecurite-un-squat-empoisonne-la-vie-des-habitants-de-ce-quartier-a-nice","status":"publish","type":"post","link":"https:\/\/www.europesays.com\/fr\/394148\/","title":{"rendered":"\u00ab\u00a0Un enfer\u00a0\u00bb et \u00ab\u00a0un sentiment d&rsquo;ins\u00e9curit\u00e9\u00a0\u00bb: un squat empoisonne la vie des habitants de ce quartier \u00e0 Nice"},"content":{"rendered":"<p>Insalubrit\u00e9, nuisances sonores, ins\u00e9curit\u00e9, trafic pr\u00e9sum\u00e9, c\u2019est le cocktail explosif que d\u00e9crivent les habitants de la rue Saint-Honor\u00e9, au c\u0153ur du quartier Magnan. Le probl\u00e8me? Au 17 de cette rue discr\u00e8te, des logements seraient squatt\u00e9s, de la terrasse jusqu\u2019\u00e0 la studette en passant par les caves et les anciens parkings r\u00e9am\u00e9nag\u00e9s en studio. Une partie serait lou\u00e9e mais il semblerait que des squatteurs s\u2019immiscent parmi les locataires. Ici, les nuits ressemblent \u00e0 un mauvais film qui se rejoue chaque soir. La b\u00e2tisse, aujourd\u2019hui d\u00e9fra\u00eechie, intrigue. Deux des trois propri\u00e9taires du dessous expliquent avoir achet\u00e9 en 2018. Mais, les choses se seraient brutalement d\u00e9grad\u00e9es il y a deux ans, apr\u00e8s un d\u00e9g\u00e2t des eaux avec le voisin du dessus. Selon eux, les lieux sont aujourd\u2019hui occup\u00e9s de mani\u00e8res irr\u00e9guli\u00e8res.<\/p>\n<p>Le nom d\u2019un \u00ab\u00a0squatteur\u00a0\u00bb revient dans les conversations. Plusieurs habitants assurent qu\u2019il leur a montr\u00e9 \u00ab\u00a0son obligation de quitter le territoire\u00a0\u00bb mais aussi \u00ab\u00a0des photos de trottinettes vol\u00e9es, des barrettes de cannabis et de la coca\u00efne entrepos\u00e9es sur place\u00a0\u00bb. \u00ab\u00a0Il en parle ouvertement, devant tout le quartier, sans aucune crainte\u00a0\u00bb, souffle un voisin. Un autre ajoute: \u00ab\u00a0Depuis les terrasses, on les voit planquer des v\u00e9los et trottinettes sous des couvertures.\u00a0\u00bb Un riverain mart\u00e8le: \u00ab\u00a0Les forces de l\u2019ordre, elles, passent mais ne restent pas (&#8230;) cinq minutes apr\u00e8s leur d\u00e9part, \u00e7a recommence\u00a0\u00bb. Dans la rue, beaucoup estiment que la police \u00ab\u00a0sait mais ne peut rien faire\u00a0\u00bb.<\/p>\n<p>\u00ab\u00a0Un sentiment d\u2019ins\u00e9curit\u00e9\u00a0\u00bb<\/p>\n<p>Dans cette rue, les locations saisonni\u00e8res sont nombreuses et les avis des visiteurs sont parfois alarmants. \u00ab\u00a0Des clients m\u2019ont signal\u00e9 avoir trouv\u00e9 des seringues derri\u00e8re l\u2019immeuble\u00a0\u00bb, d\u00e9plore un propri\u00e9taire. \u00ab\u00a0Les appartements sont sympas, mais les alentours font peur\u00a0\u00bb, reconna\u00eet un autre. Certains touristes \u00e9voquent m\u00eame \u00ab\u00a0un sentiment d\u2019ins\u00e9curit\u00e9 permanent\u00a0\u00bb, au point de ternir l\u2019attrait de cette art\u00e8re de Nice, proche du centre.<\/p>\n<p>Des d\u00e9parts de feu ont marqu\u00e9 les esprits. \u00ab\u00a0Il y en a eu plusieurs, pas qu\u2019un seul\u00a0\u00bb, insiste un habitant qui en a vu un de pr\u00e8s depuis sa fen\u00eatre. Certains craignent la catastrophe: un immeuble ancien, des appartements sur-occup\u00e9s, de l\u2019alcool, des flammes\u2026<\/p>\n<p>Les soup\u00e7ons vont plus loin. Les riverains parlent \u00ab\u00a0d\u2019arrangements suspects\u00a0\u00bb et \u00e9voquent m\u00eame \u00ab\u00a0un marchand de sommeil\u00a0\u00bb. La peur se m\u00e9lange \u00e0 l\u2019exasp\u00e9ration. \u00ab\u00a0a donne une image d\u00e9plorable de notre quartier On nous a dit d\u2019\u00e9crire au pr\u00e9fet. On l\u2019a fait, en recommand\u00e9, mais on n\u2019a jamais eu de r\u00e9ponse\u00a0\u00bb, soupire un habitant. Sollicit\u00e9e, la pr\u00e9fecture pr\u00e9cise que ce dossier a \u00e9t\u00e9 port\u00e9 \u00e0 la connaissance des services le 5 septembre, \u00e0 la suite du signalement d\u2019un riverain. \u00c0 ce stade, aucune d\u00e9marche entreprise par les propri\u00e9taires n\u2019a \u00e9t\u00e9 relev\u00e9e. Ces derniers ont toutefois \u00e9t\u00e9 identifi\u00e9s, et des v\u00e9rifications sont en cours afin de pr\u00e9ciser les conditions d\u2019occupation des b\u00e2timents.<\/p>\n<p>La Ville: \u00ab\u00a0Nous continuons \u00e0 mettre la pression\u00a0\u00bb<\/p>\n<p>De son c\u00f4t\u00e9, la mairie de Nice par la voix du premier adjoint, Anthony Borr\u00e9 commente: \u00ab\u00a0Nous suivons ce dossier de tr\u00e8s pr\u00e8s depuis 2024. Nous avons adress\u00e9 plusieurs mises en demeure aux propri\u00e9taires. Les trois du dessous ont \u00e9t\u00e9 r\u00e9actifs, mais celui du haut recevant des squatteurs refuse toute coop\u00e9ration. Nous avons tent\u00e9 de lancer un arr\u00eat\u00e9 d\u2019insalubrit\u00e9, mais il ne nous a pas ouvert les lieux. Face \u00e0 cette inertie, nous avons saisi le parquet et signal\u00e9 \u00e0 la justice un possible marchand de sommeil. La Ville poursuit ses d\u00e9marches, nous continuons \u00e0 mettre la pression et nous irons jusqu\u2019au bout\u00a0\u00bb<\/p>\n<p>\u00ab\u00a0Un enfer\u00a0\u00bb pour certains propri\u00e9taires<\/p>\n<p>Franck R., propri\u00e9taire des huit studettes qui posent probl\u00e8me, conna\u00eet la situation de l\u2019int\u00e9rieur. Il avait acquis l\u2019immeuble il y a douze ans aux ench\u00e8res, alors qu\u2019il \u00e9tait d\u00e9j\u00e0 squatt\u00e9, pour en faire un investissement locatif. Tout avait \u00e9t\u00e9 refait, et pendant plusieurs ann\u00e9es, la location s\u2019est d\u00e9roul\u00e9e sereinement. Aujourd\u2019hui, il confie \u00ab\u00a0perdre de l\u2019argent\u00a0\u00bb malgr\u00e9 des locataires qui continuent de payer leur loyer. Le point noir? La terrasse et les caves attenantes, r\u00e9guli\u00e8rement occup\u00e9es par des squatteurs. \u00ab\u00a0Ma femme vient toutes les semaines nettoyer et d\u00e9gager les squatteurs, mais elle ne peut rien faire. Moi je ne vais pas risquer de prendre un coup de couteau.\u00a0\u00bb Le couple raconte retrouver r\u00e9guli\u00e8rement sur la terrasse \u00ab\u00a0des ordures, parfois m\u00eame des mati\u00e8res f\u00e9cales\u00a0\u00bb. \u00ab\u00a0Diff\u00e9rents services sont d\u00e9j\u00e0 pass\u00e9s pour tenter de les d\u00e9loger ou pour du trafic de drogue, mais les probl\u00e8mes reviennent toujours.\u00a0\u00bb<\/p>\n<p>Sa conclusion est am\u00e8re: \u00ab\u00a0C\u2019est un enfer\u00a0\u00bb.<\/p>\n","protected":false},"excerpt":{"rendered":"Insalubrit\u00e9, nuisances sonores, ins\u00e9curit\u00e9, trafic pr\u00e9sum\u00e9, c\u2019est le cocktail explosif que d\u00e9crivent les habitants de la rue Saint-Honor\u00e9,&hellip;\n","protected":false},"author":2,"featured_media":394149,"comment_status":"","ping_status":"","sticky":false,"template":"","format":"standard","meta":{"footnotes":""},"categories":[2819],"tags":[1111,11,1777,674,1011,27,12,2401,882,25,3366],"class_list":{"0":"post-394148","1":"post","2":"type-post","3":"status-publish","4":"format-standard","5":"has-post-thumbnail","7":"category-nice","8":"tag-actu","9":"tag-actualites","10":"tag-eu","11":"tag-europe","12":"tag-fr","13":"tag-france","14":"tag-news","15":"tag-nice","16":"tag-provence-alpes-cote-dazur","17":"tag-republique-francaise","18":"tag-vie-locale"},"share_on_mastodon":{"url":"https:\/\/pubeurope.com\/@fr\/115211926445669051","error":""},"_links":{"self":[{"href":"https:\/\/www.europesays.com\/fr\/wp-json\/wp\/v2\/posts\/394148","targetHints":{"allow":["GET"]}}],"collection":[{"href":"https:\/\/www.europesays.com\/fr\/wp-json\/wp\/v2\/posts"}],"about":[{"href":"https:\/\/www.europesays.com\/fr\/wp-json\/wp\/v2\/types\/post"}],"author":[{"embeddable":true,"href":"https:\/\/www.europesays.com\/fr\/wp-json\/wp\/v2\/users\/2"}],"replies":[{"embeddable":true,"href":"https:\/\/www.europesays.com\/fr\/wp-json\/wp\/v2\/comments?post=394148"}],"version-history":[{"count":0,"href":"https:\/\/www.europesays.com\/fr\/wp-json\/wp\/v2\/posts\/394148\/revisions"}],"wp:featuredmedia":[{"embeddable":true,"href":"https:\/\/www.europesays.com\/fr\/wp-json\/wp\/v2\/media\/394149"}],"wp:attachment":[{"href":"https:\/\/www.europesays.com\/fr\/wp-json\/wp\/v2\/media?parent=394148"}],"wp:term":[{"taxonomy":"category","embeddable":true,"href":"https:\/\/www.europesays.com\/fr\/wp-json\/wp\/v2\/categories?post=394148"},{"taxonomy":"post_tag","embeddable":true,"href":"https:\/\/www.europesays.com\/fr\/wp-json\/wp\/v2\/tags?post=394148"}],"curies":[{"name":"wp","href":"https:\/\/api.w.org\/{rel}","templated":true}]}}