{"id":394155,"date":"2025-09-16T03:50:16","date_gmt":"2025-09-16T03:50:16","guid":{"rendered":"https:\/\/www.europesays.com\/fr\/394155\/"},"modified":"2025-09-16T03:50:16","modified_gmt":"2025-09-16T03:50:16","slug":"a-bordeaux-le-detenu-libere-par-erreur-a-ete-retrouve-dans-un-apparthotel-puis","status":"publish","type":"post","link":"https:\/\/www.europesays.com\/fr\/394155\/","title":{"rendered":"\u00c0 Bordeaux, le d\u00e9tenu lib\u00e9r\u00e9 par erreur a \u00e9t\u00e9 retrouv\u00e9 dans un appart\u2019hotel puis"},"content":{"rendered":"<p>Un d\u00e9tenu, qui avait \u00e9t\u00e9 lib\u00e9r\u00e9 fin avril\u00a02025 par erreur de la prison <a href=\"https:\/\/niort.maville.com\/\/\" target=\"_self\" rel=\"nofollow noopener\">de Bordeaux-Gradignan<\/a> (Gironde) \u00e0 la place d\u2019un autre prisonnier au patronyme presque similaire, a \u00e9t\u00e9 retrouv\u00e9 et r\u00e9incarc\u00e9r\u00e9, a indiqu\u00e9 lundi 15\u00a0septembre 2025 le parquet, <a href=\"https:\/\/www.franceinfo.fr\/faits-divers\/info-franceinfo-le-detenu-libere-grace-a-une-erreur-sur-son-nom-a-bordeaux-a-ete-retrouve-et-reincarcere_7493410.html\" target=\"_self\" rel=\"nofollow noopener\">confirmant une information de <\/a>  <a href=\"https:\/\/www.franceinfo.fr\/faits-divers\/info-franceinfo-le-detenu-libere-grace-a-une-erreur-sur-son-nom-a-bordeaux-a-ete-retrouve-et-reincarcere_7493410.html\" target=\"_self\" rel=\"nofollow noopener\">Franceinfo<\/a> .<\/p>\n<p>Cet homme de 25\u00a0ans a \u00e9t\u00e9 interpell\u00e9 le 3\u00a0septembre <strong>\u00ab\u00a0dans un appart\u2019hotel \u00e0 Saint-Jean-d\u2019Illiac\u00a0\u00bb,<\/strong> en p\u00e9riph\u00e9rie de la m\u00e9tropole bordelaise, par les policiers de la Division de la criminalit\u00e9 organis\u00e9e et sp\u00e9cialis\u00e9e (DCOS), indique le procureur de la R\u00e9publique de Bordeaux, Renaud Gaudeul, dans un communiqu\u00e9 relay\u00e9 par l\u2019Agence France-Presse (AFP).<\/p>\n<p>Condamn\u00e9 pour vol avec violences ayant entra\u00een\u00e9 la mort<\/p>\n<p>Condamn\u00e9 en novembre dernier \u00e0 dix ans de prison pour un vol avec violences ayant entra\u00een\u00e9 la mort, commis en 2019, le d\u00e9tenu <strong>\u00ab\u00a0a \u00e9t\u00e9 plac\u00e9 en r\u00e9tention judiciaire avant d\u2019\u00eatre r\u00e9incarc\u00e9r\u00e9 le lendemain\u00a0\u00bb,<\/strong> selon le parquet.<\/p>\n<p><strong>\u00ab\u00a0Il n\u2019est pas en l\u2019\u00e9tat poursuivi du chef d\u2019\u00e9vasion car il n\u2019est pas possible de d\u00e9montrer qu\u2019il a eu un r\u00f4le actif dans cette lib\u00e9ration. Sa seule passivit\u00e9 face aux erreurs de l\u2019administration p\u00e9nitentiaire ne suffit pas \u00e0 caract\u00e9riser l\u2019infraction d\u2019\u00e9vasion\u00a0\u00bb,<\/strong> indique par ailleurs le magistrat.<\/p>\n<p>\u00a0<\/p>\n","protected":false},"excerpt":{"rendered":"Un d\u00e9tenu, qui avait \u00e9t\u00e9 lib\u00e9r\u00e9 fin avril\u00a02025 par erreur de la prison de Bordeaux-Gradignan (Gironde) \u00e0 la&hellip;\n","protected":false},"author":2,"featured_media":394156,"comment_status":"","ping_status":"","sticky":false,"template":"","format":"standard","meta":{"footnotes":""},"categories":[2817],"tags":[1111,11,52631,1997,9625,12444,2883,1777,674,1011,27,190,12697,12,2219,52632,25,4256,6689,9693],"class_list":{"0":"post-394155","1":"post","2":"type-post","3":"status-publish","4":"format-standard","5":"has-post-thumbnail","7":"category-bordeaux","8":"tag-actu","9":"tag-actualites","10":"tag-appart","11":"tag-bordeaux","12":"tag-detenu","13":"tag-erreur","14":"tag-ete","15":"tag-eu","16":"tag-europe","17":"tag-fr","18":"tag-france","19":"tag-hotel","20":"tag-libere","21":"tag-news","22":"tag-nouvelle-aquitaine","23":"tag-reincarcere","24":"tag-republique-francaise","25":"tag-retrouve","26":"tag-roche","27":"tag-yon"},"share_on_mastodon":{"url":"https:\/\/pubeurope.com\/@fr\/115211942207803152","error":""},"_links":{"self":[{"href":"https:\/\/www.europesays.com\/fr\/wp-json\/wp\/v2\/posts\/394155","targetHints":{"allow":["GET"]}}],"collection":[{"href":"https:\/\/www.europesays.com\/fr\/wp-json\/wp\/v2\/posts"}],"about":[{"href":"https:\/\/www.europesays.com\/fr\/wp-json\/wp\/v2\/types\/post"}],"author":[{"embeddable":true,"href":"https:\/\/www.europesays.com\/fr\/wp-json\/wp\/v2\/users\/2"}],"replies":[{"embeddable":true,"href":"https:\/\/www.europesays.com\/fr\/wp-json\/wp\/v2\/comments?post=394155"}],"version-history":[{"count":0,"href":"https:\/\/www.europesays.com\/fr\/wp-json\/wp\/v2\/posts\/394155\/revisions"}],"wp:featuredmedia":[{"embeddable":true,"href":"https:\/\/www.europesays.com\/fr\/wp-json\/wp\/v2\/media\/394156"}],"wp:attachment":[{"href":"https:\/\/www.europesays.com\/fr\/wp-json\/wp\/v2\/media?parent=394155"}],"wp:term":[{"taxonomy":"category","embeddable":true,"href":"https:\/\/www.europesays.com\/fr\/wp-json\/wp\/v2\/categories?post=394155"},{"taxonomy":"post_tag","embeddable":true,"href":"https:\/\/www.europesays.com\/fr\/wp-json\/wp\/v2\/tags?post=394155"}],"curies":[{"name":"wp","href":"https:\/\/api.w.org\/{rel}","templated":true}]}}