{"id":394187,"date":"2025-09-16T04:10:13","date_gmt":"2025-09-16T04:10:13","guid":{"rendered":"https:\/\/www.europesays.com\/fr\/394187\/"},"modified":"2025-09-16T04:10:13","modified_gmt":"2025-09-16T04:10:13","slug":"donald-trump-signe-un-decret-pour-deployer-la-garde-nationale-a-memphis","status":"publish","type":"post","link":"https:\/\/www.europesays.com\/fr\/394187\/","title":{"rendered":"Donald Trump signe un d\u00e9cret pour d\u00e9ployer la Garde nationale \u00e0 Memphis"},"content":{"rendered":"<p class=\"article-p mdl\">La semaine pass\u00e9e, Donald Trump annon\u00e7ait vouloir d\u00e9ployer les militaires de la Garde nationale \u00e0 Memphis, dans le Tennessee, <strong>afin de lutter contre la criminalit\u00e9<\/strong>, comme il\u00a0<a class=\"link\" href=\"https:\/\/www.rtl.fr\/actu\/international\/californie-donald-trump-deploie-la-garde-nationale-apres-des-manifestations-anti-expulsions-7900513366\" target=\"_blank\" rel=\"noopener\">l&rsquo;avait auparavant fait \u00e0 Los Angeles<\/a>\u00a0(Californie) en juin puis \u00e0 Washington, DC, en ao\u00fbt. Ce lundi 15 septembre, le 47e pr\u00e9sident des Etats-Unis\u00a0<a class=\"link\" href=\"https:\/\/www.rtl.fr\/actu\/international\/etats-unis-apres-washington-donald-trump-veut-deployer-la-garde-nationale-a-memphis-7900540802\" target=\"_blank\" rel=\"noopener\">a officialis\u00e9 cette d\u00e9cision<\/a>\u00a0en signant le d\u00e9cret pr\u00e9sidentiel permettant ce d\u00e9ploiement.<\/p>\n<p class=\"article-p mdl\">L&rsquo;op\u00e9ration \u00ab\u00a0comprendra la Garde nationale, le FBI\u00a0\u00bb et d&rsquo;autres agences f\u00e9d\u00e9rales, a d\u00e9clar\u00e9 le locataire de la Maison Blanche lors d&rsquo;une c\u00e9r\u00e9monie. Il a affirm\u00e9 que cette op\u00e9ration serait une \u00ab\u00a0r\u00e9plique\u00a0\u00bb\u00a0<a class=\"link\" href=\"https:\/\/www.rtl.fr\/actu\/international\/les-infos-6h-trump-deploie-la-garde-nationale-a-washington-autorisee-a-patrouiller-armee-malgre-l-opposition-massive-de-ses-habitants-7900533998\" target=\"_blank\" rel=\"noopener\">de celle r\u00e9alis\u00e9e \u00e0 Washington<\/a>, <strong>malgr\u00e9 les critiques des d\u00e9mocrates<\/strong> qui l&rsquo;accusent de d\u00e9rive autoritaire et de militariser les questions de s\u00e9curit\u00e9 publique. Son objectif \u00e9tait, \u00e0 Washington, de nettoyer la capitale am\u00e9ricaine qu\u2019il estime envahie par les gangs, alors m\u00eame que la criminalit\u00e9 est au plus bas depuis des d\u00e9cennies.<\/p>\n<p class=\"article-p mdl\">Ville \u00e0 majorit\u00e9 noire, Memphis est dirig\u00e9e par le maire d\u00e9mocrate Paul Young, dans un Etat du Tennessee tenu lui par le gouverneur r\u00e9publicain Bill Lee. En apprenant la volont\u00e9 de Donald Trump de d\u00e9ployer ces forces arm\u00e9es, Paul Young a fait savoir que le pr\u00e9sident\u00a0<a class=\"link\" href=\"https:\/\/www.youtube.com\/@ABC24Memphis\" target=\"_blank\" rel=\"noopener\">ne lui avait pas demand\u00e9 son avis<\/a>\u00a0et qu&rsquo;il <strong>ne supportait pas sa d\u00e9cision<\/strong>.<\/p>\n<p class=\"article-p mdl\">Memphis est donc une nouvelle ville d\u00e9mocrate de plus \u00e0 laquelle Donald Trump s&rsquo;attaque. Et <strong>ce ne sera certainement pas la derni\u00e8re<\/strong>. \u00ab\u00a0On va probablement s&rsquo;occuper de Chicago ensuite\u00a0\u00bb, a partag\u00e9 le pr\u00e9sident am\u00e9ricain.<\/p>\n<p>    La r\u00e9daction vous recommande<\/p>\n<p class=\"s-newsletter__title\">\n                L\u2019actualit\u00e9 par la r\u00e9daction de RTL dans votre bo\u00eete mail.\n            <\/p>\n<p class=\"s-newsletter__subtitle\">\n                Gr\u00e2ce \u00e0 votre compte RTL abonnez-vous \u00e0 la newsletter RTL info pour suivre toute l&rsquo;actualit\u00e9 au quotidien\n            <\/p>\n<p>\n                                    Lire la suite\n                                <\/p>\n","protected":false},"excerpt":{"rendered":"La semaine pass\u00e9e, Donald Trump annon\u00e7ait vouloir d\u00e9ployer les militaires de la Garde nationale \u00e0 Memphis, dans le&hellip;\n","protected":false},"author":2,"featured_media":394188,"comment_status":"","ping_status":"","sticky":false,"template":"","format":"standard","meta":{"footnotes":""},"categories":[1589],"tags":[11,39359,75,73,1866,107,12,1203,1864,1865,1863,308],"class_list":{"0":"post-394187","1":"post","2":"type-post","3":"status-publish","4":"format-standard","5":"has-post-thumbnail","7":"category-etats-unis","8":"tag-actualites","9":"tag-criminels","10":"tag-donald-trump","11":"tag-etats-unis","12":"tag-etats-unis-damerique","13":"tag-fil-info","14":"tag-news","15":"tag-parti-democrate","16":"tag-united-states","17":"tag-united-states-of-america","18":"tag-us","19":"tag-usa"},"share_on_mastodon":{"url":"https:\/\/pubeurope.com\/@fr\/115212020813975605","error":""},"_links":{"self":[{"href":"https:\/\/www.europesays.com\/fr\/wp-json\/wp\/v2\/posts\/394187","targetHints":{"allow":["GET"]}}],"collection":[{"href":"https:\/\/www.europesays.com\/fr\/wp-json\/wp\/v2\/posts"}],"about":[{"href":"https:\/\/www.europesays.com\/fr\/wp-json\/wp\/v2\/types\/post"}],"author":[{"embeddable":true,"href":"https:\/\/www.europesays.com\/fr\/wp-json\/wp\/v2\/users\/2"}],"replies":[{"embeddable":true,"href":"https:\/\/www.europesays.com\/fr\/wp-json\/wp\/v2\/comments?post=394187"}],"version-history":[{"count":0,"href":"https:\/\/www.europesays.com\/fr\/wp-json\/wp\/v2\/posts\/394187\/revisions"}],"wp:featuredmedia":[{"embeddable":true,"href":"https:\/\/www.europesays.com\/fr\/wp-json\/wp\/v2\/media\/394188"}],"wp:attachment":[{"href":"https:\/\/www.europesays.com\/fr\/wp-json\/wp\/v2\/media?parent=394187"}],"wp:term":[{"taxonomy":"category","embeddable":true,"href":"https:\/\/www.europesays.com\/fr\/wp-json\/wp\/v2\/categories?post=394187"},{"taxonomy":"post_tag","embeddable":true,"href":"https:\/\/www.europesays.com\/fr\/wp-json\/wp\/v2\/tags?post=394187"}],"curies":[{"name":"wp","href":"https:\/\/api.w.org\/{rel}","templated":true}]}}