{"id":394197,"date":"2025-09-16T04:15:15","date_gmt":"2025-09-16T04:15:15","guid":{"rendered":"https:\/\/www.europesays.com\/fr\/394197\/"},"modified":"2025-09-16T04:15:15","modified_gmt":"2025-09-16T04:15:15","slug":"coupe-du-monde-feminine-axelle-berthoumieu-lourdement-sanctionnee-apres-sa-morsure","status":"publish","type":"post","link":"https:\/\/www.europesays.com\/fr\/394197\/","title":{"rendered":"Coupe du monde f\u00e9minine. Axelle Berthoumieu lourdement sanctionn\u00e9e apr\u00e8s sa morsure"},"content":{"rendered":"<p>            Par<br \/>\n        <strong><br \/>\n            <a href=\"https:\/\/actu.fr\/auteur\/emilie-dudonfournier\" title=\"Consulter tous les articles de Emilie Dudon-Fournier\" target=\"_blank\" rel=\"noopener\">Emilie Dudon-Fournier<\/a><br \/>\n        <\/strong><\/p>\n<p>        Publi\u00e9 le<\/p>\n<p>            15 sept. 2025 \u00e0 20h58        <\/p>\n<p>On s\u2019en doutait, au vu des images qui tournent en boucle sur les r\u00e9seaux sociaux depuis dimanche apr\u00e8s-midi\u2026 Reconnue coupable de morsure lors du quart de finale contre l\u2019Irlande (18-13) par une commission ind\u00e9pendante charg\u00e9e d\u2019examiner le jeu d\u00e9loyal, <strong>la troisi\u00e8me ligne du XV de France f\u00e9minin Axelle Berthoumieu a \u00e9cop\u00e9 de 12 semaines de suspension.<\/strong> Sa <a href=\"https:\/\/actu.fr\/rugby\/coupe-du-monde\" target=\"_blank\" rel=\"noopener\">Coupe du monde<\/a> est donc termin\u00e9e : elle ne pourra pas jouer la demi-finale contre l\u2019Angleterre samedi \u00e0 Bristol, ni la finale ou le match pour la troisi\u00e8me place la semaine prochaine. En principe, elle ne devrait pas rejouer avant mars 2026.<\/p>\n<p>La gravit\u00e9 du geste consid\u00e9r\u00e9e \u00ab\u00a0moyenne\u00a0\u00bb<\/p>\n<p class=\" wall-content\">World Rugby pr\u00e9voit quatre niveaux de sanctions dans <a href=\"https:\/\/passport.world.rugby\/fr\/personnel-du-jour-de-match\/formation-du-commissaire-a-la-citation\/annexes\/annexe-2-sanctions-de-world-rugby-pour-jeu-deloyal-reglement-17\/\" target=\"_blank\" rel=\"noopener\">une annexe du R\u00e8glement 17 \u00a0\u00bb Discipline \u2013 jeu d\u00e9loyal\u00a0\u00bb<\/a> allant de 12 semaines pour un \u00ab\u00a0degr\u00e9 faible\u00a0\u00bb, 18 semaines pour un \u00ab\u00a0degr\u00e9 moyen\u00a0\u00bb, 24 semaines et plus pour un \u00ab\u00a0degr\u00e9 sup\u00e9rieur\u00a0\u00bb et un maximum de 208 semaines. La future joueuse des Lionnes de Bordeaux, qui avait particip\u00e9 \u00e0 tous les matchs des Bleues durant cette Coupe du monde, va donc aussi devoir attendre pour d\u00e9buter sa saison avec son nouveau club.<\/p>\n<p class=\" wall-content\">\n<p>L\u2019arbitre avertie de la morsure par la capitaine irlandaise<\/p>\n<p class=\" wall-content\">Les Irlandaises n\u2019avaient pas cach\u00e9 leur col\u00e8re \u00e0 la sortie de leur d\u00e9faite. La capitaine de l\u2019\u00e9quipe d\u2019Irlande <strong>Sam Monaghan avait indiqu\u00e9, apr\u00e8s le match, avoir signal\u00e9 le mauvais geste \u00e0 l\u2019arbitre de la rencontre,<\/strong> Aimee Barrett-Theron. \u00ab\u00a0L\u2019arbitre vid\u00e9o va v\u00e9rifier s\u2019il y a eu morsure. Je n\u2019ai rien vu sur le moment\u00a0\u00bb, aurait r\u00e9pondu l\u2019arbitre sud-africaine. \u00ab\u00a0\u00c7a a \u00e9t\u00e9 dit sur le moment. \u00c7a n\u2019a pas \u00e9t\u00e9 pris en compte et on ne peut rien y faire\u00a0\u00bb, avait d\u00e9plor\u00e9 l\u2019arri\u00e8re du Tr\u00e8fle Stacey Flood devant les journalistes. \u00ab\u00a0Il fallait juste rester concentr\u00e9es sur notre match et faire ce qu\u2019on avait \u00e0 faire.\u00a0\u00bb<\/p>\n<p>Berthoumieu a plaid\u00e9 coupable<\/p>\n<p class=\" wall-content\">Ce lundi 15 septembre, la commission ind\u00e9pendante d\u2019examen du jeu d\u00e9loyal (FPRC) a propos\u00e9, comme il est d\u00e9sormais possible conform\u00e9ment \u00e0 l\u2019annexe 1 du r\u00e8glement 17, une sanction de 12 matchs \u00e0 Berthoumieu.\u00a0<\/p>\n<p class=\" wall-content\">La 3e ligne tricolore a reconnu avoir commis une faute et que la citation \u00e9tait justifi\u00e9e. Sur la base de toutes les preuves dont elle disposait, la commission a d\u00e9cid\u00e9 que la faute justifiait la sanction obligatoire de 18 matchs. Elle a accord\u00e9 une r\u00e9duction de 6 matchs, ce qui a abouti \u00e0 une sanction finale de 12 matchs. Bien que la joueuse ait reconnu la faute et ait exprim\u00e9 des remords, aucune circonstance att\u00e9nuante n\u2019a \u00e9t\u00e9 accord\u00e9e.<\/p>\n<p class=\" wall-content\">Axelle Berthoumieu pourra rejouer \u00e0 partir du 1er mars 2026. Toutefois, World Rugby mentionne que la sanction inflig\u00e9e fait l\u2019objet d\u2019un appel.<\/p>\n<p>La capitaine des Bleues Manae Feleu prend 3 matchs<br \/>\n    <img   decoding=\"async\" loading=\"lazy\" src=\"https:\/\/www.europesays.com\/fr\/wp-content\/uploads\/2025\/09\/manae-feleu-france-rugby-feminin-coupe-du-monde-1-960x640.jpg\" alt=\"La co-capitaine du XV de France f\u00e9minin Manae Feleu avait  d\u00e9j\u00e0 \u00e9cop\u00e9 d'un carton jaune durant ce quart de finale.\" width=\"960\" height=\"640\"\/><br \/>\n    La co-capitaine du XV de France f\u00e9minin Manae Feleu avait d\u00e9j\u00e0 \u00e9cop\u00e9 d\u2019un carton jaune durant ce quart de finale. (\u00a9Icon Sport)<\/p>\n<p class=\" wall-content\">Elle aussi cit\u00e9e pour \u00ab\u00a0plaquage dangereux\u00a0\u00bb, la co-capitaine des Bleues, <strong>Manae Feleu a pour sa part \u00e9cop\u00e9e de 3 matchs de suspension <\/strong>(r\u00e9duite \u00e0 deux matchs en cas de r\u00e9ussite du programme d\u2019entra\u00eenement au plaquage). Sa Coupe du monde est donc termin\u00e9e.<\/p>\n<p>Votre r\u00e9gion, votre actu !<\/p>\n<p>Recevez chaque jour les infos qui comptent pour vous.<\/p>\n<p>\t<a href=\"https:\/\/actu.fr\/newsletter\" class=\"ac-btn ac-btn--corner ac-btn--medium ac-btn--blue800\" target=\"_blank\" rel=\"noopener\">S&rsquo;incrire<\/a><\/p>\n<p class=\" wall-content\">La deuxi\u00e8me ligne avait d\u00e9j\u00e0 \u00e9t\u00e9 sanctionn\u00e9e d\u2019un carton jaune et expuls\u00e9e 10 minutes durant la rencontre apr\u00e8s avoir \u00e9croul\u00e9 un maul en fin de premi\u00e8re mi-temps. L\u00e0, l\u2019action en question s\u2019est d\u00e9roul\u00e9e \u00e0 la 79e minute.<\/p>\n<p class=\" wall-content\">Feleu n\u2019a toutefois pas accept\u00e9 la sanction propos\u00e9e par la FPRC (commission ind\u00e9pendante d\u2019examen du jeu d\u00e9loyal) et son appel sera examin\u00e9 ce mardi par une commission disciplinaire.<\/p>\n<p class=\" wall-content\">Personnalisez votre actualit\u00e9 en ajoutant vos villes et m\u00e9dias en favori avec <a href=\"https:\/\/moncompte.actu.fr\" title=\"D\u00e9couvez Mon Actu\" rel=\"nofollow noopener\" data-trk=\"{&quot;cta&quot;:{&quot;action&quot;:&quot;https:\\\/\\\/moncompte.actu.fr&quot;,&quot;category&quot;:&quot;mon compte&quot;,&quot;from&quot;:&quot;article footer&quot;,&quot;name&quot;:&quot;Mon actu&quot;,&quot;type&quot;:&quot;cta&quot;}}\" target=\"_blank\">Mon Actu<\/a>.<\/p>\n","protected":false},"excerpt":{"rendered":"Par Emilie Dudon-Fournier Publi\u00e9 le 15 sept. 2025 \u00e0 20h58 On s\u2019en doutait, au vu des images qui&hellip;\n","protected":false},"author":2,"featured_media":394198,"comment_status":"","ping_status":"","sticky":false,"template":"","format":"standard","meta":{"footnotes":""},"categories":[2],"tags":[11,451,12300,1011,27,12,25,479,12042,60,513],"class_list":{"0":"post-394197","1":"post","2":"type-post","3":"status-publish","4":"format-standard","5":"has-post-thumbnail","7":"category-actualites","8":"tag-actualites","9":"tag-coupe-du-monde","10":"tag-feminines","11":"tag-fr","12":"tag-france","13":"tag-news","14":"tag-republique-francaise","15":"tag-rugby","16":"tag-rugby-feminin","17":"tag-sports","18":"tag-xv-de-france"},"share_on_mastodon":{"url":"https:\/\/pubeurope.com\/@fr\/115212040630531504","error":""},"_links":{"self":[{"href":"https:\/\/www.europesays.com\/fr\/wp-json\/wp\/v2\/posts\/394197","targetHints":{"allow":["GET"]}}],"collection":[{"href":"https:\/\/www.europesays.com\/fr\/wp-json\/wp\/v2\/posts"}],"about":[{"href":"https:\/\/www.europesays.com\/fr\/wp-json\/wp\/v2\/types\/post"}],"author":[{"embeddable":true,"href":"https:\/\/www.europesays.com\/fr\/wp-json\/wp\/v2\/users\/2"}],"replies":[{"embeddable":true,"href":"https:\/\/www.europesays.com\/fr\/wp-json\/wp\/v2\/comments?post=394197"}],"version-history":[{"count":0,"href":"https:\/\/www.europesays.com\/fr\/wp-json\/wp\/v2\/posts\/394197\/revisions"}],"wp:featuredmedia":[{"embeddable":true,"href":"https:\/\/www.europesays.com\/fr\/wp-json\/wp\/v2\/media\/394198"}],"wp:attachment":[{"href":"https:\/\/www.europesays.com\/fr\/wp-json\/wp\/v2\/media?parent=394197"}],"wp:term":[{"taxonomy":"category","embeddable":true,"href":"https:\/\/www.europesays.com\/fr\/wp-json\/wp\/v2\/categories?post=394197"},{"taxonomy":"post_tag","embeddable":true,"href":"https:\/\/www.europesays.com\/fr\/wp-json\/wp\/v2\/tags?post=394197"}],"curies":[{"name":"wp","href":"https:\/\/api.w.org\/{rel}","templated":true}]}}