{"id":394204,"date":"2025-09-16T04:21:24","date_gmt":"2025-09-16T04:21:24","guid":{"rendered":"https:\/\/www.europesays.com\/fr\/394204\/"},"modified":"2025-09-16T04:21:24","modified_gmt":"2025-09-16T04:21:24","slug":"coupe-davis-le-maroc-valide-son-billet-pour-les-play-offs-du-groupe-mondial-i","status":"publish","type":"post","link":"https:\/\/www.europesays.com\/fr\/394204\/","title":{"rendered":"Coupe Davis. Le Maroc valide son billet pour les play-offs du Groupe Mondial I"},"content":{"rendered":"<p>Le Maroc a fait un pas d\u00e9cisif vers les play-offs du Groupe Mondial I de la Coupe Davis en s\u2019imposant 4-1 face \u00e0 l\u2019Afrique du Sud, lors du duel du Groupe Mondial II disput\u00e9 les 13 et 14 septembre \u00e0 Pretoria.<\/p>\n<p>D\u00e8s la premi\u00e8re journ\u00e9e, les Marocains ont impos\u00e9 leur rythme. Yassine Dlimi et Taha Baadi ont remport\u00e9 leurs simples, offrant au Maroc une avance cruciale de 2-0.<\/p>\n<p>Le lendemain, <a href=\"https:\/\/www.instagram.com\/taha__.bd\/?hl=en&amp;utm_source=chatgpt.com\" target=\"_blank\" rel=\"noopener\">Taha Baadi<\/a> a confirm\u00e9 sa forme exceptionnelle en battant Connor Roig (6-3, 6-2), scellant la qualification. Karim Bennani a ensuite conclu la rencontre sur un score sans appel en dominant Leo Matthysen (6-1, 6-2).<\/p>\n<p>En double, la paire Yassine Dlimi \u2013 Younes Lalami Laaroussi a c\u00e9d\u00e9 de justesse face \u00e0 Alec Beckley et Thando Longwe-Smit (7-6, 3-6, 7-6), mais le suspense \u00e9tait d\u00e9j\u00e0 derri\u00e8re le Maroc, assur\u00e9 de sa place en play-offs.<\/p>\n<p>Cr\u00e9\u00e9e en 1900 par Dwight Davis, la <a href=\"https:\/\/www.lecourrierdelatlas.com\/?s=Coupe+Davis\" target=\"_blank\" rel=\"noopener\">Coupe Davis<\/a> est le tournoi international annuel de tennis masculin par nations, organis\u00e9 par la F\u00e9d\u00e9ration internationale de tennis (ITF).<\/p>\n<p>Depuis 2019, son format a \u00e9t\u00e9 modernis\u00e9 : une phase de groupes en septembre dans plusieurs villes europ\u00e9ennes, suivie d\u2019une phase \u00e0 \u00e9limination directe en novembre r\u00e9unissant les huit meilleures \u00e9quipes dans un lieu unique.<\/p>\n<p>\u00a0<\/p>\n<p><script async src=\"\/\/www.instagram.com\/embed.js\"><\/script><\/p>\n","protected":false},"excerpt":{"rendered":"Le Maroc a fait un pas d\u00e9cisif vers les play-offs du Groupe Mondial I de la Coupe Davis&hellip;\n","protected":false},"author":2,"featured_media":394205,"comment_status":"","ping_status":"","sticky":false,"template":"","format":"standard","meta":{"footnotes":""},"categories":[1415],"tags":[4178,1011,27,60,1467],"class_list":{"0":"post-394204","1":"post","2":"type-post","3":"status-publish","4":"format-standard","5":"has-post-thumbnail","7":"category-tennis","8":"tag-coupe-davis","9":"tag-fr","10":"tag-france","11":"tag-sports","12":"tag-tennis"},"share_on_mastodon":{"url":"https:\/\/pubeurope.com\/@fr\/115212064065374646","error":""},"_links":{"self":[{"href":"https:\/\/www.europesays.com\/fr\/wp-json\/wp\/v2\/posts\/394204","targetHints":{"allow":["GET"]}}],"collection":[{"href":"https:\/\/www.europesays.com\/fr\/wp-json\/wp\/v2\/posts"}],"about":[{"href":"https:\/\/www.europesays.com\/fr\/wp-json\/wp\/v2\/types\/post"}],"author":[{"embeddable":true,"href":"https:\/\/www.europesays.com\/fr\/wp-json\/wp\/v2\/users\/2"}],"replies":[{"embeddable":true,"href":"https:\/\/www.europesays.com\/fr\/wp-json\/wp\/v2\/comments?post=394204"}],"version-history":[{"count":0,"href":"https:\/\/www.europesays.com\/fr\/wp-json\/wp\/v2\/posts\/394204\/revisions"}],"wp:featuredmedia":[{"embeddable":true,"href":"https:\/\/www.europesays.com\/fr\/wp-json\/wp\/v2\/media\/394205"}],"wp:attachment":[{"href":"https:\/\/www.europesays.com\/fr\/wp-json\/wp\/v2\/media?parent=394204"}],"wp:term":[{"taxonomy":"category","embeddable":true,"href":"https:\/\/www.europesays.com\/fr\/wp-json\/wp\/v2\/categories?post=394204"},{"taxonomy":"post_tag","embeddable":true,"href":"https:\/\/www.europesays.com\/fr\/wp-json\/wp\/v2\/tags?post=394204"}],"curies":[{"name":"wp","href":"https:\/\/api.w.org\/{rel}","templated":true}]}}