{"id":394206,"date":"2025-09-16T04:23:12","date_gmt":"2025-09-16T04:23:12","guid":{"rendered":"https:\/\/www.europesays.com\/fr\/394206\/"},"modified":"2025-09-16T04:23:12","modified_gmt":"2025-09-16T04:23:12","slug":"laveu-de-jorge-martin-au-sujet-de-sa-machine","status":"publish","type":"post","link":"https:\/\/www.europesays.com\/fr\/394206\/","title":{"rendered":"l&rsquo;aveu de Jorge Mart\u00edn au sujet de sa machine"},"content":{"rendered":"<p>Jorge Mart\u00edn a v\u00e9cu un Grand Prix de Saint-Marin bien difficile. Le pilote espagnol, plus que jamais proche de perdre son titre de champion du monde \u00e9tant donn\u00e9 que Marc M\u00e1rquez pourrait \u00eatre sacr\u00e9 au Japon dans deux semaines, a pris la parole apr\u00e8s la course \u00e0 Misano. Arriv\u00e9 avec pr\u00e8s de 30 secondes de retard sur Marc M\u00e1rquez et Marco Bezzecchi, les deux premiers du jour, Jorge Mart\u00edn a \u00e9voqu\u00e9 la performance de son co\u00e9quipier italien chez Aprilia et le fait que celui-ci ait r\u00e9ussi \u00e0 bien dominer sa machine.<\/p>\n<p>L&rsquo;aveu de Jorge Mart\u00edn<\/p>\n<p>Tandis que Bezzecchi a pris la lumi\u00e8re \u00e0 Misano, Mart\u00edn a fait comprendre qu&rsquo;il veut tout donner pour arriver au m\u00eame niveau que son co\u00e9quipier prochainement. \u00ab\u00a0On peut voir les choses de deux mani\u00e8res. Soit on se dit : \u00ab\u00a0Oh merde, mon co\u00e9quipier me bat\u00a0\u00bb, soit on se dit : \u00ab\u00a0OK, l\u2019Aprilia fonctionne, Marco a trouv\u00e9 le moyen de la faire fonctionner et je peux y arriver.\u00a0\u00bb Je suis serein. Marco est tr\u00e8s comp\u00e9titif, il a fait un progr\u00e8s incroyable en tant que pilote. Je dois poursuivre sur ma lanc\u00e9e. Je sais que le test de lundi sera tr\u00e8s important, le premier officiel avec Aprilia. L\u00e0, je pourrai essayer, jouer, voir jusqu\u2019o\u00f9 je peux modifier les r\u00e9glages de la moto pour me rapprocher de lui\u00a0\u00bb, a indiqu\u00e9 l&rsquo;Espagnol, qui reste confiant en vue du futur.<\/p>\n<p>    Partagez cette info avec vos amis et vos proches en cliquant ici  <\/p>\n<p> Podcasts \u00e0 la une MEN LIFE <\/p>\n<p>    Pour r\u00e9sumer<\/p>\n<p>Jorge Mart\u00edn a v\u00e9cu un Grand Prix de Saint-Marin bien difficile. Le pilote espagnol, plus que jamais proche de perdre son titre de champion du monde \u00e9tant donn\u00e9 que Marc M\u00e1rquez pourrait \u00eatre sacr\u00e9 au Japon dans deux semaines, a pris la parole apr\u00e8s la course \u00e0 Misano.<\/p>\n<p>R\u00e9dacteur<\/p>\n<p><img decoding=\"async\" width=\"76\" height=\"76\" loading=\"lazy\" src=\"https:\/\/www.europesays.com\/fr\/wp-content\/uploads\/2025\/04\/logo-victor-willems.jpg\" alt=\"Victor Willems\"\/><\/p>\n","protected":false},"excerpt":{"rendered":"Jorge Mart\u00edn a v\u00e9cu un Grand Prix de Saint-Marin bien difficile. Le pilote espagnol, plus que jamais proche&hellip;\n","protected":false},"author":2,"featured_media":394207,"comment_status":"","ping_status":"","sticky":false,"template":"","format":"standard","meta":{"footnotes":""},"categories":[1413],"tags":[1011,27,1457,1456,60],"class_list":{"0":"post-394206","1":"post","2":"type-post","3":"status-publish","4":"format-standard","5":"has-post-thumbnail","7":"category-moto","8":"tag-fr","9":"tag-france","10":"tag-moto","11":"tag-motocycle","12":"tag-sports"},"share_on_mastodon":{"url":"https:\/\/pubeurope.com\/@fr\/115212072439719716","error":""},"_links":{"self":[{"href":"https:\/\/www.europesays.com\/fr\/wp-json\/wp\/v2\/posts\/394206","targetHints":{"allow":["GET"]}}],"collection":[{"href":"https:\/\/www.europesays.com\/fr\/wp-json\/wp\/v2\/posts"}],"about":[{"href":"https:\/\/www.europesays.com\/fr\/wp-json\/wp\/v2\/types\/post"}],"author":[{"embeddable":true,"href":"https:\/\/www.europesays.com\/fr\/wp-json\/wp\/v2\/users\/2"}],"replies":[{"embeddable":true,"href":"https:\/\/www.europesays.com\/fr\/wp-json\/wp\/v2\/comments?post=394206"}],"version-history":[{"count":0,"href":"https:\/\/www.europesays.com\/fr\/wp-json\/wp\/v2\/posts\/394206\/revisions"}],"wp:featuredmedia":[{"embeddable":true,"href":"https:\/\/www.europesays.com\/fr\/wp-json\/wp\/v2\/media\/394207"}],"wp:attachment":[{"href":"https:\/\/www.europesays.com\/fr\/wp-json\/wp\/v2\/media?parent=394206"}],"wp:term":[{"taxonomy":"category","embeddable":true,"href":"https:\/\/www.europesays.com\/fr\/wp-json\/wp\/v2\/categories?post=394206"},{"taxonomy":"post_tag","embeddable":true,"href":"https:\/\/www.europesays.com\/fr\/wp-json\/wp\/v2\/tags?post=394206"}],"curies":[{"name":"wp","href":"https:\/\/api.w.org\/{rel}","templated":true}]}}