{"id":394208,"date":"2025-09-16T04:24:10","date_gmt":"2025-09-16T04:24:10","guid":{"rendered":"https:\/\/www.europesays.com\/fr\/394208\/"},"modified":"2025-09-16T04:24:10","modified_gmt":"2025-09-16T04:24:10","slug":"gp-de-saint-marin-2025-le-resume-de-michelin","status":"publish","type":"post","link":"https:\/\/www.europesays.com\/fr\/394208\/","title":{"rendered":"GP de Saint-Marin 2025, le r\u00e9sum\u00e9 de Michelin"},"content":{"rendered":"<p style=\"text-align: justify;\"><strong>Marco Bezzecchi a failli faire le week-end parfait. Auteur de la pole position, il s&rsquo;impose le samedi avant de c\u00e9der la victoire \u00e0 Marc M\u00e1rquez le dimanche.<\/strong><\/p>\n<p style=\"text-align: justify;\">Le pneu medium s\u2019est impos\u00e9 comme la r\u00e9f\u00e9rence \u00e0 l\u2019avant comme \u00e0 l\u2019arri\u00e8re, garantissant stabilit\u00e9, r\u00e9gularit\u00e9 et constance sur la dur\u00e9e du Grand Prix. Les pneus arri\u00e8re ont eu des propri\u00e9t\u00e9s diff\u00e9rentes. Le tendre a \u00e9t\u00e9 dominant et spectaculaire en Sprint et le medium incontournable en course longue, avec des chronos records et une bagarre intense pour la victoire.<\/p>\n<p style=\"text-align: justify;\">Marco Bezzecchi a sign\u00e9 <a href=\"https:\/\/franceracing.fr\/moto-gp\/gp-de-saint-marin-2025-qualifs-marco-bezzecchi-prend-la-pole-position\/\" target=\"_blank\" rel=\"noopener\">la pole position<\/a> sur le circuit de Misano. Il s&rsquo;impose <a href=\"https:\/\/franceracing.fr\/moto-gp\/gp-de-saint-marin-2025-sprint-marco-bezzechi-simpose-marc-marquez-chute\/\" target=\"_blank\" rel=\"noopener\">le samedi<\/a> suite \u00e0 la chute de Marc M\u00e1rquez. Le dimanche, le pilote espagnol a pris sa revanche et s&rsquo;est impos\u00e9 \u00e0 l&rsquo;occasion du <a href=\"https:\/\/franceracing.fr\/moto-gp\/gp-de-saint-marin-2025-course-marc-marquez-resiste-a-marco-bezzecchi\/\" target=\"_blank\" rel=\"noopener\">Grand Prix de Saint-Marin<\/a>.<\/p>\n<p>Un week-end riche \u00e0 Misano pour Michelin<\/p>\n<blockquote>\n<p style=\"text-align: justify;\">\u00ab\u00a0Nous avons v\u00e9cu un week-end tr\u00e8s riche sur le plan technique et sportif. D\u00e8s vendredi, les pilotes ont confirm\u00e9 que notre allocation r\u00e9pondait parfaitement aux sp\u00e9cificit\u00e9s de Misano, un trac\u00e9 exigeant pour l\u2019avant et qui demande un arri\u00e8re \u00e0 la fois constant et pr\u00e9cis. Comme souvent ici, le Medium avant s\u2019est impos\u00e9 naturellement : il combine stabilit\u00e9 au freinage, confiance dans les entr\u00e9es rapides et une bonne dur\u00e9e de vie sur l\u2019ensemble des s\u00e9ances. \u00c0 l\u2019arri\u00e8re, nous avons vu une logique d\u2019opposition entre le Soft, qui procure beaucoup de grip mais rend la moto plus nerveuse, et le Medium, qui apporte plus de s\u00e9r\u00e9nit\u00e9 et de r\u00e9gularit\u00e9. La Sprint de samedi a montr\u00e9 les avantages du Soft dans un format court, m\u00eame si plusieurs pilotes ont not\u00e9 un avant plus l\u00e9ger ou quelques vibrations li\u00e9es \u00e0 l\u2019adh\u00e9rence \u00e9lev\u00e9e. Dimanche, sur 27 tours, la quasitotalit\u00e9 du plateau a bascul\u00e9 sur le Medium arri\u00e8re, et les r\u00e9sultats parlent d\u2019eux-m\u00eames : constance des chronos et une bagarre de haut niveau pour la victoire. Ces \u00e9l\u00e9ments confirment que nous avons trouv\u00e9 le bon compromis entre grip, stabilit\u00e9 et constance, et c\u2019est une satisfaction pour toute l\u2019\u00e9quipe. La capacit\u00e9 de nos pneus \u00e0 s\u2019adapter \u00e0 des conditions changeantes \u2013 grip tr\u00e8s \u00e9lev\u00e9 samedi, piste l\u00e9g\u00e8rement lav\u00e9e dimanche matin \u2013 illustre la solidit\u00e9 de la gamme. Nous repartons avec beaucoup d\u2019enseignements positifs pour la suite de la saison\u00a0\u00bb, d\u00e9clare Piero Taramasso, manager de la comp\u00e9tition deux-roues de Michelin.<\/p>\n<\/blockquote>\n","protected":false},"excerpt":{"rendered":"Marco Bezzecchi a failli faire le week-end parfait. Auteur de la pole position, il s&rsquo;impose le samedi avant&hellip;\n","protected":false},"author":2,"featured_media":394209,"comment_status":"","ping_status":"","sticky":false,"template":"","format":"standard","meta":{"footnotes":""},"categories":[1412],"tags":[1451,1452,1453,1454,1455,1011,27,60],"class_list":{"0":"post-394208","1":"post","2":"type-post","3":"status-publish","4":"format-standard","5":"has-post-thumbnail","7":"category-f1","8":"tag-f1","9":"tag-formula-1","10":"tag-formula1","11":"tag-formule-1","12":"tag-formule1","13":"tag-fr","14":"tag-france","15":"tag-sports"},"share_on_mastodon":{"url":"https:\/\/pubeurope.com\/@fr\/115212075875068944","error":""},"_links":{"self":[{"href":"https:\/\/www.europesays.com\/fr\/wp-json\/wp\/v2\/posts\/394208","targetHints":{"allow":["GET"]}}],"collection":[{"href":"https:\/\/www.europesays.com\/fr\/wp-json\/wp\/v2\/posts"}],"about":[{"href":"https:\/\/www.europesays.com\/fr\/wp-json\/wp\/v2\/types\/post"}],"author":[{"embeddable":true,"href":"https:\/\/www.europesays.com\/fr\/wp-json\/wp\/v2\/users\/2"}],"replies":[{"embeddable":true,"href":"https:\/\/www.europesays.com\/fr\/wp-json\/wp\/v2\/comments?post=394208"}],"version-history":[{"count":0,"href":"https:\/\/www.europesays.com\/fr\/wp-json\/wp\/v2\/posts\/394208\/revisions"}],"wp:featuredmedia":[{"embeddable":true,"href":"https:\/\/www.europesays.com\/fr\/wp-json\/wp\/v2\/media\/394209"}],"wp:attachment":[{"href":"https:\/\/www.europesays.com\/fr\/wp-json\/wp\/v2\/media?parent=394208"}],"wp:term":[{"taxonomy":"category","embeddable":true,"href":"https:\/\/www.europesays.com\/fr\/wp-json\/wp\/v2\/categories?post=394208"},{"taxonomy":"post_tag","embeddable":true,"href":"https:\/\/www.europesays.com\/fr\/wp-json\/wp\/v2\/tags?post=394208"}],"curies":[{"name":"wp","href":"https:\/\/api.w.org\/{rel}","templated":true}]}}