{"id":394214,"date":"2025-09-16T04:27:10","date_gmt":"2025-09-16T04:27:10","guid":{"rendered":"https:\/\/www.europesays.com\/fr\/394214\/"},"modified":"2025-09-16T04:27:10","modified_gmt":"2025-09-16T04:27:10","slug":"gilles-verdez-et-matthieu-delormeau-en-froid-apres-de-grav","status":"publish","type":"post","link":"https:\/\/www.europesays.com\/fr\/394214\/","title":{"rendered":"Gilles Verdez et Matthieu Delormeau en froid apr\u00e8s de grav &#8230;"},"content":{"rendered":"<p>EN BREF<\/p>\n<ul class=\"bloc_resume_post_list\">\n<li>Le 1er septembre, Matthieu Delormeau revient \u00e0 TBT9,<br \/>\ncr\u00e9ant des tensions avec Gilles Verdez, accus\u00e9<br \/>\nd\u00a0\u00bbhomophobie.<\/li>\n<li>Matthieu Delormeau publie des accusations graves contre<br \/>\nGilles Verdez, puis les retire et pr\u00e9sente ses excuses le 15<br \/>\nseptembre.<\/li>\n<li>Les tensions entre les chroniqueurs de TBT9 pourraient<br \/>\n\u00e9voluer vers une r\u00e9conciliation inattendue.<\/li>\n<\/ul>\n<p>Ces derniers jours, de vives tensions ont \u00e9clat\u00e9 entre des<br \/>\nchroniqueurs de Tout beau, tout n9uf. <strong>Matthieu<br \/>\nDelormeau<\/strong>\u00a0a\u00a0d\u00e9nonc\u00e9 publiquement l&rsquo;homophobie<br \/>\npr\u00e9sum\u00e9e\u00a0de\u00a0<strong>Gilles Verdez<\/strong>. \u00ab\u00a0Il est<br \/>\nhomophobe et antis\u00e9mite, qu&rsquo;il m&rsquo;attaque pour<br \/>\ndiffamation\u00a0\u00bb,\u00a0a-t-il l\u00e2ch\u00e9.<\/p>\n<p>Une <strong>pol\u00e9mique<\/strong> qui semble avoir cr\u00e9\u00e9 un froid<br \/>\nsur le plateau de TBT9, entre les deux prot\u00e9g\u00e9s de <a href=\"https:\/\/www.telestar.fr\/actu_tv\/ca-va-revenir-tres-tres-vite-cyril-hanouna-annonce-le-retour-dune-de-ses-emissions-cultes-sur-w9-1737798\" rel=\"nofollow noopener\" target=\"_blank\"><br \/>\nCyril Hanouna<\/a>. Ce 15 septembre, Matthieu Delormeau a alors<\/p>\n<p>Matthieu Delormeau : son arriv\u00e9e dans TBT9 a cr\u00e9\u00e9 des tensions<br \/>\ndans l&rsquo;\u00e9quipe<\/p>\n<p>Le 1er septembre dernier, <a href=\"https:\/\/www.telestar.fr\/people\/matthieu-delormeau-de-retour-dans-tbt9-dans-les-coulisses-ce-nest-vraiment-pas-simple-1737928\" rel=\"nofollow noopener\" target=\"_blank\"><br \/>\nMatthieu Delormeau<\/a>\u00a0a effectu\u00e9 son grand retour \u00e0 la<br \/>\nt\u00e9l\u00e9vision, dans l&rsquo;\u00e9mission\u00a0TBT9.\u00a0L\u2019arriv\u00e9e de l\u2019ancien<br \/>\nanimateur de NRJ12 a eu lieu dans <strong>atmosph\u00e8re<br \/>\n\u00e9lectrique<\/strong>\u00a0sur le plateau. Plusieurs internautes ont<br \/>\nnotamment remarqu\u00e9 que <a href=\"https:\/\/www.telestar.fr\/actu_tv\/on-marche-sur-la-tete-raymond-aabou-debarque-pour-la-derniere-de-cyril-hanouna-et-cest-genant-1728764\" rel=\"nofollow noopener\" target=\"_blank\"><br \/>\nRaymond Aabou<\/a>\u00a0paraissait tr\u00e8s distant et d\u00e9sagr\u00e9able avec<br \/>\nson nouveau coll\u00e8gue. Mais ce n\u2019est pas tout.<\/p>\n<p>Le 5 septembre dernier, sur son compte X, Matthieu Delormeau<br \/>\navait attaqu\u00e9 <a href=\"https:\/\/www.telestar.fr\/actu_tv\/gilles-verdez-absent-de-tbt9-a-cause-du-retour-de-matthieu-delormeau-cyril-hanouna-sexplique-1737970\" rel=\"nofollow noopener\" target=\"_blank\"><br \/>\nGilles Verdez<\/a> avec des accusations graves. \u00ab\u00a0Il a<br \/>\n<strong>refus\u00e9 de me saluer<\/strong> dans les loges et a reconnu<br \/>\nson homophobie\u00a0\u00bb, avait-il \u00e9crit, avant d\u2019affirmer que<br \/>\n<strong>le chroniqueur<\/strong> \u00ab\u00a0est <strong>homophobe et<br \/>\nantis\u00e9mite<\/strong>\u00ab\u00a0. L\u2019ancien animateur embl\u00e9matique a<br \/>\nensuite supprim\u00e9 ses messages. Gilles Verdez \u00e9tait ensuite absent<br \/>\ndu plateau de <a href=\"https:\/\/www.telestar.fr\/actu_tv\/tbt9-une-nouvelle-chroniqueuse-a-un-crush-et-cest-un-tres-proche-de-cyril-hanouna-1738221\" rel=\"nofollow noopener\" target=\"_blank\"><br \/>\nTBT9<\/a>, de quoi laisser penser qu\u2019une v\u00e9ritable guerre a<br \/>\n\u00e9clat\u00e9 entre les deux hommes.<\/p>\n<blockquote class=\"twitter-tweet\"><p><a class=\"twitter-link\" rel=\"noindex, nofollow noopener\" href=\"https:\/\/twitter.com\/Mdelormeau\/status\/1967584929148985371\" target=\"_blank\"><\/p><\/blockquote>\n<p>Matthieu Delormeau pr\u00e9sente ses excuses<br \/>\n\u00e0 Gilles Verdez apr\u00e8s ses propos pol\u00e9miques<\/p>\n<p>Ce 15 septembre, toujours sur X, Matthieu Delormeau a d\u00e9cid\u00e9 de<br \/>\nposter un message adress\u00e9 directement \u00e0 Gilles Verdez. \u00ab\u00a0J\u2019ai<br \/>\npost\u00e9 un message que j\u2019ai vite regrett\u00e9 concernant des accusations<br \/>\nd\u2019homophobie et d\u2019antis\u00e9mitisme \u00e0 ton encontre. C\u2019\u00e9tait infond\u00e9. Je<br \/>\nregrette profond\u00e9ment le message post\u00e9 plein de m\u00e9chancet\u00e9, moi qui<br \/>\nne fais que la condamner sur les r\u00e9seaux\u00a0\u00bb a-t-il d\u2019abord<br \/>\n\u00e9crit. Le <a href=\"https:\/\/www.telestar.fr\/people\/un-traumatisme-matthieu-delormeau-ne-digere-pas-sa-video-intime-1737785\" rel=\"nofollow noopener\" target=\"_blank\"><br \/>\nchroniqueur<\/a> a ajout\u00e9 : \u00ab\u00a0Par ailleurs, pour \u00eatre tr\u00e8s<br \/>\nhonn\u00eate tu ne m\u2019as pas dit bonjour, mais lorsque je suis venu vers<br \/>\ntoi, tu m\u2019as r\u00e9pondu. \u00c7a j\u2019aurais d\u00fb le pr\u00e9ciser. J\u2019ai r\u00e9agi face \u00e0<br \/>\nde vieilles querelles du pass\u00e9\u00a0\u00bb.<\/p>\n<p>Matthieu Delormeau a ensuite d\u00e9clar\u00e9 : \u00ab\u00a0<strong>Je retire<br \/>\nces accusations<\/strong> et surtout cher Gilles, il y a une tr\u00e8s<br \/>\njolie citation qui dit \u2018quand on n\u2019\u00e9coute quelqu\u2019un, on<br \/>\nl\u2019\u00e9coute pour le comprendre et non pour le convaincre\u2019. Je<br \/>\npense qu\u2019il faut qu\u2019on s\u2019\u00e9coute, que je t\u2019\u00e9coute et je suis<br \/>\npersuad\u00e9 qu\u2019il y a une explication \u00e0 tout. C\u2019est tellement<br \/>\n<strong>plus sympa de bien s\u2019entendre<\/strong> tous<br \/>\nensemble\u2026\u00a0\u00bb. L\u2019ancien animateur a ensuite propos\u00e9, en fin de<br \/>\nson message, \u00e0 son coll\u00e8gue de d\u00e9jeuner ensemble prochainement,<br \/>\nafin d\u2019apaiser les tensions. \u00ab\u00a0<strong>Qui sait voir un d\u00e9but<br \/>\nd\u2019amiti\u00e9 ?<\/strong>\u00a0\u00bb a-t-il ensuite conclu.<\/p>\n<p><script async src=\"https:\/\/platform.twitter.com\/widgets.js\" charset=\"utf-8\"><\/script><\/p>\n","protected":false},"excerpt":{"rendered":"EN BREF Le 1er septembre, Matthieu Delormeau revient \u00e0 TBT9, cr\u00e9ant des tensions avec Gilles Verdez, accus\u00e9 d\u00a0\u00bbhomophobie.&hellip;\n","protected":false},"author":2,"featured_media":394215,"comment_status":"","ping_status":"","sticky":false,"template":"","format":"standard","meta":{"footnotes":""},"categories":[1359],"tags":[548,58,59,1011,27,16181,7830,973,47264],"class_list":{"0":"post-394214","1":"post","2":"type-post","3":"status-publish","4":"format-standard","5":"has-post-thumbnail","7":"category-people","8":"tag-article-simple","9":"tag-divertissement","10":"tag-entertainment","11":"tag-fr","12":"tag-france","13":"tag-gilles-verdez","14":"tag-matthieu-delormeau","15":"tag-people","16":"tag-tbt9"},"share_on_mastodon":{"url":"https:\/\/pubeurope.com\/@fr\/115212087695386025","error":""},"_links":{"self":[{"href":"https:\/\/www.europesays.com\/fr\/wp-json\/wp\/v2\/posts\/394214","targetHints":{"allow":["GET"]}}],"collection":[{"href":"https:\/\/www.europesays.com\/fr\/wp-json\/wp\/v2\/posts"}],"about":[{"href":"https:\/\/www.europesays.com\/fr\/wp-json\/wp\/v2\/types\/post"}],"author":[{"embeddable":true,"href":"https:\/\/www.europesays.com\/fr\/wp-json\/wp\/v2\/users\/2"}],"replies":[{"embeddable":true,"href":"https:\/\/www.europesays.com\/fr\/wp-json\/wp\/v2\/comments?post=394214"}],"version-history":[{"count":0,"href":"https:\/\/www.europesays.com\/fr\/wp-json\/wp\/v2\/posts\/394214\/revisions"}],"wp:featuredmedia":[{"embeddable":true,"href":"https:\/\/www.europesays.com\/fr\/wp-json\/wp\/v2\/media\/394215"}],"wp:attachment":[{"href":"https:\/\/www.europesays.com\/fr\/wp-json\/wp\/v2\/media?parent=394214"}],"wp:term":[{"taxonomy":"category","embeddable":true,"href":"https:\/\/www.europesays.com\/fr\/wp-json\/wp\/v2\/categories?post=394214"},{"taxonomy":"post_tag","embeddable":true,"href":"https:\/\/www.europesays.com\/fr\/wp-json\/wp\/v2\/tags?post=394214"}],"curies":[{"name":"wp","href":"https:\/\/api.w.org\/{rel}","templated":true}]}}