{"id":394216,"date":"2025-09-16T04:28:28","date_gmt":"2025-09-16T04:28:28","guid":{"rendered":"https:\/\/www.europesays.com\/fr\/394216\/"},"modified":"2025-09-16T04:28:28","modified_gmt":"2025-09-16T04:28:28","slug":"cliche-de-zef-apres-la-pluie-vient-larc-en-ciel-a-recouvrance","status":"publish","type":"post","link":"https:\/\/www.europesays.com\/fr\/394216\/","title":{"rendered":"Clich\u00e9 de Zef\u00a0: apr\u00e8s la pluie vient l\u2019arc-en-ciel \u00e0 Recouvrance"},"content":{"rendered":"<p>Un grand merci \u00e0 notre contributeur du jour, Thomas Straboni, pour ce beau clich\u00e9 saisi du c\u00f4t\u00e9 de Recouvrance, \u00e0 Brest, o\u00f9 il a pu photographier cet arc-en-ciel, jeudi 11 septembre 2025, en soir\u00e9e. \u00ab\u00a0Magnifique lumi\u00e8re automnale\u00a0\u00bb, commente le photographe, que vous pouvez retrouver sur les r\u00e9seaux en cherchant \u00ab\u00a0<a href=\"https:\/\/www.facebook.com\/Breizhhollgaret\/\" target=\"_blank\" rel=\"noopener\">Breizhhollgaret<\/a>\u00a0\u00bb. Si vous souhaitez, vous aussi, contribuer \u00e0 cette rubrique, adressez vos images, en haute r\u00e9solution et imp\u00e9rativement en format paysage (\u00e9vitez le mode panoramique), \u00e0 l\u2019adresse courriel cliches.brest@letelegramme.fr. Portraits, paysages, sc\u00e8nes de la vie quotidienne, insolite\u2026 Tout est permis\u00a0! L\u2019envoi de vos prises de vue vaut autorisation gratuite de les publier dans Le T\u00e9l\u00e9gramme, sur letelegramme.fr et les r\u00e9seaux sociaux.<\/p>\n","protected":false},"excerpt":{"rendered":"Un grand merci \u00e0 notre contributeur du jour, Thomas Straboni, pour ce beau clich\u00e9 saisi du c\u00f4t\u00e9 de&hellip;\n","protected":false},"author":2,"featured_media":394217,"comment_status":"","ping_status":"","sticky":false,"template":"","format":"standard","meta":{"footnotes":""},"categories":[1358],"tags":[1348,1384,1385,3450,23176,22873,1386,58,59,1011,27],"class_list":{"0":"post-394216","1":"post","2":"type-post","3":"status-publish","4":"format-standard","5":"has-post-thumbnail","7":"category-arts-et-design","8":"tag-arts","9":"tag-arts-and-design","10":"tag-arts-et-design","11":"tag-brest","12":"tag-brest-recouvrance","13":"tag-cliche-de-zef","14":"tag-design","15":"tag-divertissement","16":"tag-entertainment","17":"tag-fr","18":"tag-france"},"share_on_mastodon":{"url":"https:\/\/pubeurope.com\/@fr\/115212091695345847","error":""},"_links":{"self":[{"href":"https:\/\/www.europesays.com\/fr\/wp-json\/wp\/v2\/posts\/394216","targetHints":{"allow":["GET"]}}],"collection":[{"href":"https:\/\/www.europesays.com\/fr\/wp-json\/wp\/v2\/posts"}],"about":[{"href":"https:\/\/www.europesays.com\/fr\/wp-json\/wp\/v2\/types\/post"}],"author":[{"embeddable":true,"href":"https:\/\/www.europesays.com\/fr\/wp-json\/wp\/v2\/users\/2"}],"replies":[{"embeddable":true,"href":"https:\/\/www.europesays.com\/fr\/wp-json\/wp\/v2\/comments?post=394216"}],"version-history":[{"count":0,"href":"https:\/\/www.europesays.com\/fr\/wp-json\/wp\/v2\/posts\/394216\/revisions"}],"wp:featuredmedia":[{"embeddable":true,"href":"https:\/\/www.europesays.com\/fr\/wp-json\/wp\/v2\/media\/394217"}],"wp:attachment":[{"href":"https:\/\/www.europesays.com\/fr\/wp-json\/wp\/v2\/media?parent=394216"}],"wp:term":[{"taxonomy":"category","embeddable":true,"href":"https:\/\/www.europesays.com\/fr\/wp-json\/wp\/v2\/categories?post=394216"},{"taxonomy":"post_tag","embeddable":true,"href":"https:\/\/www.europesays.com\/fr\/wp-json\/wp\/v2\/tags?post=394216"}],"curies":[{"name":"wp","href":"https:\/\/api.w.org\/{rel}","templated":true}]}}