{"id":394236,"date":"2025-09-16T04:39:10","date_gmt":"2025-09-16T04:39:10","guid":{"rendered":"https:\/\/www.europesays.com\/fr\/394236\/"},"modified":"2025-09-16T04:39:10","modified_gmt":"2025-09-16T04:39:10","slug":"le-tragique-bilan-de-lexplosion-dun-bar-a-madrid-monte-a-deux-morts","status":"publish","type":"post","link":"https:\/\/www.europesays.com\/fr\/394236\/","title":{"rendered":"Le tragique bilan de l\u2019explosion d\u2019un bar \u00e0 Madrid monte \u00e0 deux morts"},"content":{"rendered":"<p>Le bilan de l\u2019explosion d\u2019un bar samedi \u00e0 <a href=\"https:\/\/www.20minutes.fr\/dossier\/madrid\" target=\"_blank\" class=\"c-link c-link--is-underlined\" rel=\"noopener\">Madrid<\/a> s\u2019alourdit. Le corps d\u2019une deuxi\u00e8me personne a \u00e9t\u00e9 retrouv\u00e9 lundi parmi les d\u00e9combres de l\u2019\u00e9tablissement, ont annonc\u00e9 les services d\u2019urgence.<\/p>\n<p>\u00ab\u00a0Une deuxi\u00e8me victime mortelle a \u00e9t\u00e9 localis\u00e9e dans le b\u00e2timent qui a subi une explosion \u00e0 Puente de Vallecas\u00a0\u00bb, a indiqu\u00e9 sur X le service de secours de la capitale de l\u2019<a href=\"https:\/\/www.20minutes.fr\/dossier\/espagne\" target=\"_blank\" class=\"c-link c-link--is-underlined\" rel=\"noopener\">Espagne<\/a>, pr\u00e9cisant que les recherches avaient \u00e9t\u00e9 relanc\u00e9es apr\u00e8s \u00ab\u00a0une plainte d\u00e9pos\u00e9e\u00a0\u00bb pour disparition.<\/p>\n<p>Deux bless\u00e9s dans un \u00e9tat grave<\/p>\n<p>L\u2019explosion a fait 25 bless\u00e9s, dont deux graves. Le corps d\u2019un homme avait \u00e9t\u00e9 retrouv\u00e9 dimanche.<\/p>\n<\/p>\n<p>Une fuite de gaz pourrait \u00eatre \u00e0 l\u2019origine du sinistre, mais les autorit\u00e9s ne l\u2019ont pour l\u2019instant pas confirm\u00e9.<\/p>\n","protected":false},"excerpt":{"rendered":"Le bilan de l\u2019explosion d\u2019un bar samedi \u00e0 Madrid s\u2019alourdit. Le corps d\u2019une deuxi\u00e8me personne a \u00e9t\u00e9 retrouv\u00e9&hellip;\n","protected":false},"author":2,"featured_media":394237,"comment_status":"","ping_status":"","sticky":false,"template":"","format":"standard","meta":{"footnotes":""},"categories":[5],"tags":[47,11,9732,123,2688,118,1011,27,14,9471,74,12,133,28],"class_list":{"0":"post-394236","1":"post","2":"type-post","3":"status-publish","4":"format-standard","5":"has-post-thumbnail","7":"category-international","8":"tag-actualite","9":"tag-actualites","10":"tag-bar","11":"tag-espagne","12":"tag-explosion","13":"tag-faits-divers","14":"tag-fr","15":"tag-france","16":"tag-international","17":"tag-madrid","18":"tag-monde","19":"tag-news","20":"tag-video","21":"tag-world"},"share_on_mastodon":{"url":"https:\/\/pubeurope.com\/@fr\/115212135001322952","error":""},"_links":{"self":[{"href":"https:\/\/www.europesays.com\/fr\/wp-json\/wp\/v2\/posts\/394236","targetHints":{"allow":["GET"]}}],"collection":[{"href":"https:\/\/www.europesays.com\/fr\/wp-json\/wp\/v2\/posts"}],"about":[{"href":"https:\/\/www.europesays.com\/fr\/wp-json\/wp\/v2\/types\/post"}],"author":[{"embeddable":true,"href":"https:\/\/www.europesays.com\/fr\/wp-json\/wp\/v2\/users\/2"}],"replies":[{"embeddable":true,"href":"https:\/\/www.europesays.com\/fr\/wp-json\/wp\/v2\/comments?post=394236"}],"version-history":[{"count":0,"href":"https:\/\/www.europesays.com\/fr\/wp-json\/wp\/v2\/posts\/394236\/revisions"}],"wp:featuredmedia":[{"embeddable":true,"href":"https:\/\/www.europesays.com\/fr\/wp-json\/wp\/v2\/media\/394237"}],"wp:attachment":[{"href":"https:\/\/www.europesays.com\/fr\/wp-json\/wp\/v2\/media?parent=394236"}],"wp:term":[{"taxonomy":"category","embeddable":true,"href":"https:\/\/www.europesays.com\/fr\/wp-json\/wp\/v2\/categories?post=394236"},{"taxonomy":"post_tag","embeddable":true,"href":"https:\/\/www.europesays.com\/fr\/wp-json\/wp\/v2\/tags?post=394236"}],"curies":[{"name":"wp","href":"https:\/\/api.w.org\/{rel}","templated":true}]}}