{"id":394238,"date":"2025-09-16T04:40:10","date_gmt":"2025-09-16T04:40:10","guid":{"rendered":"https:\/\/www.europesays.com\/fr\/394238\/"},"modified":"2025-09-16T04:40:10","modified_gmt":"2025-09-16T04:40:10","slug":"sebastien-lecornu-un-premier-ministre-prudent-dans-lombre-du-president-liberation","status":"publish","type":"post","link":"https:\/\/www.europesays.com\/fr\/394238\/","title":{"rendered":"S\u00e9bastien Lecornu, un\u00a0Premier ministre prudent dans l\u2019ombre du\u00a0Pr\u00e9sident \u2013 Lib\u00e9ration"},"content":{"rendered":"<p class=\"sc-cPiKLX AiZTS text-element\">Pri\u00e8re de croire que chacun reste dans son couloir. A ce pauvre S\u00e9bastien Lecornu, charg\u00e9 de constituer une majorit\u00e9 introuvable, <a href=\"https:\/\/www.liberation.fr\/politique\/sebastien-lecornu-recoit-plusieurs-syndicats-ce-lundi-a-matignon-avant-la-journee-de-mobilisation-du-18-septembre-20250915_IENSI53WVBFPLGTUTGXG73OVYE\/\" target=\"_blank\" rel=\"nofollow noopener\">une matin\u00e9e vivifiante avec la patronne de la CGT, Sophie Binet<\/a>. Le pr\u00e9lude \u00e0 une semaine de consultations express avec les partenaires sociaux et les partis politiques pour <a href=\"https:\/\/www.liberation.fr\/politique\/sebastien-lecornu-nomme-premier-ministre-on-ne-change-pas-une-equipe-qui-perd-20250909_UVNPE4TSUVB3HAV36AHH52ACME\/\" target=\"_blank\" rel=\"nofollow noopener\">le nouveau fusible de Matignon<\/a>. A Emmanuel Macron, les grandes affaires du monde. Tout aux pr\u00e9paratifs de son voyage \u00e0 l\u2019Assembl\u00e9e g\u00e9n\u00e9rale de l\u2019ONU, du 22 au 25 septembre, le pr\u00e9sident de la R\u00e9publique participait ce lundi 15 septembre \u00e0 une r\u00e9union en visio avec Mark Carney et Keir Starmer, les Premiers ministres canadien et britannique, et les dirigeants du Qatar et de plusieurs pays arabes, afin de plancher sur <a href=\"https:\/\/www.liberation.fr\/international\/moyen-orient\/reconnaissance-de-la-palestine-pour-macron-aucune-offensive-ou-tentative-dannexion-nenrayera-le-mouvement-20250902_NQI6FDILTFEI5FBMSRWNXIY6IY\/\" target=\"_blank\" rel=\"nofollow noopener\">la reconnaissance de l\u2019Etat palestinien pr\u00e9vue \u00e0 New York<\/a>. Le 11 septembre, il tentait de d\u00e9miner le sujet aupr\u00e8s de la communaut\u00e9  <\/p>\n","protected":false},"excerpt":{"rendered":"Pri\u00e8re de croire que chacun reste dans son couloir. A ce pauvre S\u00e9bastien Lecornu, charg\u00e9 de constituer une&hellip;\n","protected":false},"author":2,"featured_media":394239,"comment_status":"","ping_status":"","sticky":false,"template":"","format":"standard","meta":{"footnotes":""},"categories":[4],"tags":[11,1073,1011,27,12,25,11067],"class_list":{"0":"post-394238","1":"post","2":"type-post","3":"status-publish","4":"format-standard","5":"has-post-thumbnail","7":"category-france","8":"tag-actualites","9":"tag-emmanuel-macron","10":"tag-fr","11":"tag-france","12":"tag-news","13":"tag-republique-francaise","14":"tag-sebastien-lecornu"},"share_on_mastodon":{"url":"https:\/\/pubeurope.com\/@fr\/115212138878303110","error":""},"_links":{"self":[{"href":"https:\/\/www.europesays.com\/fr\/wp-json\/wp\/v2\/posts\/394238","targetHints":{"allow":["GET"]}}],"collection":[{"href":"https:\/\/www.europesays.com\/fr\/wp-json\/wp\/v2\/posts"}],"about":[{"href":"https:\/\/www.europesays.com\/fr\/wp-json\/wp\/v2\/types\/post"}],"author":[{"embeddable":true,"href":"https:\/\/www.europesays.com\/fr\/wp-json\/wp\/v2\/users\/2"}],"replies":[{"embeddable":true,"href":"https:\/\/www.europesays.com\/fr\/wp-json\/wp\/v2\/comments?post=394238"}],"version-history":[{"count":0,"href":"https:\/\/www.europesays.com\/fr\/wp-json\/wp\/v2\/posts\/394238\/revisions"}],"wp:featuredmedia":[{"embeddable":true,"href":"https:\/\/www.europesays.com\/fr\/wp-json\/wp\/v2\/media\/394239"}],"wp:attachment":[{"href":"https:\/\/www.europesays.com\/fr\/wp-json\/wp\/v2\/media?parent=394238"}],"wp:term":[{"taxonomy":"category","embeddable":true,"href":"https:\/\/www.europesays.com\/fr\/wp-json\/wp\/v2\/categories?post=394238"},{"taxonomy":"post_tag","embeddable":true,"href":"https:\/\/www.europesays.com\/fr\/wp-json\/wp\/v2\/tags?post=394238"}],"curies":[{"name":"wp","href":"https:\/\/api.w.org\/{rel}","templated":true}]}}