{"id":394247,"date":"2025-09-16T04:45:40","date_gmt":"2025-09-16T04:45:40","guid":{"rendered":"https:\/\/www.europesays.com\/fr\/394247\/"},"modified":"2025-09-16T04:45:40","modified_gmt":"2025-09-16T04:45:40","slug":"fete-des-plantes-ce-dimanche","status":"publish","type":"post","link":"https:\/\/www.europesays.com\/fr\/394247\/","title":{"rendered":"F\u00eate des plantes ce dimanche"},"content":{"rendered":"<p>C\u2019est l\u2019automne, le moment id\u00e9al pour planter, la terre est chaude et humide, les racines auront tout l\u2019hiver pour s\u2019installer\u00a0! Retrouvez ce dimanche 21 septembre des exposants habituels \u00e0 la f\u00eate du jardin (et des nouveaux\u00a0!). Ils vous proposeront des v\u00e9g\u00e9taux adapt\u00e9s \u00e0 notre climat et \u00e0 notre sol\u2026 <\/p>\n<p class=\"note\">Dimanche 21\u00a0septembre de 9\u00a0h \u00e0 18\u00a0h. Tarifs : 3\u00a0\u20ac, gratuit pour les moins de 10 ans. Jardin de la Ferri\u00e8re \u00e0 Amont-et-Effreney.<\/p>\n","protected":false},"excerpt":{"rendered":"C\u2019est l\u2019automne, le moment id\u00e9al pour planter, la terre est chaude et humide, les racines auront tout l\u2019hiver&hellip;\n","protected":false},"author":2,"featured_media":394248,"comment_status":"","ping_status":"","sticky":false,"template":"","format":"standard","meta":{"footnotes":""},"categories":[9635],"tags":[1111,11,52639,52640,1687,8698,1777,674,1011,27,775,1702,12,25],"class_list":{"0":"post-394247","1":"post","2":"type-post","3":"status-publish","4":"format-standard","5":"has-post-thumbnail","7":"category-nancy","8":"tag-actu","9":"tag-actualites","10":"tag-amont-et-effreney","11":"tag-cc-des-1000-etangs-70a","12":"tag-culture-loisirs","13":"tag-edition-vesoul-haute-saone","14":"tag-eu","15":"tag-europe","16":"tag-fr","17":"tag-france","18":"tag-grand-est","19":"tag-nancy","20":"tag-news","21":"tag-republique-francaise"},"share_on_mastodon":{"url":"https:\/\/pubeurope.com\/@fr\/115212158525469017","error":""},"_links":{"self":[{"href":"https:\/\/www.europesays.com\/fr\/wp-json\/wp\/v2\/posts\/394247","targetHints":{"allow":["GET"]}}],"collection":[{"href":"https:\/\/www.europesays.com\/fr\/wp-json\/wp\/v2\/posts"}],"about":[{"href":"https:\/\/www.europesays.com\/fr\/wp-json\/wp\/v2\/types\/post"}],"author":[{"embeddable":true,"href":"https:\/\/www.europesays.com\/fr\/wp-json\/wp\/v2\/users\/2"}],"replies":[{"embeddable":true,"href":"https:\/\/www.europesays.com\/fr\/wp-json\/wp\/v2\/comments?post=394247"}],"version-history":[{"count":0,"href":"https:\/\/www.europesays.com\/fr\/wp-json\/wp\/v2\/posts\/394247\/revisions"}],"wp:featuredmedia":[{"embeddable":true,"href":"https:\/\/www.europesays.com\/fr\/wp-json\/wp\/v2\/media\/394248"}],"wp:attachment":[{"href":"https:\/\/www.europesays.com\/fr\/wp-json\/wp\/v2\/media?parent=394247"}],"wp:term":[{"taxonomy":"category","embeddable":true,"href":"https:\/\/www.europesays.com\/fr\/wp-json\/wp\/v2\/categories?post=394247"},{"taxonomy":"post_tag","embeddable":true,"href":"https:\/\/www.europesays.com\/fr\/wp-json\/wp\/v2\/tags?post=394247"}],"curies":[{"name":"wp","href":"https:\/\/api.w.org\/{rel}","templated":true}]}}