{"id":394254,"date":"2025-09-16T04:49:11","date_gmt":"2025-09-16T04:49:11","guid":{"rendered":"https:\/\/www.europesays.com\/fr\/394254\/"},"modified":"2025-09-16T04:49:11","modified_gmt":"2025-09-16T04:49:11","slug":"dans-lacademie-de-montpellier-environ-mille-familles-ont-fait-le-choix-de-faire-lecole-a-la-maison-pour-leurs-enfants","status":"publish","type":"post","link":"https:\/\/www.europesays.com\/fr\/394254\/","title":{"rendered":"Dans l&rsquo;acad\u00e9mie de Montpellier, environ mille familles ont fait le choix de faire l&rsquo;\u00e9cole \u00e0 la maison pour leurs enfants"},"content":{"rendered":"<p>Il y a ceux qui sont bien contents que leurs enfants soient retourn\u00e9s \u00e0 l&rsquo;\u00e9cole depuis quinze jours. Et puis \u00e0 l&rsquo;inverse, il y a ceux (beaucoup moins nombreux) qui font l&rsquo;\u00e9cole \u00e0 la maison. Mais ces familles s&rsquo;inqui\u00e8tent car l&rsquo;administration accorde de moins en moins d&rsquo;autorisations.\n<\/p>\n<p>Ce lundi c&rsquo;\u00e9tait <strong>la journ\u00e9e internationale pour la libert\u00e9 d&rsquo;instruction<\/strong>. A savoir la libert\u00e9 de ne pas envoyer ses enfants \u00e0 l&rsquo;\u00e9cole, mais de les instruire ou de leur enseigner soi-m\u00eame les disciplines fondamentales.<\/p>\n<p>A l&rsquo;occasion de cette journ\u00e9e annuelle, des familles se sont rassembl\u00e9es ce lundi apr\u00e8s-midi sur l&rsquo;esplanade Charles de Gaulle \u00e0 Montpellier.<\/p>\n<p><strong>Elles demandent \u00e0 l&rsquo;\u00e9tat d&rsquo;\u00eatre moins restrictif en la mati\u00e8re<\/strong>.<\/p>\n<p>Car elles d\u00e9noncent depuis quelques ann\u00e9es la baisse des autorisations accord\u00e9es \u00e0 ces parents qui font l&rsquo;\u00e9cole \u00e0 leurs enfants.<\/p>\n<p>Quatre fois moins d&rsquo;autorisations qu&rsquo;il y a cinq ans<\/p>\n<p>Celles et ceux qui font l&rsquo;\u00e9cole \u00e0 la maison ne sont pas obligatoirement en guerre avec l&rsquo;\u00e9ducation nationale.\u00a0Pour eux, <strong>c&rsquo;est d&rsquo;abord un choix de vie<\/strong>.<\/p>\n<p>Dans l&rsquo;acad\u00e9mie de Montpellier, environ un millier de familles ont d\u00e9cid\u00e9 de ne pas envoyer leurs enfants \u00e0 l&rsquo;\u00e9cole.<\/p>\n<p><strong>Elles \u00e9taient plus de quatre mille en 2020<\/strong>.<\/p>\n<p>Pourquoi une telle baisse\u00a0?<\/p>\n<p>Parce que les <strong>autorisations sont de plus en plus difficile \u00e0 obtenir<\/strong>. Et selon ces parents, l&rsquo;administration, pour justifier ces refus, a tendance \u00e0 se r\u00e9fugier d\u00e9rri\u00e8re <strong>la loi contre le s\u00e9paratisme<\/strong>.<\/p>\n<p>Cette journ\u00e9e internationale pour la libert\u00e9 d&rsquo;instruction \u00e9tait donc l&rsquo;occasion pour eux elle fois d&rsquo;interpeller l&rsquo;\u00e9tat et de rappeler qu&rsquo;<strong>en France<\/strong>, contrairement \u00e0 ce que l&rsquo;on croit, <strong>l&rsquo;\u00e9cole n&rsquo;est pas obligatoire. Ce qui l&rsquo;est en revanche, c&rsquo;est l&rsquo;instruction<\/strong>. C&rsquo;est ce que dit une loi de Jules Ferry datant de 1882.<\/p>\n","protected":false},"excerpt":{"rendered":"Il y a ceux qui sont bien contents que leurs enfants soient retourn\u00e9s \u00e0 l&rsquo;\u00e9cole depuis quinze jours.&hellip;\n","protected":false},"author":2,"featured_media":394255,"comment_status":"","ping_status":"","sticky":false,"template":"","format":"standard","meta":{"footnotes":""},"categories":[9599],"tags":[1111,11,1777,674,1011,27,2208,12,2680,25],"class_list":{"0":"post-394254","1":"post","2":"type-post","3":"status-publish","4":"format-standard","5":"has-post-thumbnail","7":"category-montpellier","8":"tag-actu","9":"tag-actualites","10":"tag-eu","11":"tag-europe","12":"tag-fr","13":"tag-france","14":"tag-montpellier","15":"tag-news","16":"tag-occitanie","17":"tag-republique-francaise"},"share_on_mastodon":{"url":"https:\/\/pubeurope.com\/@fr\/115212174171081036","error":""},"_links":{"self":[{"href":"https:\/\/www.europesays.com\/fr\/wp-json\/wp\/v2\/posts\/394254","targetHints":{"allow":["GET"]}}],"collection":[{"href":"https:\/\/www.europesays.com\/fr\/wp-json\/wp\/v2\/posts"}],"about":[{"href":"https:\/\/www.europesays.com\/fr\/wp-json\/wp\/v2\/types\/post"}],"author":[{"embeddable":true,"href":"https:\/\/www.europesays.com\/fr\/wp-json\/wp\/v2\/users\/2"}],"replies":[{"embeddable":true,"href":"https:\/\/www.europesays.com\/fr\/wp-json\/wp\/v2\/comments?post=394254"}],"version-history":[{"count":0,"href":"https:\/\/www.europesays.com\/fr\/wp-json\/wp\/v2\/posts\/394254\/revisions"}],"wp:featuredmedia":[{"embeddable":true,"href":"https:\/\/www.europesays.com\/fr\/wp-json\/wp\/v2\/media\/394255"}],"wp:attachment":[{"href":"https:\/\/www.europesays.com\/fr\/wp-json\/wp\/v2\/media?parent=394254"}],"wp:term":[{"taxonomy":"category","embeddable":true,"href":"https:\/\/www.europesays.com\/fr\/wp-json\/wp\/v2\/categories?post=394254"},{"taxonomy":"post_tag","embeddable":true,"href":"https:\/\/www.europesays.com\/fr\/wp-json\/wp\/v2\/tags?post=394254"}],"curies":[{"name":"wp","href":"https:\/\/api.w.org\/{rel}","templated":true}]}}