{"id":394256,"date":"2025-09-16T04:51:12","date_gmt":"2025-09-16T04:51:12","guid":{"rendered":"https:\/\/www.europesays.com\/fr\/394256\/"},"modified":"2025-09-16T04:51:12","modified_gmt":"2025-09-16T04:51:12","slug":"la-mythique-discotheque-le-moulin-rose-pres-de-rouen-en-proie-aux-flammes","status":"publish","type":"post","link":"https:\/\/www.europesays.com\/fr\/394256\/","title":{"rendered":"La mythique discoth\u00e8que Le Moulin Rose, pr\u00e8s de Rouen, en proie aux flammes"},"content":{"rendered":"<p>            Par<br \/>\n        <strong><br \/>\n            <a href=\"https:\/\/actu.fr\/auteur\/fmass\" title=\"Consulter tous les articles de Fabien Massin\" rel=\"nofollow noopener\" target=\"_blank\">Fabien Massin<\/a><br \/>\n        <\/strong><\/p>\n<p>        Publi\u00e9 le<\/p>\n<p>            16 sept. 2025 \u00e0 6h17        <\/p>\n<p>Importante intervention des pompiers, mardi 16 septembre 2025 au petit matin \u00e0 <a href=\"https:\/\/actu.fr\/normandie\/belbeuf_76069\" rel=\"nofollow noopener\" target=\"_blank\">Belbeuf<\/a>, dans l\u2019agglo de <a href=\"https:\/\/actu.fr\/normandie\/rouen_76540\" rel=\"nofollow noopener\" target=\"_blank\">Rouen (Seine-Maritime)<\/a>.\u00a0<\/p>\n<p>61 sapeur-pompiers sur place<\/p>\n<p class=\" wall-content\">En effet, la mythique discoth\u00e8que <strong>Le Moulin Rose<\/strong> est le th\u00e9\u00e2tre d\u2019un incendie. \u00c0 l\u2019arriv\u00e9e des secours, le b\u00e2timent \u00e9tait totalement embras\u00e9, informe le Sdis (service d\u00e9partemental d\u2019incendie et de secours) de la Seine-Maritime.\u00a0<\/p>\n<p class=\" wall-content\">61 sapeurs-pompiers ont \u00e9t\u00e9 d\u00e9p\u00each\u00e9s pour lutter contre le sinistre. Aucune victime n\u2019est \u00e0 d\u00e9plorer \u00e0 ce stade, pr\u00e9cise le Sdis.\u00a0<\/p>\n<p>Suivez l\u2019actualit\u00e9 de Rouen sur notre <a href=\"https:\/\/www.whatsapp.com\/channel\/0029VaKfnf99hXF2ddApFB1D\" rel=\"nofollow noopener\" target=\"_blank\">cha\u00eene WhatsApp<\/a> et sur notre <a href=\"https:\/\/www.tiktok.com\/@76actu.fr?lang=fr\" rel=\"nofollow noopener\" target=\"_blank\">compte TikTok<\/a><\/p>\n<p class=\" wall-content\">Personnalisez votre actualit\u00e9 en ajoutant vos villes et m\u00e9dias en favori avec <a href=\"https:\/\/moncompte.actu.fr\" title=\"D\u00e9couvez Mon Actu\" rel=\"nofollow noopener\" data-trk=\"{&quot;cta&quot;:{&quot;action&quot;:&quot;https:\\\/\\\/moncompte.actu.fr&quot;,&quot;category&quot;:&quot;mon compte&quot;,&quot;from&quot;:&quot;article footer&quot;,&quot;name&quot;:&quot;Mon actu&quot;,&quot;type&quot;:&quot;cta&quot;}}\" target=\"_blank\">Mon Actu<\/a>.<\/p>\n<p>                    <script async src=\"\/\/www.tiktok.com\/embed.js\"><\/script><\/p>\n","protected":false},"excerpt":{"rendered":"Par Fabien Massin Publi\u00e9 le 16 sept. 2025 \u00e0 6h17 Importante intervention des pompiers, mardi 16 septembre 2025&hellip;\n","protected":false},"author":2,"featured_media":394257,"comment_status":"","ping_status":"","sticky":false,"template":"","format":"standard","meta":{"footnotes":""},"categories":[9587],"tags":[1111,11,1777,674,118,1011,27,1310,12,5161,1311,25,9590],"class_list":{"0":"post-394256","1":"post","2":"type-post","3":"status-publish","4":"format-standard","5":"has-post-thumbnail","7":"category-rouen","8":"tag-actu","9":"tag-actualites","10":"tag-eu","11":"tag-europe","12":"tag-faits-divers","13":"tag-fr","14":"tag-france","15":"tag-incendie","16":"tag-news","17":"tag-normandie","18":"tag-pompiers","19":"tag-republique-francaise","20":"tag-rouen"},"share_on_mastodon":{"url":"https:\/\/pubeurope.com\/@fr\/115212182323361334","error":""},"_links":{"self":[{"href":"https:\/\/www.europesays.com\/fr\/wp-json\/wp\/v2\/posts\/394256","targetHints":{"allow":["GET"]}}],"collection":[{"href":"https:\/\/www.europesays.com\/fr\/wp-json\/wp\/v2\/posts"}],"about":[{"href":"https:\/\/www.europesays.com\/fr\/wp-json\/wp\/v2\/types\/post"}],"author":[{"embeddable":true,"href":"https:\/\/www.europesays.com\/fr\/wp-json\/wp\/v2\/users\/2"}],"replies":[{"embeddable":true,"href":"https:\/\/www.europesays.com\/fr\/wp-json\/wp\/v2\/comments?post=394256"}],"version-history":[{"count":0,"href":"https:\/\/www.europesays.com\/fr\/wp-json\/wp\/v2\/posts\/394256\/revisions"}],"wp:featuredmedia":[{"embeddable":true,"href":"https:\/\/www.europesays.com\/fr\/wp-json\/wp\/v2\/media\/394257"}],"wp:attachment":[{"href":"https:\/\/www.europesays.com\/fr\/wp-json\/wp\/v2\/media?parent=394256"}],"wp:term":[{"taxonomy":"category","embeddable":true,"href":"https:\/\/www.europesays.com\/fr\/wp-json\/wp\/v2\/categories?post=394256"},{"taxonomy":"post_tag","embeddable":true,"href":"https:\/\/www.europesays.com\/fr\/wp-json\/wp\/v2\/tags?post=394256"}],"curies":[{"name":"wp","href":"https:\/\/api.w.org\/{rel}","templated":true}]}}