{"id":394258,"date":"2025-09-16T04:52:12","date_gmt":"2025-09-16T04:52:12","guid":{"rendered":"https:\/\/www.europesays.com\/fr\/394258\/"},"modified":"2025-09-16T04:52:12","modified_gmt":"2025-09-16T04:52:12","slug":"entreprises-deux-start-ups-de-haute-savoie-et-disere-gagnent-leur-ticket-pour-la-finlande-un-gros-partenariat-pour-mantle8-leur-actu-en-bref","status":"publish","type":"post","link":"https:\/\/www.europesays.com\/fr\/394258\/","title":{"rendered":"Entreprises. Deux start-ups de Haute-Savoie et d&rsquo;Is\u00e8re gagnent leur ticket pour la Finlande, un gros partenariat pour Mantle8&#8230; Leur actu en bref"},"content":{"rendered":"<p>  &#13;<br \/>\n      <a href=\"https:\/\/cdn-s-www.ledauphine.com\/images\/a702a78c-a2c1-4429-bf1a-601220b14720\/NW_raw\/clement-profit-(a-droite)-a-fonde-ascend-beyond-space-avec-quentin-mannes-et-david-mainwaring-(absent-sur-la-photo)-photo-ascend-beyond-space-1742487993.jpg\" title=\"Cl\u00e9ment Profit (\u00e0 droite) a fond\u00e9 Ascend Beyond Space avec Quentin Mannes, et David Mainwaring (absent sur la photo).\u00a0 Photo Ascend\u00a0Beyond\u00a0Space\" class=\"chocolat-image GA-tracking\" data-ga_type=\"click\" data-ga_category=\"D\u00e9tail\" data-ga_action=\"zoomer\" data-ga_label=\"agrandir image\" target=\"_blank\" rel=\"noopener\">&#13;<br \/>\n          <img loading=\"lazy\" decoding=\"async\" src=\"https:\/\/www.europesays.com\/fr\/wp-content\/uploads\/2025\/09\/clement-profit-(a-droite)-a-fonde-ascend-beyond-space-avec-quentin-mannes-et-david-mainwaring-(absen.jpeg\" data-mobile=\"NW_listC_M|1742487993\" data-base=\"NW_listC|1742487993\" alt=\"Cl\u00e9ment Profit (\u00e0 droite) a fond\u00e9 Ascend Beyond Space avec Quentin Mannes, et David Mainwaring (absent sur la photo).\u00a0 Photo Ascend\u00a0Beyond\u00a0Space\"\/>&#13;<br \/>\n      <\/a>&#13;<\/p>\n<p>Cl\u00e9ment Profit (\u00e0 droite) a fond\u00e9 Ascend Beyond Space avec Quentin Mannes, et David Mainwaring (absent sur la photo).\u00a0 Photo Ascend\u00a0Beyond\u00a0Space<\/p>\n<p>&#13;<\/p>\n<p>  R\u00e9gion :\u00a0deux\u00a0start-ups de Haute-Savoie et d&rsquo;Is\u00e8re gagnent leur ticket pour la Finlande<\/p>\n<p>Dans le cadre de la c\u00e9r\u00e9monie de remise des prix\u00a0du concours Slush Starter, organis\u00e9 par la CCI Lyon M\u00e9tropole Saint-Etienne Roanne autour de la th\u00e9matique du financement des start-up, deux jeunes pousses de notre territoire ont\u00a0\u00e9t\u00e9 choisies pour leur projet de d\u00e9veloppement dans la r\u00e9gion Aura, leur caract\u00e8re innovant, leur ambition internationale et leur capacit\u00e9 \u00e0 lever des fonds significatifs (minimum 500 000 euros).<\/p>\n<p>Il s\u2019agit de la Haut-Savoyarde <a href=\"https:\/\/www.ledauphine.com\/economie\/2025\/03\/20\/cette-jeune-entreprise-haut-savoyarde-veut-reduire-les-debris-dans-l-espace\" target=\"_blank\" rel=\"noopener\">Ascend Beyond Space<\/a> (spatial) et de l\u2019Is\u00e9roise <a href=\"https:\/\/www.ledauphine.com\/economie\/2024\/03\/28\/la-start-up-grenobloise-diamfab-leve-8-7-m-pour-pre-industrialiser-sa-technologie\" target=\"_blank\" rel=\"noopener\">DiamFab<\/a>\u00a0(semi-conducteurs).<\/p>\n<p>En plus de remporter des\u00a0s\u00e9ances de coaching pour pr\u00e9parer leur lev\u00e9e de fonds,\u00a0ces entreprises ont gagn\u00e9 leur place\u00a0pour Slush, le rendez-vous europ\u00e9en de la lev\u00e9e de fonds \u00e0 Helsinki, en Finlande.<\/p>\n<p>Elles seront accompagn\u00e9es par deux start-ups du Rh\u00f4ne\u00a0:\u00a0Reventus Pharma (th\u00e9rapies pour les maladies mitochondriales) et\u00a0Verley (prot\u00e9ines laiti\u00e8res non animales).<\/p>\n<p>\u00ab\u00a0En deux jours \u00e0 Helsinki, ces jeunes entreprises rencontreront plus d\u2019investisseurs et de partenaires qu\u2019en plusieurs mois en France. C\u2019est ce raccourci strat\u00e9gique que nous voulons leur offrir\u00a0\u00bb, a notamment d\u00e9clar\u00e9 Philippe Valentin, pr\u00e9sident de la CCI Lyon M\u00e9tropole Saint-Etienne Roanne.<\/p>\n<p>  Is\u00e8re\u00a0: Mantle8\u00a0en partenariat avec le g\u00e9ant\u00a0Viridien<\/p>\n<p>La start-up Mantle8 (Sassenage, Is\u00e8re), <a href=\"https:\/\/www.ledauphine.com\/economie\/2025\/02\/07\/cette-discrete-entreprise-iseroise-a-seduit-le-fonds-du-milliardaire-bill-gates\" target=\"_blank\" rel=\"noopener\">qui d\u00e9veloppe des mod\u00e8les g\u00e9ologiques<\/a> et des technologies d\u2019imagerie pour d\u00e9tecter les gisements d\u2019hydrog\u00e8ne naturel, vient de conclure un partenariat avec\u00a0Viridien (ex-CGG),\u00a0sp\u00e9cialiste c\u00f4t\u00e9 de l\u2019exploration des sous-sols et des \u00e9nergies fossiles.<\/p>\n<p>Une alliance strat\u00e9gique\u00a0pour acc\u00e9l\u00e9rer l&rsquo;exploration de l&rsquo;hydrog\u00e8ne dans la r\u00e9gion Europe, Moyen-Orient et Afrique (EMEA), soutenu par l&rsquo;obtention par Viridien d&rsquo;un investissement strat\u00e9gique dans Mantle8.<\/p>\n<p>\u00ab\u00a0Gr\u00e2ce \u00e0 ce partenariat, Mantle8 a acc\u00e8s \u00e0 GeoVerse, la base de donn\u00e9es g\u00e9ologique de Viridien, pour alimenter notre algorithme de g\u00e9n\u00e9ration de prospects (&#8230;) Les capteurs Sercel WiNG DFU-3C de Viridien permettront d\u2019imager avec une plus grande pr\u00e9cision l\u2019ensemble des syst\u00e8mes souterrains de g\u00e9n\u00e9ration d\u2019hydrog\u00e8ne\u00a0\u00bb, pr\u00e9cise de son c\u00f4t\u00e9 Mantle8.<\/p>\n<p>  Rh\u00f4ne\u00a0:\u00a0Terre et Lac obtient un financement de 70 millions d&rsquo;euros<\/p>\n<p><a href=\"https:\/\/www.ledauphine.com\/economie\/2024\/05\/21\/terre-et-lac-leve-175-k-pour-installer-des-ombrieres-photovoltaiques-chez-lely-environnement\" target=\"_blank\" rel=\"noopener\">Le groupe Terre et Lac<\/a> (bas\u00e9 \u00e0 Lyon), producteur ind\u00e9pendant fran\u00e7ais d\u2019\u00e9nergie renouvelable, a annonc\u00e9 avoir obtenu un financement de 70 millions d\u2019euros de dette pour financer le renforcement de son parc avec la construction de 80 centrales solaires en France m\u00e9tropolitaine d\u2019ici fin 2026.\u00a0Une transaction arrang\u00e9e par la Caisse d\u2019Epargne Rh\u00f4ne Alpes et la Caisse d\u2019Epargne CEPAC.<\/p>\n<p>\u00ab\u00a0Ce financement permet \u00e0 Terre et Lac de poursuivre la mise en \u0153uvre des prochaines \u00e9tapes de sa strat\u00e9gie de croissance soutenue, notamment \u00e0 travers l&rsquo;expansion de son activit\u00e9 et de sa capacit\u00e9 de production d\u2019\u00e9nergie, tout en renfor\u00e7ant l&rsquo;ancrage r\u00e9gional de l&rsquo;entreprise. La dette lev\u00e9e servira \u00e0 financer le d\u00e9veloppement de 80 toitures, abris de parking et centrales photovolta\u00efques au sol, pour une capacit\u00e9 totale de production d&rsquo;\u00e9nergie propre de 55 MWc, couvrant les besoins annuels de 24 250 habitants\u00a0\u00bb, pr\u00e9cise le groupe rhodanien.<\/p>\n","protected":false},"excerpt":{"rendered":"&#13; &#13; &#13; &#13; Cl\u00e9ment Profit (\u00e0 droite) a fond\u00e9 Ascend Beyond Space avec Quentin Mannes, et David&hellip;\n","protected":false},"author":2,"featured_media":394259,"comment_status":"","ping_status":"","sticky":false,"template":"","format":"standard","meta":{"footnotes":""},"categories":[9566],"tags":[1111,11,2738,4646,2430,9810,2730,33,1777,674,1011,27,2731,4638,693,5015,108,3367,12,25,2429,5508,216],"class_list":{"0":"post-394258","1":"post","2":"type-post","3":"status-publish","4":"format-standard","5":"has-post-thumbnail","7":"category-grenoble","8":"tag-actu","9":"tag-actualites","10":"tag-ain","11":"tag-ardeche","12":"tag-auvergne-rhone-alpes","13":"tag-direct-entreprises","14":"tag-drome","15":"tag-economie","16":"tag-eu","17":"tag-europe","18":"tag-fr","19":"tag-france","20":"tag-grenoble","21":"tag-haute-savoie","22":"tag-industrie","23":"tag-innovation-et-start-up","24":"tag-isere","25":"tag-loire","26":"tag-news","27":"tag-republique-francaise","28":"tag-rhone","29":"tag-savoie","30":"tag-vie-des-entreprises"},"share_on_mastodon":{"url":"https:\/\/pubeurope.com\/@fr\/115212186302907606","error":""},"_links":{"self":[{"href":"https:\/\/www.europesays.com\/fr\/wp-json\/wp\/v2\/posts\/394258","targetHints":{"allow":["GET"]}}],"collection":[{"href":"https:\/\/www.europesays.com\/fr\/wp-json\/wp\/v2\/posts"}],"about":[{"href":"https:\/\/www.europesays.com\/fr\/wp-json\/wp\/v2\/types\/post"}],"author":[{"embeddable":true,"href":"https:\/\/www.europesays.com\/fr\/wp-json\/wp\/v2\/users\/2"}],"replies":[{"embeddable":true,"href":"https:\/\/www.europesays.com\/fr\/wp-json\/wp\/v2\/comments?post=394258"}],"version-history":[{"count":0,"href":"https:\/\/www.europesays.com\/fr\/wp-json\/wp\/v2\/posts\/394258\/revisions"}],"wp:featuredmedia":[{"embeddable":true,"href":"https:\/\/www.europesays.com\/fr\/wp-json\/wp\/v2\/media\/394259"}],"wp:attachment":[{"href":"https:\/\/www.europesays.com\/fr\/wp-json\/wp\/v2\/media?parent=394258"}],"wp:term":[{"taxonomy":"category","embeddable":true,"href":"https:\/\/www.europesays.com\/fr\/wp-json\/wp\/v2\/categories?post=394258"},{"taxonomy":"post_tag","embeddable":true,"href":"https:\/\/www.europesays.com\/fr\/wp-json\/wp\/v2\/tags?post=394258"}],"curies":[{"name":"wp","href":"https:\/\/api.w.org\/{rel}","templated":true}]}}