{"id":394265,"date":"2025-09-16T04:56:13","date_gmt":"2025-09-16T04:56:13","guid":{"rendered":"https:\/\/www.europesays.com\/fr\/394265\/"},"modified":"2025-09-16T04:56:13","modified_gmt":"2025-09-16T04:56:13","slug":"entre-logements-et-commerces-lavenir-de-la-brasserie-schutzenberger-se-precise","status":"publish","type":"post","link":"https:\/\/www.europesays.com\/fr\/394265\/","title":{"rendered":"Entre logements et commerces, l&rsquo;avenir de la brasserie Schutzenberger se pr\u00e9cise"},"content":{"rendered":"<p class=\"wp-block-post-excerpt__excerpt\">Samedi 13 septembre, les architectes ont pr\u00e9sent\u00e9 l\u2019avenir de l\u2019ancienne brasserie Schutzenberger, que le Groupe BO souhaite r\u00e9nover pour y installer des commerces et des logements. Un projet qui ne rel\u00e8ve pas suffisamment de l\u2019int\u00e9r\u00eat g\u00e9n\u00e9ral aux yeux de certains habitants. <\/p>\n<p><a href=\"https:\/\/www.rue89strasbourg.com\/category\/compte-rendu\" rel=\"tag noopener\" target=\"_blank\">Compte-rendu<\/a>, <a href=\"https:\/\/www.rue89strasbourg.com\/category\/premium\" rel=\"tag noopener\" target=\"_blank\">\u00c9dition abonn\u00e9s<\/a><\/p>\n<p>Paciane Rouchon<\/p>\n<p>Publi\u00e9 le 16 septembre 2025\u00a0\u00a0\u00b7\u00a0\u00a0<\/p>\n<p>Imprim\u00e9 le 16 septembre 2025 \u00e0 06h56\u00a0\u00a0\u00b7\u00a0\u00a0<\/p>\n<p>\t\t\t\t\t5\u00a0minutes\n<\/p>\n<p class=\"has-drop-cap\">Samedi 13 septembre sur les coups de 10h, une petite foule p\u00e9n\u00e8tre dans l\u2019enceinte de l\u2019ancienne brasserie par le large portail vert, qui donne sur la rue de la Patrie \u00e0 Schiltigheim. \u00c0 l\u2019int\u00e9rieur, une immense place \u00e0 l\u2019abandon depuis la fermeture du site en 2006. L\u2019ancienne chemin\u00e9e en briques et la salle de brassage estampill\u00e9e \u00ab\u00a0Schutzenberger\u00a0\u00bb dominent toujours les presque trois hectares de friche industrielle. <\/p>\n<p>Malgr\u00e9 quelques tags et des fa\u00e7ades vieillies, on devine le potentiel du site, que les familles Oussadon et Benarroch, actionnaires majoritaires du Groupe BO, souhaitent r\u00e9nover pour y installer commerces et logements. Restaurant \u00e9toil\u00e9, caf\u00e9, h\u00f4tel, spa \u00e0 la bi\u00e8re, food hall\u2026 Le cabinet d\u2019architecte Anma a pr\u00e9sent\u00e9 samedi 13 septembre un projet d\u00e9j\u00e0 bien abouti, bien que ses contours ne soient pas encore fig\u00e9s.<\/p>\n<p>\u00ab\u00a0Il est grand temps que quelque chose se fasse ici, lance le commissaire enqu\u00eateur, en guise de pr\u00e9ambule. Je vous rappelle que vous pouvez donner votre avis jusqu\u2019au 26\u00a0septembre. La commission d\u2019enqu\u00eate rendra ensuite des conclusions bas\u00e9es sur les remarques de la population.\u00a0\u00bb L\u2019enqu\u00eate publique en cours porte sur la modification du plan local d\u2019urbanisme (PLU), qui doit permettre l\u2019installation de commerces et de logements sur la zone, jusqu\u2019\u00e0 pr\u00e9sent exclusivement \u00e0 une activit\u00e9 industrielle.<\/p>\n<p><img loading=\"lazy\" decoding=\"async\" width=\"792\" height=\"528\" src=\"https:\/\/www.europesays.com\/fr\/wp-content\/uploads\/2025\/09\/p1000339-2-792x528.jpg\" alt=\"Le commissaire enqu\u00eateur pointe la rue de la Patrie, sur la maquette de la brasserie Schutzenberger, expos\u00e9e lors de la visite du 13 septembre 2025.\" class=\"wp-image-359592\"  \/> Le commissaire enqu\u00eateur pointe la rue de la Patrie sur la maquette de la brasserie Schutzenberger, expos\u00e9e lors de la visite du 13 septembre 2025.Photo\u00a0: Paciane Rouchon<\/p>\n<p>L\u2019architecte strasbourgeoise, Sibylle Pohler, est charg\u00e9e de conception aupr\u00e8s du cabinet parisien Anma. Elle guide un premier groupe vers le nord du site. L\u00e0-bas, le goudron de la place centrale laisse place \u00e0 une v\u00e9g\u00e9tation abondante.\u00ab\u00a0L\u2019id\u00e9e est de pr\u00e9server un maximum de biodiversit\u00e9, en conservant tous les grands arbres, puis d\u2019ouvrir cet espace sur le parc du Ch\u00e2teau qui se trouve de l\u2019autre c\u00f4t\u00e9 de la rue\u00a0\u00bb, d\u00e9crit l\u2019architecte en d\u00e9signant un portail englouti par la v\u00e9g\u00e9tation.<\/p>\n<p>Restaurant \u00e9toil\u00e9, halle restaurative et spa \u00e0 la bi\u00e8re<\/p>\n<p class=\"has-warning-color has-text-color\">\n\t\t\t<strong> Cet article fait partie de l\u2019\u00e9dition abonn\u00e9s.<\/strong><br \/>\n\t\t\t| D\u00e9j\u00e0 abonn\u00e9\u00a0?<br \/>\n\t\t\t<a href=\"https:\/\/www.rue89strasbourg.com\/user\/connexion\" data-type=\"page\" data-id=\"116070\" target=\"_blank\" rel=\"noopener\">Connectez-vous<\/a>\n\t\t<\/p>\n<p>Abonnez-vous maintenant pour poursuivre votre lecture<\/p>\n<p><img loading=\"lazy\" decoding=\"async\" width=\"1206\" height=\"1241\" src=\"https:\/\/www.europesays.com\/fr\/wp-content\/uploads\/2025\/04\/04-paywall.png\" alt=\"Abonnez-vous\" class=\"wp-image-282314\" style=\"aspect-ratio:0.9717969379532635;width:281px;height:auto\"  \/><\/p>\n<p>\t\t\t<a href=\"https:\/\/www.rue89strasbourg.com\/\" class=\"custom-logo-link\" rel=\"home noopener\" target=\"_blank\"><img loading=\"lazy\" decoding=\"async\" width=\"290\" height=\"62\" src=\"https:\/\/www.europesays.com\/fr\/wp-content\/uploads\/2025\/04\/1743975279_388_logo.png\" class=\"custom-logo\" alt=\"Rue89 Strasbourg Enqu\u00eates et informations locales\"  \/><\/a><\/p>\n<p>\n\t\t\t\tAbonnez-vous maintenant pour suivre l\u2019actualit\u00e9 locale.\t\t\t<\/p>\n<p class=\"font-bold font-serif-heading mb-2 text-4xl\">\n\t\t\t\t\t\tL\u2019investigation locale \u00e0 port\u00e9e de main.\n\t\t\t\t\t<\/p>\n<p>\n\t\t\t\t\t\tAbonnez-vous et profitez d\u2019un acc\u00e8s illimit\u00e9 \u00e0 Rue89 Strasbourg. Annulez quand vous voulez.\n\t\t\t\t\t<\/p>\n<p class=\"xl:text-sm\">\n\t\t\t\t\tD\u00e9j\u00e0 abonn\u00e9\u00a0?<br \/>\n\t\t\t\t\t<a class=\"border border-transparent text-center transition-colors duration-instant focus:border-info focus:rounded focus:shadow-focus cursor-pointer text-black hover:text-gray-700 active:bg-black-700 font-semibold inline-block\" href=\"https:\/\/www.rue89strasbourg.com\/user\/connexion?redirect=\/brasserie-schutzenberger-reprise-groupe-bo-schiltigheim-359570\" target=\"_blank\" rel=\"noopener\">Connectez-vous<\/a>\t\t\t\t<\/p>\n<p>\n\t\t\t\tChoisissez votre formule\u00a0:\n\t\t\t<\/p>\n<p>\t\t\t\tFermer<\/p>\n","protected":false},"excerpt":{"rendered":"Samedi 13 septembre, les architectes ont pr\u00e9sent\u00e9 l\u2019avenir de l\u2019ancienne brasserie Schutzenberger, que le Groupe BO souhaite r\u00e9nover&hellip;\n","protected":false},"author":2,"featured_media":394266,"comment_status":"","ping_status":"","sticky":false,"template":"","format":"standard","meta":{"footnotes":""},"categories":[2820],"tags":[1111,11,48480,1777,674,1011,27,775,52644,12,25,5512,640,1352],"class_list":{"0":"post-394265","1":"post","2":"type-post","3":"status-publish","4":"format-standard","5":"has-post-thumbnail","7":"category-strasbourg","8":"tag-actu","9":"tag-actualites","10":"tag-brasserie-schutzenberger","11":"tag-eu","12":"tag-europe","13":"tag-fr","14":"tag-france","15":"tag-grand-est","16":"tag-groupe-bo","17":"tag-news","18":"tag-republique-francaise","19":"tag-schiltigheim","20":"tag-strasbourg","21":"tag-urbanisme"},"share_on_mastodon":{"url":"https:\/\/pubeurope.com\/@fr\/115212201854796299","error":""},"_links":{"self":[{"href":"https:\/\/www.europesays.com\/fr\/wp-json\/wp\/v2\/posts\/394265","targetHints":{"allow":["GET"]}}],"collection":[{"href":"https:\/\/www.europesays.com\/fr\/wp-json\/wp\/v2\/posts"}],"about":[{"href":"https:\/\/www.europesays.com\/fr\/wp-json\/wp\/v2\/types\/post"}],"author":[{"embeddable":true,"href":"https:\/\/www.europesays.com\/fr\/wp-json\/wp\/v2\/users\/2"}],"replies":[{"embeddable":true,"href":"https:\/\/www.europesays.com\/fr\/wp-json\/wp\/v2\/comments?post=394265"}],"version-history":[{"count":0,"href":"https:\/\/www.europesays.com\/fr\/wp-json\/wp\/v2\/posts\/394265\/revisions"}],"wp:featuredmedia":[{"embeddable":true,"href":"https:\/\/www.europesays.com\/fr\/wp-json\/wp\/v2\/media\/394266"}],"wp:attachment":[{"href":"https:\/\/www.europesays.com\/fr\/wp-json\/wp\/v2\/media?parent=394265"}],"wp:term":[{"taxonomy":"category","embeddable":true,"href":"https:\/\/www.europesays.com\/fr\/wp-json\/wp\/v2\/categories?post=394265"},{"taxonomy":"post_tag","embeddable":true,"href":"https:\/\/www.europesays.com\/fr\/wp-json\/wp\/v2\/tags?post=394265"}],"curies":[{"name":"wp","href":"https:\/\/api.w.org\/{rel}","templated":true}]}}