{"id":394267,"date":"2025-09-16T04:57:23","date_gmt":"2025-09-16T04:57:23","guid":{"rendered":"https:\/\/www.europesays.com\/fr\/394267\/"},"modified":"2025-09-16T04:57:23","modified_gmt":"2025-09-16T04:57:23","slug":"panne-electrique-aux-services-de-leurometropole-de-strasbourg","status":"publish","type":"post","link":"https:\/\/www.europesays.com\/fr\/394267\/","title":{"rendered":"Panne \u00e9lectrique aux services de l&rsquo;Eurom\u00e9tropole de Strasbourg"},"content":{"rendered":"<p>Une panne \u00e9lectrique immobilise ce lundi les services informatiques de la Ville et de l&rsquo;Eurom\u00e9tropole de Strasbourg. Les personnes qui avaient rendez-vous au centre administratif sont invit\u00e9es \u00e0 le reporter. <\/p>\n<p>\u00ab\u00a0Une importante panne \u00e9lectrique affecte l&rsquo;infrastructure informatique\u00a0\u00bb, a publi\u00e9 l&rsquo;Eurom\u00e9tropole de Strasbourg ce lundi 15 septembre sur les r\u00e9seaux sociaux. Les services du centre administratif sont donc inaccessibles.<\/p>\n<p><strong>Seuls les d\u00e9p\u00f4ts de dossier pour les cartes d&rsquo;identit\u00e9 ou les passeports sont possibles<\/strong>, tous les autres services ne pourront pas \u00eatre assur\u00e9s par les agents et agents de la Ville et de l&rsquo;Eurom\u00e9tropole. Si vous \u00eates concern\u00e9, il vous est demand\u00e9 de reporter votre venue.<\/p>\n<p>  (function(w, d) {     if (w.FB &#038;&#038; w.FB.XFBML &#038;&#038; w.FB.XFBML.parse) {         if (&lsquo;undefined&rsquo; == typeof w.__fbTimeout) {             w.__fbTimeout = setTimeout(function() {                 w.FB.XFBML.parse();                 w.__fbTimeout = undefined;             }, 1000);         }     } else if (&lsquo;undefined&rsquo; == typeof w.__fbTimeout) {         if (d.querySelectorAll(&lsquo;#fb-root&rsquo;).length === 0) {             var fbRoot = d.createElement(&lsquo;div&rsquo;);             fbRoot.id = &lsquo;fb-root&rsquo;;             d.querySelector(&lsquo;body&rsquo;).append(fbRoot);         }         if (d.querySelectorAll(&lsquo;#facebook-jssdk&rsquo;).length === 0) {             var fbScript = d.createElement(&lsquo;script&rsquo;);             fbScript.id = &lsquo;facebook-jssdk&rsquo;;             fbScript.src=\u00a0\u00bb\/\/connect.facebook.net\/fr_FR\/sdk.js#xfbml=1&#038;version=v2.8&#038;appId=593991304071705&Prime;;             fbScript.async = 1;             d.querySelector(&lsquo;head&rsquo;).append(fbScript);         }     } })(window, window.document); \\u003C\/script>\\\u00a0\u00bb,\\\u00a0\u00bbprovider\\\u00a0\u00bb:\\\u00a0\u00bbfacebook\\\u00a0\u00bb,\\\u00a0\u00bbdidomiPurposes\\\u00a0\u00bb:\\\u00a0\u00bbPour afficher ce contenu Facebook, vous devez accepter les cookies \\u003Cb>R\u00e9seaux Sociaux\\u003C\/b>.\\u003Cbr>\\u003Cbr>Ces cookies permettent de partager ou r\u00e9agir directement sur les r\u00e9seaux sociaux auxquels vous \u00eates connect\u00e9s ou d&rsquo;int\u00e9grer du contenu initialement post\u00e9 sur ces r\u00e9seaux sociaux. Ils permettent aussi aux r\u00e9seaux sociaux d&rsquo;utiliser vos visites sur nos sites et applications \u00e0 des fins de personnalisation et de ciblage publicitaire.\\\u00a0\u00bb,\\\u00a0\u00bbdidomiVendorId\\\u00a0\u00bb:\\\u00a0\u00bbc:facebookc-rgacRMQm\\\u00a0\u00bb}}],\\\u00a0\u00bbauthors\\\u00a0\u00bb:[{\\\u00a0\u00bbname\\\u00a0\u00bb:\\\u00a0\u00bbElise Hulata\\\u00a0\u00bb,\\\u00a0\u00bbpath\\\u00a0\u00bb:\\\u00a0\u00bbpersonnes\/elise-hulata\\\u00a0\u00bb,\\\u00a0\u00bbvisualsq1x\\\u00a0\u00bb:null,\\\u00a0\u00bbvisualsq2x\\\u00a0\u00bb:null,\\\u00a0\u00bbvisualsq3x\\\u00a0\u00bb:null}],\\\u00a0\u00bbgeopoints\\\u00a0\u00bb:[{\\\u00a0\u00bbcity\\\u00a0\u00bb:\\\u00a0\u00bbStrasbourg\\\u00a0\u00bb,\\\u00a0\u00bbregion\\\u00a0\u00bb:\\\u00a0\u00bbGrand Est\\\u00a0\u00bb,\\\u00a0\u00bbdepartment\\\u00a0\u00bb:\\\u00a0\u00bbBas-Rhin\\\u00a0\u00bb}],\\\u00a0\u00bbbody\\\u00a0\u00bb:[{\\\u00a0\u00bbtype\\\u00a0\u00bb:\\\u00a0\u00bbtext\\\u00a0\u00bb,\\\u00a0\u00bbchildren\\\u00a0\u00bb:[{\\\u00a0\u00bbtype\\\u00a0\u00bb:\\\u00a0\u00bbtext\\\u00a0\u00bb,\\\u00a0\u00bbvalue\\\u00a0\u00bb:\\\u00a0\u00bb\\\\\\\u00a0\u00bb\\u003Cem>Une importante panne \u00e9lectrique affecte l&rsquo;infrastructure informatique\\u003C\/em>\\\\\\\u00a0\u00bb, a publi\u00e9 l&rsquo;Eurom\u00e9tropole de Strasbourg ce lundi 15 septembre sur les r\u00e9seaux sociaux. Les services du centre administratif sont donc inaccessibles.\\\u00a0\u00bb}]},{\\\u00a0\u00bbtype\\\u00a0\u00bb:\\\u00a0\u00bbembed\\\u00a0\u00bb,\\\u00a0\u00bbdata\\\u00a0\u00bb:{\\\u00a0\u00bbhtml\\\u00a0\u00bb:\\\u00a0\u00bb\\\u00a0\u00bb,\\\u00a0\u00bbprovider\\\u00a0\u00bb:\\\u00a0\u00bbinread\\\u00a0\u00bb,\\\u00a0\u00bbforceDisplay\\\u00a0\u00bb:true}},{\\\u00a0\u00bbtype\\\u00a0\u00bb:\\\u00a0\u00bbtext\\\u00a0\u00bb,\\\u00a0\u00bbchildren\\\u00a0\u00bb:[{\\\u00a0\u00bbtype\\\u00a0\u00bb:\\\u00a0\u00bbtext\\\u00a0\u00bb,\\\u00a0\u00bbvalue\\\u00a0\u00bb:\\\u00a0\u00bb\\u003Cstrong>Seuls les d\u00e9p\u00f4ts de dossier pour les cartes d&rsquo;identit\u00e9 ou les passeports sont possibles\\u003C\/strong>, tous les autres services ne pourront pas \u00eatre assur\u00e9s par les agents et agents de la Ville et de l&rsquo;Eurom\u00e9tropole. Si vous \u00eates concern\u00e9, il vous est demand\u00e9 de reporter votre venue.\\\u00a0\u00bb}]},{\\\u00a0\u00bbtype\\\u00a0\u00bb:\\\u00a0\u00bbembed\\\u00a0\u00bb,\\\u00a0\u00bbdata\\\u00a0\u00bb:{\\\u00a0\u00bbhtml\\\u00a0\u00bb:\\\u00a0\u00bb\\u003Cdiv class=\\\\\\\u00a0\u00bbfb-post\\\\\\\u00a0\u00bb data-href=\\\\\\\u00a0\u00bbhttps:\/\/www.facebook.com\/strasbourg.eu\/posts\/pfbid02UDiWhikZQR7nDX4nvyrTwQHuuaATPNhPKnon3zEK2yGUT2b79qbXxdPiKXZSHACtl\\\\\\\u00a0\u00bb data-width=\\\\\\\u00a0\u00bb560\\\\\\\u00a0\u00bb data-show-text=\\\\\\\u00a0\u00bbtrue\\\\\\\u00a0\u00bb >\\u003C\/div> \\u003Cscript> (function(w, d) {     if (w.FB &#038;&#038; w.FB.XFBML &#038;&#038; w.FB.XFBML.parse) {         if (&lsquo;undefined&rsquo; == typeof w.__fbTimeout) {             w.__fbTimeout = setTimeout(function() {                 w.FB.XFBML.parse();                 w.__fbTimeout = undefined;             }, 1000);         }     } else if (&lsquo;undefined&rsquo; == typeof w.__fbTimeout) {         if (d.querySelectorAll(&lsquo;#fb-root&rsquo;).length === 0) {             var fbRoot = d.createElement(&lsquo;div&rsquo;);             fbRoot.id = &lsquo;fb-root&rsquo;;             d.querySelector(&lsquo;body&rsquo;).append(fbRoot);         }         if (d.querySelectorAll(&lsquo;#facebook-jssdk&rsquo;).length === 0) {             var fbScript = d.createElement(&lsquo;script&rsquo;);             fbScript.id = &lsquo;facebook-jssdk&rsquo;;             fbScript.src=\u00a0\u00bb\/\/connect.facebook.net\/fr_FR\/sdk.js#xfbml=1&#038;version=v2.8&#038;appId=593991304071705&Prime;;             fbScript.async = 1;             d.querySelector(&lsquo;head&rsquo;).append(fbScript);         }     } })(window, window.document); \\u003C\/script>\\\u00a0\u00bb,\\\u00a0\u00bbprovider\\\u00a0\u00bb:\\\u00a0\u00bbfacebook\\\u00a0\u00bb,\\\u00a0\u00bbdidomiPurposes\\\u00a0\u00bb:\\\u00a0\u00bbPour afficher ce contenu Facebook, vous devez accepter les cookies \\u003Cb>R\u00e9seaux Sociaux\\u003C\/b>.\\u003Cbr>\\u003Cbr>Ces cookies permettent de partager ou r\u00e9agir directement sur les r\u00e9seaux sociaux auxquels vous \u00eates connect\u00e9s ou d&rsquo;int\u00e9grer du contenu initialement post\u00e9 sur ces r\u00e9seaux sociaux. Ils permettent aussi aux r\u00e9seaux sociaux d&rsquo;utiliser vos visites sur nos sites et applications \u00e0 des fins de personnalisation et de ciblage publicitaire.\\\u00a0\u00bb,\\\u00a0\u00bbdidomiVendorId\\\u00a0\u00bb:\\\u00a0\u00bbc:facebookc-rgacRMQm\\\u00a0\u00bb}}],\\\u00a0\u00bbgeoInfos\\\u00a0\u00bb:[{\\\u00a0\u00bbregion\\\u00a0\u00bb:{\\\u00a0\u00bbslug\\\u00a0\u00bb:\\\u00a0\u00bbgrand-est\\\u00a0\u00bb,\\\u00a0\u00bbtitle\\\u00a0\u00bb:\\\u00a0\u00bbGrand Est\\\u00a0\u00bb,\\\u00a0\u00bbcities\\\u00a0\u00bb:[{\\\u00a0\u00bbtitle\\\u00a0\u00bb:\\\u00a0\u00bbCharleville-M\u00e9zi\u00e8res\\\u00a0\u00bb,\\\u00a0\u00bbpath\\\u00a0\u00bb:\\\u00a0\u00bb\/grand-est\/ardennes-08\/charleville-mezieres\\\u00a0\u00bb},{\\\u00a0\u00bbtitle\\\u00a0\u00bb:\\\u00a0\u00bbCh\u00e2lons-en-Champagne\\\u00a0\u00bb,\\\u00a0\u00bbpath\\\u00a0\u00bb:\\\u00a0\u00bb\/grand-est\/marne-51\/chalons-en-champagne\\\u00a0\u00bb},{\\\u00a0\u00bbtitle\\\u00a0\u00bb:\\\u00a0\u00bbColmar\\\u00a0\u00bb,\\\u00a0\u00bbpath\\\u00a0\u00bb:\\\u00a0\u00bb\/grand-est\/alsace-CEA\/colmar\\\u00a0\u00bb},{\\\u00a0\u00bbtitle\\\u00a0\u00bb:\\\u00a0\u00bbMetz\\\u00a0\u00bb,\\\u00a0\u00bbpath\\\u00a0\u00bb:\\\u00a0\u00bb\/grand-est\/moselle-57\/metz\\\u00a0\u00bb},{\\\u00a0\u00bbtitle\\\u00a0\u00bb:\\\u00a0\u00bbMulhouse\\\u00a0\u00bb,\\\u00a0\u00bbpath\\\u00a0\u00bb:\\\u00a0\u00bb\/grand-est\/alsace-CEA\/mulhouse\\\u00a0\u00bb},{\\\u00a0\u00bbtitle\\\u00a0\u00bb:\\\u00a0\u00bbNancy\\\u00a0\u00bb,\\\u00a0\u00bbpath\\\u00a0\u00bb:\\\u00a0\u00bb\/grand-est\/meurthe-et-moselle-54\/nancy\\\u00a0\u00bb},{\\\u00a0\u00bbtitle\\\u00a0\u00bb:\\\u00a0\u00bbReims\\\u00a0\u00bb,\\\u00a0\u00bbpath\\\u00a0\u00bb:\\\u00a0\u00bb\/grand-est\/marne-51\/reims\\\u00a0\u00bb},{\\\u00a0\u00bbtitle\\\u00a0\u00bb:\\\u00a0\u00bbStrasbourg\\\u00a0\u00bb,\\\u00a0\u00bbpath\\\u00a0\u00bb:\\\u00a0\u00bb\/grand-est\/alsace-CEA\/strasbourg\\\u00a0\u00bb},{\\\u00a0\u00bbtitle\\\u00a0\u00bb:\\\u00a0\u00bbThionville\\\u00a0\u00bb,\\\u00a0\u00bbpath\\\u00a0\u00bb:\\\u00a0\u00bb\/grand-est\/moselle-57\/thionville\\\u00a0\u00bb},{\\\u00a0\u00bbtitle\\\u00a0\u00bb:\\\u00a0\u00bbTroyes\\\u00a0\u00bb,\\\u00a0\u00bbpath\\\u00a0\u00bb:\\\u00a0\u00bb\/grand-est\/aube-10\/troyes\\\u00a0\u00bb}],\\\u00a0\u00bbdepartments\\\u00a0\u00bb:[{\\\u00a0\u00bbslug\\\u00a0\u00bb:\\\u00a0\u00bbalsace-cea\\\u00a0\u00bb,\\\u00a0\u00bbtitle\\\u00a0\u00bb:\\\u00a0\u00bbAlsace\\\u00a0\u00bb,\\\u00a0\u00bbtitleArticle\\\u00a0\u00bb:\\\u00a0\u00bbde l&rsquo;\\\u00a0\u00bb,\\\u00a0\u00bblocale\\\u00a0\u00bb:{\\\u00a0\u00bbmain\\\u00a0\u00bb:\\\u00a0\u00bbalsace\\\u00a0\u00bb,\\\u00a0\u00bbnearest\\\u00a0\u00bb:[\\\u00a0\u00bbelsass\\\u00a0\u00bb]},\\\u00a0\u00bbnearestDepartment\\\u00a0\u00bb:[\\\u00a0\u00bbterritoire-de-belfort-90\\\u00a0\u00bb,\\\u00a0\u00bbvosges-88\\\u00a0\u00bb,\\\u00a0\u00bbmoselle-57\\\u00a0\u00bb,\\\u00a0\u00bbmeurthe-et-moselle-54\\\u00a0\u00bb],\\\u00a0\u00bbcities\\\u00a0\u00bb:[{\\\u00a0\u00bbpath\\\u00a0\u00bb:\\\u00a0\u00bb\/grand-est\/alsace-cea\/colmar\\\u00a0\u00bb,\\\u00a0\u00bbtitle\\\u00a0\u00bb:\\\u00a0\u00bbColmar\\\u00a0\u00bb},{\\\u00a0\u00bbpath\\\u00a0\u00bb:\\\u00a0\u00bb\/grand-est\/alsace-cea\/mulhouse\\\u00a0\u00bb,\\\u00a0\u00bbtitle\\\u00a0\u00bb:\\\u00a0\u00bbMulhouse\\\u00a0\u00bb},{\\\u00a0\u00bbpath\\\u00a0\u00bb:\\\u00a0\u00bb\/grand-est\/alsace-cea\/saint-louis\\\u00a0\u00bb,\\\u00a0\u00bbtitle\\\u00a0\u00bb:\\\u00a0\u00bbSaint-Louis\\\u00a0\u00bb},{\\\u00a0\u00bbpath\\\u00a0\u00bb:\\\u00a0\u00bb\/grand-est\/alsace-cea\/bischheim\\\u00a0\u00bb,\\\u00a0\u00bbtitle\\\u00a0\u00bb:\\\u00a0\u00bbBischheim\\\u00a0\u00bb},{\\\u00a0\u00bbpath\\\u00a0\u00bb:\\\u00a0\u00bb\/grand-est\/alsace-cea\/haguenau\\\u00a0\u00bb,\\\u00a0\u00bbtitle\\\u00a0\u00bb:\\\u00a0\u00bbHaguenau\\\u00a0\u00bb},{\\\u00a0\u00bbpath\\\u00a0\u00bb:\\\u00a0\u00bb\/grand-est\/alsace-cea\/illkirch-graffenstaden\\\u00a0\u00bb,\\\u00a0\u00bbtitle\\\u00a0\u00bb:\\\u00a0\u00bbIllkirch-Graffenstaden\\\u00a0\u00bb},{\\\u00a0\u00bbpath\\\u00a0\u00bb:\\\u00a0\u00bb\/grand-est\/alsace-cea\/lingolsheim\\\u00a0\u00bb,\\\u00a0\u00bbtitle\\\u00a0\u00bb:\\\u00a0\u00bbLingolsheim\\\u00a0\u00bb},{\\\u00a0\u00bbpath\\\u00a0\u00bb:\\\u00a0\u00bb\/grand-est\/alsace-cea\/schiltigheim\\\u00a0\u00bb,\\\u00a0\u00bbtitle\\\u00a0\u00bb:\\\u00a0\u00bbSchiltigheim\\\u00a0\u00bb},{\\\u00a0\u00bbpath\\\u00a0\u00bb:\\\u00a0\u00bb\/grand-est\/alsace-cea\/strasbourg\\\u00a0\u00bb,\\\u00a0\u00bbtitle\\\u00a0\u00bb:\\\u00a0\u00bbStrasbourg\\\u00a0\u00bb},{\\\u00a0\u00bbpath\\\u00a0\u00bb:\\\u00a0\u00bb\/grand-est\/alsace-cea\/selestat\\\u00a0\u00bb,\\\u00a0\u00bbtitle\\\u00a0\u00bb:\\\u00a0\u00bbS\u00e9lestat\\\u00a0\u00bb}]},{\\\u00a0\u00bbslug\\\u00a0\u00bb:\\\u00a0\u00bbardennes-08\\\u00a0\u00bb,\\\u00a0\u00bbtitle\\\u00a0\u00bb:\\\u00a0\u00bbArdennes\\\u00a0\u00bb,\\\u00a0\u00bbtitleArticle\\\u00a0\u00bb:\\\u00a0\u00bbdes \\\u00a0\u00bb,\\\u00a0\u00bblocale\\\u00a0\u00bb:{\\\u00a0\u00bbnearest\\\u00a0\u00bb:[\\\u00a0\u00bbchampagne-ardenne\\\u00a0\u00bb]},\\\u00a0\u00bbnearestDepartment\\\u00a0\u00bb:[\\\u00a0\u00bbnord-59\\\u00a0\u00bb,\\\u00a0\u00bbmeuse-55\\\u00a0\u00bb,\\\u00a0\u00bbmarne-51\\\u00a0\u00bb,\\\u00a0\u00bbaisne-02\\\u00a0\u00bb],\\\u00a0\u00bbcities\\\u00a0\u00bb:[{\\\u00a0\u00bbpath\\\u00a0\u00bb:\\\u00a0\u00bb\/grand-est\/ardennes-08\/bogny-sur-meuse\\\u00a0\u00bb,\\\u00a0\u00bbtitle\\\u00a0\u00bb:\\\u00a0\u00bbBogny-sur-Meuse\\\u00a0\u00bb},{\\\u00a0\u00bbpath\\\u00a0\u00bb:\\\u00a0\u00bb\/grand-est\/ardennes-08\/charleville-mezieres\\\u00a0\u00bb,\\\u00a0\u00bbtitle\\\u00a0\u00bb:\\\u00a0\u00bbCharleville-M\u00e9zi\u00e8res\\\u00a0\u00bb},{\\\u00a0\u00bbpath\\\u00a0\u00bb:\\\u00a0\u00bb\/grand-est\/ardennes-08\/givet\\\u00a0\u00bb,\\\u00a0\u00bbtitle\\\u00a0\u00bb:\\\u00a0\u00bbGivet\\\u00a0\u00bb},{\\\u00a0\u00bbpath\\\u00a0\u00bb:\\\u00a0\u00bb\/grand-est\/ardennes-08\/nouzonville\\\u00a0\u00bb,\\\u00a0\u00bbtitle\\\u00a0\u00bb:\\\u00a0\u00bbNouzonville\\\u00a0\u00bb},{\\\u00a0\u00bbpath\\\u00a0\u00bb:\\\u00a0\u00bb\/grand-est\/ardennes-08\/rethel\\\u00a0\u00bb,\\\u00a0\u00bbtitle\\\u00a0\u00bb:\\\u00a0\u00bbRethel\\\u00a0\u00bb},{\\\u00a0\u00bbpath\\\u00a0\u00bb:\\\u00a0\u00bb\/grand-est\/ardennes-08\/revin\\\u00a0\u00bb,\\\u00a0\u00bbtitle\\\u00a0\u00bb:\\\u00a0\u00bbRevin\\\u00a0\u00bb},{\\\u00a0\u00bbpath\\\u00a0\u00bb:\\\u00a0\u00bb\/grand-est\/ardennes-08\/sedan\\\u00a0\u00bb,\\\u00a0\u00bbtitle\\\u00a0\u00bb:\\\u00a0\u00bbSedan\\\u00a0\u00bb},{\\\u00a0\u00bbpath\\\u00a0\u00bb:\\\u00a0\u00bb\/grand-est\/ardennes-08\/vouziers\\\u00a0\u00bb,\\\u00a0\u00bbtitle\\\u00a0\u00bb:\\\u00a0\u00bbVouziers\\\u00a0\u00bb},{\\\u00a0\u00bbpath\\\u00a0\u00bb:\\\u00a0\u00bb\/grand-est\/ardennes-08\/vrigne-aux-bois\\\u00a0\u00bb,\\\u00a0\u00bbtitle\\\u00a0\u00bb:\\\u00a0\u00bbVrigne aux Bois\\\u00a0\u00bb},{\\\u00a0\u00bbpath\\\u00a0\u00bb:\\\u00a0\u00bb\/grand-est\/ardennes-08\/villers-semeuse\\\u00a0\u00bb,\\\u00a0\u00bbtitle\\\u00a0\u00bb:\\\u00a0\u00bbVillers-Semeuse\\\u00a0\u00bb}]},{\\\u00a0\u00bbslug\\\u00a0\u00bb:\\\u00a0\u00bbaube-10\\\u00a0\u00bb,\\\u00a0\u00bbtitle\\\u00a0\u00bb:\\\u00a0\u00bbAube\\\u00a0\u00bb,\\\u00a0\u00bbtitleArticle\\\u00a0\u00bb:\\\u00a0\u00bbde l&rsquo;\\\u00a0\u00bb,\\\u00a0\u00bblocale\\\u00a0\u00bb:{\\\u00a0\u00bbnearest\\\u00a0\u00bb:[\\\u00a0\u00bbchampagne-ardenne\\\u00a0\u00bb]},\\\u00a0\u00bbnearestDepartment\\\u00a0\u00bb:[\\\u00a0\u00bbseine-et-marne-77\\\u00a0\u00bb,\\\u00a0\u00bbmarne-51\\\u00a0\u00bb,\\\u00a0\u00bbhaute-marne-52\\\u00a0\u00bb,\\\u00a0\u00bbcote-dor-21\\\u00a0\u00bb,\\\u00a0\u00bbyonne-89\\\u00a0\u00bb],\\\u00a0\u00bbcities\\\u00a0\u00bb:[{\\\u00a0\u00bbpath\\\u00a0\u00bb:\\\u00a0\u00bb\/grand-est\/aube-10\/bar-sur-aube\\\u00a0\u00bb,\\\u00a0\u00bbtitle\\\u00a0\u00bb:\\\u00a0\u00bbBar-sur-Aube\\\u00a0\u00bb},{\\\u00a0\u00bbpath\\\u00a0\u00bb:\\\u00a0\u00bb\/grand-est\/aube-10\/nogent-sur-seine\\\u00a0\u00bb,\\\u00a0\u00bbtitle\\\u00a0\u00bb:\\\u00a0\u00bbNogent-sur-Seine\\\u00a0\u00bb},{\\\u00a0\u00bbpath\\\u00a0\u00bb:\\\u00a0\u00bb\/grand-est\/aube-10\/pont-sainte-marie\\\u00a0\u00bb,\\\u00a0\u00bbtitle\\\u00a0\u00bb:\\\u00a0\u00bbPont-Sainte-Marie\\\u00a0\u00bb},{\\\u00a0\u00bbpath\\\u00a0\u00bb:\\\u00a0\u00bb\/grand-est\/aube-10\/romilly-sur-seine\\\u00a0\u00bb,\\\u00a0\u00bbtitle\\\u00a0\u00bb:\\\u00a0\u00bbRomilly-sur-Seine\\\u00a0\u00bb},{\\\u00a0\u00bbpath\\\u00a0\u00bb:\\\u00a0\u00bb\/grand-est\/aube-10\/saint-andre-les-vergers\\\u00a0\u00bb,\\\u00a0\u00bbtitle\\\u00a0\u00bb:\\\u00a0\u00bbSaint-Andr\u00e9-les-Vergers\\\u00a0\u00bb},{\\\u00a0\u00bbpath\\\u00a0\u00bb:\\\u00a0\u00bb\/grand-est\/aube-10\/saint-julien-les-villas\\\u00a0\u00bb,\\\u00a0\u00bbtitle\\\u00a0\u00bb:\\\u00a0\u00bbSaint-Julien-les-Villas\\\u00a0\u00bb},{\\\u00a0\u00bbpath\\\u00a0\u00bb:\\\u00a0\u00bb\/grand-est\/aube-10\/sainte-savine\\\u00a0\u00bb,\\\u00a0\u00bbtitle\\\u00a0\u00bb:\\\u00a0\u00bbSainte-Savine\\\u00a0\u00bb},{\\\u00a0\u00bbpath\\\u00a0\u00bb:\\\u00a0\u00bb\/grand-est\/aube-10\/troyes\\\u00a0\u00bb,\\\u00a0\u00bbtitle\\\u00a0\u00bb:\\\u00a0\u00bbTroyes\\\u00a0\u00bb},{\\\u00a0\u00bbpath\\\u00a0\u00bb:\\\u00a0\u00bb\/grand-est\/aube-10\/rosieres-pres-troyes\\\u00a0\u00bb,\\\u00a0\u00bbtitle\\\u00a0\u00bb:\\\u00a0\u00bbRosi\u00e8res-pr\u00e8s-Troyes\\\u00a0\u00bb},{\\\u00a0\u00bbpath\\\u00a0\u00bb:\\\u00a0\u00bb\/grand-est\/aube-10\/chapelle-saint-luc\\\u00a0\u00bb,\\\u00a0\u00bbtitle\\\u00a0\u00bb:\\\u00a0\u00bbLa Chapelle-Saint-Luc\\\u00a0\u00bb}]},{\\\u00a0\u00bbslug\\\u00a0\u00bb:\\\u00a0\u00bbhaute-marne-52\\\u00a0\u00bb,\\\u00a0\u00bbtitle\\\u00a0\u00bb:\\\u00a0\u00bbHaute-Marne\\\u00a0\u00bb,\\\u00a0\u00bbtitleArticle\\\u00a0\u00bb:\\\u00a0\u00bbde \\\u00a0\u00bb,\\\u00a0\u00bblocale\\\u00a0\u00bb:{\\\u00a0\u00bbnearest\\\u00a0\u00bb:[\\\u00a0\u00bbchampagne-ardenne\\\u00a0\u00bb]},\\\u00a0\u00bbnearestDepartment\\\u00a0\u00bb:[\\\u00a0\u00bbaube-10\\\u00a0\u00bb,\\\u00a0\u00bbmarne-51\\\u00a0\u00bb,\\\u00a0\u00bbmeuse-55\\\u00a0\u00bb,\\\u00a0\u00bbvosges-88\\\u00a0\u00bb,\\\u00a0\u00bbhaute-saone-70\\\u00a0\u00bb,\\\u00a0\u00bbcote-dor-21\\\u00a0\u00bb],\\\u00a0\u00bbcities\\\u00a0\u00bb:[{\\\u00a0\u00bbpath\\\u00a0\u00bb:\\\u00a0\u00bb\/grand-est\/haute-marne-52\/bourbonne-les-bains\\\u00a0\u00bb,\\\u00a0\u00bbtitle\\\u00a0\u00bb:\\\u00a0\u00bbBourbonne-les-Bains\\\u00a0\u00bb},{\\\u00a0\u00bbpath\\\u00a0\u00bb:\\\u00a0\u00bb\/grand-est\/haute-marne-52\/chalindrey\\\u00a0\u00bb,\\\u00a0\u00bbtitle\\\u00a0\u00bb:\\\u00a0\u00bbChalindrey\\\u00a0\u00bb},{\\\u00a0\u00bbpath\\\u00a0\u00bb:\\\u00a0\u00bb\/grand-est\/haute-marne-52\/chaumont\\\u00a0\u00bb,\\\u00a0\u00bbtitle\\\u00a0\u00bb:\\\u00a0\u00bbChaumont\\\u00a0\u00bb},{\\\u00a0\u00bbpath\\\u00a0\u00bb:\\\u00a0\u00bb\/grand-est\/haute-marne-52\/joinville\\\u00a0\u00bb,\\\u00a0\u00bbtitle\\\u00a0\u00bb:\\\u00a0\u00bbJoinville\\\u00a0\u00bb},{\\\u00a0\u00bbpath\\\u00a0\u00bb:\\\u00a0\u00bb\/grand-est\/haute-marne-52\/langres\\\u00a0\u00bb,\\\u00a0\u00bbtitle\\\u00a0\u00bb:\\\u00a0\u00bbLangres\\\u00a0\u00bb},{\\\u00a0\u00bbpath\\\u00a0\u00bb:\\\u00a0\u00bb\/grand-est\/haute-marne-52\/nogent\\\u00a0\u00bb,\\\u00a0\u00bbtitle\\\u00a0\u00bb:\\\u00a0\u00bbNogent\\\u00a0\u00bb},{\\\u00a0\u00bbpath\\\u00a0\u00bb:\\\u00a0\u00bb\/grand-est\/haute-marne-52\/saint-dizier\\\u00a0\u00bb,\\\u00a0\u00bbtitle\\\u00a0\u00bb:\\\u00a0\u00bbSaint-Dizier\\\u00a0\u00bb},{\\\u00a0\u00bbpath\\\u00a0\u00bb:\\\u00a0\u00bb\/grand-est\/haute-marne-52\/wassy\\\u00a0\u00bb,\\\u00a0\u00bbtitle\\\u00a0\u00bb:\\\u00a0\u00bbWassy\\\u00a0\u00bb},{\\\u00a0\u00bbpath\\\u00a0\u00bb:\\\u00a0\u00bb\/grand-est\/haute-marne-52\/eurville-bienville\\\u00a0\u00bb,\\\u00a0\u00bbtitle\\\u00a0\u00bb:\\\u00a0\u00bbEurville-Bienville\\\u00a0\u00bb},{\\\u00a0\u00bbpath\\\u00a0\u00bb:\\\u00a0\u00bb\/grand-est\/haute-marne-52\/porte-du-der\\\u00a0\u00bb,\\\u00a0\u00bbtitle\\\u00a0\u00bb:\\\u00a0\u00bbLa Porte du Der\\\u00a0\u00bb}]},{\\\u00a0\u00bbslug\\\u00a0\u00bb:\\\u00a0\u00bbmarne-51\\\u00a0\u00bb,\\\u00a0\u00bbtitle\\\u00a0\u00bb:\\\u00a0\u00bbMarne\\\u00a0\u00bb,\\\u00a0\u00bbtitleArticle\\\u00a0\u00bb:\\\u00a0\u00bbde \\\u00a0\u00bb,\\\u00a0\u00bblocale\\\u00a0\u00bb:{\\\u00a0\u00bbmain\\\u00a0\u00bb:\\\u00a0\u00bbchampagne-ardenne\\\u00a0\u00bb,\\\u00a0\u00bbnearest\\\u00a0\u00bb:[]},\\\u00a0\u00bbnearestDepartment\\\u00a0\u00bb:[\\\u00a0\u00bbaisne-02\\\u00a0\u00bb,\\\u00a0\u00bbardennes-08\\\u00a0\u00bb,\\\u00a0\u00bbmeuse-55\\\u00a0\u00bb,\\\u00a0\u00bbhaute-marne-52\\\u00a0\u00bb,\\\u00a0\u00bbaube-10\\\u00a0\u00bb,\\\u00a0\u00bbseine-et-marne-77\\\u00a0\u00bb],\\\u00a0\u00bbcities\\\u00a0\u00bb:[{\\\u00a0\u00bbpath\\\u00a0\u00bb:\\\u00a0\u00bb\/grand-est\/marne-51\/ay-champagne\\\u00a0\u00bb,\\\u00a0\u00bbtitle\\\u00a0\u00bb:\\\u00a0\u00bbA\u00ff-Champagne\\\u00a0\u00bb},{\\\u00a0\u00bbpath\\\u00a0\u00bb:\\\u00a0\u00bb\/grand-est\/marne-51\/betheny\\\u00a0\u00bb,\\\u00a0\u00bbtitle\\\u00a0\u00bb:\\\u00a0\u00bbB\u00e9theny\\\u00a0\u00bb},{\\\u00a0\u00bbpath\\\u00a0\u00bb:\\\u00a0\u00bb\/grand-est\/marne-51\/chalons-en-champagne\\\u00a0\u00bb,\\\u00a0\u00bbtitle\\\u00a0\u00bb:\\\u00a0\u00bbCh\u00e2lons-en-Champagne\\\u00a0\u00bb},{\\\u00a0\u00bbpath\\\u00a0\u00bb:\\\u00a0\u00bb\/grand-est\/marne-51\/cormontreuil\\\u00a0\u00bb,\\\u00a0\u00bbtitle\\\u00a0\u00bb:\\\u00a0\u00bbCormontreuil\\\u00a0\u00bb},{\\\u00a0\u00bbpath\\\u00a0\u00bb:\\\u00a0\u00bb\/grand-est\/marne-51\/reims\\\u00a0\u00bb,\\\u00a0\u00bbtitle\\\u00a0\u00bb:\\\u00a0\u00bbReims\\\u00a0\u00bb},{\\\u00a0\u00bbpath\\\u00a0\u00bb:\\\u00a0\u00bb\/grand-est\/marne-51\/saint-memmie\\\u00a0\u00bb,\\\u00a0\u00bbtitle\\\u00a0\u00bb:\\\u00a0\u00bbSaint-Memmie\\\u00a0\u00bb},{\\\u00a0\u00bbpath\\\u00a0\u00bb:\\\u00a0\u00bb\/grand-est\/marne-51\/tinqueux\\\u00a0\u00bb,\\\u00a0\u00bbtitle\\\u00a0\u00bb:\\\u00a0\u00bbTinqueux\\\u00a0\u00bb},{\\\u00a0\u00bbpath\\\u00a0\u00bb:\\\u00a0\u00bb\/grand-est\/marne-51\/vitry-le-francois\\\u00a0\u00bb,\\\u00a0\u00bbtitle\\\u00a0\u00bb:\\\u00a0\u00bbVitry-le-Fran\u00e7ois\\\u00a0\u00bb},{\\\u00a0\u00bbpath\\\u00a0\u00bb:\\\u00a0\u00bb\/grand-est\/marne-51\/epernay\\\u00a0\u00bb,\\\u00a0\u00bbtitle\\\u00a0\u00bb:\\\u00a0\u00bb\u00c9pernay\\\u00a0\u00bb},{\\\u00a0\u00bbpath\\\u00a0\u00bb:\\\u00a0\u00bb\/grand-est\/marne-51\/fismes\\\u00a0\u00bb,\\\u00a0\u00bbtitle\\\u00a0\u00bb:\\\u00a0\u00bbFismes\\\u00a0\u00bb}]},{\\\u00a0\u00bbslug\\\u00a0\u00bb:\\\u00a0\u00bbmeurthe-et-moselle-54\\\u00a0\u00bb,\\\u00a0\u00bbtitle\\\u00a0\u00bb:\\\u00a0\u00bbMeurthe-et-Moselle\\\u00a0\u00bb,\\\u00a0\u00bbtitleArticle\\\u00a0\u00bb:\\\u00a0\u00bbde \\\u00a0\u00bb,\\\u00a0\u00bbtitleHtml\\\u00a0\u00bb:\\\u00a0\u00bbMeurthe-et\u2011Moselle\\\u00a0\u00bb,\\\u00a0\u00bblocale\\\u00a0\u00bb:{\\\u00a0\u00bbmain\\\u00a0\u00bb:\\\u00a0\u00bbsud-lorraine\\\u00a0\u00bb,\\\u00a0\u00bbnearest\\\u00a0\u00bb:[\\\u00a0\u00bblorraine-nord\\\u00a0\u00bb]},\\\u00a0\u00bbnearestDepartment\\\u00a0\u00bb:[\\\u00a0\u00bbmeuse-55\\\u00a0\u00bb,\\\u00a0\u00bbmoselle-57\\\u00a0\u00bb,\\\u00a0\u00bbalsace-cea\\\u00a0\u00bb,\\\u00a0\u00bbvosges-88\\\u00a0\u00bb],\\\u00a0\u00bbcities\\\u00a0\u00bb:[{\\\u00a0\u00bbpath\\\u00a0\u00bb:\\\u00a0\u00bb\/grand-est\/meurthe-et-moselle-54\/laxou\\\u00a0\u00bb,\\\u00a0\u00bbtitle\\\u00a0\u00bb:\\\u00a0\u00bbLaxou\\\u00a0\u00bb},{\\\u00a0\u00bbpath\\\u00a0\u00bb:\\\u00a0\u00bb\/grand-est\/meurthe-et-moselle-54\/longwy\\\u00a0\u00bb,\\\u00a0\u00bbtitle\\\u00a0\u00bb:\\\u00a0\u00bbLongwy\\\u00a0\u00bb},{\\\u00a0\u00bbpath\\\u00a0\u00bb:\\\u00a0\u00bb\/grand-est\/meurthe-et-moselle-54\/luneville\\\u00a0\u00bb,\\\u00a0\u00bbtitle\\\u00a0\u00bb:\\\u00a0\u00bbLun\u00e9ville\\\u00a0\u00bb},{\\\u00a0\u00bbpath\\\u00a0\u00bb:\\\u00a0\u00bb\/grand-est\/meurthe-et-moselle-54\/maxeville\\\u00a0\u00bb,\\\u00a0\u00bbtitle\\\u00a0\u00bb:\\\u00a0\u00bbMax\u00e9ville\\\u00a0\u00bb},{\\\u00a0\u00bbpath\\\u00a0\u00bb:\\\u00a0\u00bb\/grand-est\/meurthe-et-moselle-54\/nancy\\\u00a0\u00bb,\\\u00a0\u00bbtitle\\\u00a0\u00bb:\\\u00a0\u00bbNancy\\\u00a0\u00bb},{\\\u00a0\u00bbpath\\\u00a0\u00bb:\\\u00a0\u00bb\/grand-est\/meurthe-et-moselle-54\/pont-a-mousson\\\u00a0\u00bb,\\\u00a0\u00bbtitle\\\u00a0\u00bb:\\\u00a0\u00bbPont-\u00e0-Mousson\\\u00a0\u00bb},{\\\u00a0\u00bbpath\\\u00a0\u00bb:\\\u00a0\u00bb\/grand-est\/meurthe-et-moselle-54\/toul\\\u00a0\u00bb,\\\u00a0\u00bbtitle\\\u00a0\u00bb:\\\u00a0\u00bbToul\\\u00a0\u00bb},{\\\u00a0\u00bbpath\\\u00a0\u00bb:\\\u00a0\u00bb\/grand-est\/meurthe-et-moselle-54\/vandoeuvre-les-nancy\\\u00a0\u00bb,\\\u00a0\u00bbtitle\\\u00a0\u00bb:\\\u00a0\u00bbVand\u0153uvre-l\u00e8s-Nancy\\\u00a0\u00bb},{\\\u00a0\u00bbpath\\\u00a0\u00bb:\\\u00a0\u00bb\/grand-est\/meurthe-et-moselle-54\/villers-les-nancy\\\u00a0\u00bb,\\\u00a0\u00bbtitle\\\u00a0\u00bb:\\\u00a0\u00bbVillers-l\u00e8s-Nancy\\\u00a0\u00bb},{\\\u00a0\u00bbpath\\\u00a0\u00bb:\\\u00a0\u00bb\/grand-est\/meurthe-et-moselle-54\/dombasle-sur-meurthe\\\u00a0\u00bb,\\\u00a0\u00bbtitle\\\u00a0\u00bb:\\\u00a0\u00bbDombasle-sur-Meurthe\\\u00a0\u00bb}]},{\\\u00a0\u00bbslug\\\u00a0\u00bb:\\\u00a0\u00bbmeuse-55\\\u00a0\u00bb,\\\u00a0\u00bbtitle\\\u00a0\u00bb:\\\u00a0\u00bbMeuse\\\u00a0\u00bb,\\\u00a0\u00bbtitleArticle\\\u00a0\u00bb:\\\u00a0\u00bbde \\\u00a0\u00bb,\\\u00a0\u00bblocale\\\u00a0\u00bb:{\\\u00a0\u00bbnearest\\\u00a0\u00bb:[\\\u00a0\u00bblorraine-nord\\\u00a0\u00bb,\\\u00a0\u00bbsud-lorraine\\\u00a0\u00bb]},\\\u00a0\u00bbnearestDepartment\\\u00a0\u00bb:[\\\u00a0\u00bbardennes-08\\\u00a0\u00bb,\\\u00a0\u00bbmeurthe-et-moselle-54\\\u00a0\u00bb,\\\u00a0\u00bbvosges-88\\\u00a0\u00bb,\\\u00a0\u00bbhaute-marne-52\\\u00a0\u00bb,\\\u00a0\u00bbaube-10\\\u00a0\u00bb,\\\u00a0\u00bbmarne-51\\\u00a0\u00bb],\\\u00a0\u00bbcities\\\u00a0\u00bb:[{\\\u00a0\u00bbpath\\\u00a0\u00bb:\\\u00a0\u00bb\/grand-est\/meuse-55\/bar-le-duc\\\u00a0\u00bb,\\\u00a0\u00bbtitle\\\u00a0\u00bb:\\\u00a0\u00bbBar-le-Duc\\\u00a0\u00bb},{\\\u00a0\u00bbpath\\\u00a0\u00bb:\\\u00a0\u00bb\/grand-est\/meuse-55\/belleville-sur-meuse\\\u00a0\u00bb,\\\u00a0\u00bbtitle\\\u00a0\u00bb:\\\u00a0\u00bbBelleville-sur-Meuse\\\u00a0\u00bb},{\\\u00a0\u00bbpath\\\u00a0\u00bb:\\\u00a0\u00bb\/grand-est\/meuse-55\/commercy\\\u00a0\u00bb,\\\u00a0\u00bbtitle\\\u00a0\u00bb:\\\u00a0\u00bbCommercy\\\u00a0\u00bb},{\\\u00a0\u00bbpath\\\u00a0\u00bb:\\\u00a0\u00bb\/grand-est\/meuse-55\/ligny-en-barrois\\\u00a0\u00bb,\\\u00a0\u00bbtitle\\\u00a0\u00bb:\\\u00a0\u00bbLigny-en-Barrois\\\u00a0\u00bb},{\\\u00a0\u00bbpath\\\u00a0\u00bb:\\\u00a0\u00bb\/grand-est\/meuse-55\/revigny-sur-ornain\\\u00a0\u00bb,\\\u00a0\u00bbtitle\\\u00a0\u00bb:\\\u00a0\u00bbRevigny-sur-Ornain\\\u00a0\u00bb},{\\\u00a0\u00bbpath\\\u00a0\u00bb:\\\u00a0\u00bb\/grand-est\/meuse-55\/saint-mihiel\\\u00a0\u00bb,\\\u00a0\u00bbtitle\\\u00a0\u00bb:\\\u00a0\u00bbSaint-Mihiel\\\u00a0\u00bb},{\\\u00a0\u00bbpath\\\u00a0\u00bb:\\\u00a0\u00bb\/grand-est\/meuse-55\/thierville-sur-meuse\\\u00a0\u00bb,\\\u00a0\u00bbtitle\\\u00a0\u00bb:\\\u00a0\u00bbThierville-sur-Meuse\\\u00a0\u00bb},{\\\u00a0\u00bbpath\\\u00a0\u00bb:\\\u00a0\u00bb\/grand-est\/meuse-55\/verdun\\\u00a0\u00bb,\\\u00a0\u00bbtitle\\\u00a0\u00bb:\\\u00a0\u00bbVerdun\\\u00a0\u00bb},{\\\u00a0\u00bbpath\\\u00a0\u00bb:\\\u00a0\u00bb\/grand-est\/meuse-55\/etain\\\u00a0\u00bb,\\\u00a0\u00bbtitle\\\u00a0\u00bb:\\\u00a0\u00bb\u00c9tain\\\u00a0\u00bb},{\\\u00a0\u00bbpath\\\u00a0\u00bb:\\\u00a0\u00bb\/grand-est\/meuse-55\/ancerville\\\u00a0\u00bb,\\\u00a0\u00bbtitle\\\u00a0\u00bb:\\\u00a0\u00bbAncerville\\\u00a0\u00bb}]},{\\\u00a0\u00bbslug\\\u00a0\u00bb:\\\u00a0\u00bbmoselle-57\\\u00a0\u00bb,\\\u00a0\u00bbtitle\\\u00a0\u00bb:\\\u00a0\u00bbMoselle\\\u00a0\u00bb,\\\u00a0\u00bbtitleArticle\\\u00a0\u00bb:\\\u00a0\u00bbde \\\u00a0\u00bb,\\\u00a0\u00bblocale\\\u00a0\u00bb:{\\\u00a0\u00bbmain\\\u00a0\u00bb:\\\u00a0\u00bblorraine-nord\\\u00a0\u00bb,\\\u00a0\u00bbnearest\\\u00a0\u00bb:[]},\\\u00a0\u00bbnearestDepartment\\\u00a0\u00bb:[\\\u00a0\u00bbmeuse-55\\\u00a0\u00bb,\\\u00a0\u00bbalsace-cea\\\u00a0\u00bb],\\\u00a0\u00bbcities\\\u00a0\u00bb:[{\\\u00a0\u00bbpath\\\u00a0\u00bb:\\\u00a0\u00bb\/grand-est\/moselle-57\/forbach\\\u00a0\u00bb,\\\u00a0\u00bbtitle\\\u00a0\u00bb:\\\u00a0\u00bbForbach\\\u00a0\u00bb},{\\\u00a0\u00bbpath\\\u00a0\u00bb:\\\u00a0\u00bb\/grand-est\/moselle-57\/hayange\\\u00a0\u00bb,\\\u00a0\u00bbtitle\\\u00a0\u00bb:\\\u00a0\u00bbHayange\\\u00a0\u00bb},{\\\u00a0\u00bbpath\\\u00a0\u00bb:\\\u00a0\u00bb\/grand-est\/moselle-57\/metz\\\u00a0\u00bb,\\\u00a0\u00bbtitle\\\u00a0\u00bb:\\\u00a0\u00bbMetz\\\u00a0\u00bb},{\\\u00a0\u00bbpath\\\u00a0\u00bb:\\\u00a0\u00bb\/grand-est\/moselle-57\/montigny-les-metz\\\u00a0\u00bb,\\\u00a0\u00bbtitle\\\u00a0\u00bb:\\\u00a0\u00bbMontigny-l\u00e8s-Metz\\\u00a0\u00bb},{\\\u00a0\u00bbpath\\\u00a0\u00bb:\\\u00a0\u00bb\/grand-est\/moselle-57\/saint-avold\\\u00a0\u00bb,\\\u00a0\u00bbtitle\\\u00a0\u00bb:\\\u00a0\u00bbSaint-Avold\\\u00a0\u00bb},{\\\u00a0\u00bbpath\\\u00a0\u00bb:\\\u00a0\u00bb\/grand-est\/moselle-57\/sarreguemines\\\u00a0\u00bb,\\\u00a0\u00bbtitle\\\u00a0\u00bb:\\\u00a0\u00bbSarreguemines\\\u00a0\u00bb},{\\\u00a0\u00bbpath\\\u00a0\u00bb:\\\u00a0\u00bb\/grand-est\/moselle-57\/thionville\\\u00a0\u00bb,\\\u00a0\u00bbtitle\\\u00a0\u00bb:\\\u00a0\u00bbThionville\\\u00a0\u00bb},{\\\u00a0\u00bbpath\\\u00a0\u00bb:\\\u00a0\u00bb\/grand-est\/moselle-57\/woippy\\\u00a0\u00bb,\\\u00a0\u00bbtitle\\\u00a0\u00bb:\\\u00a0\u00bbWoippy\\\u00a0\u00bb},{\\\u00a0\u00bbpath\\\u00a0\u00bb:\\\u00a0\u00bb\/grand-est\/moselle-57\/yutz\\\u00a0\u00bb,\\\u00a0\u00bbtitle\\\u00a0\u00bb:\\\u00a0\u00bbYutz\\\u00a0\u00bb},{\\\u00a0\u00bbpath\\\u00a0\u00bb:\\\u00a0\u00bb\/grand-est\/moselle-57\/fameck\\\u00a0\u00bb,\\\u00a0\u00bbtitle\\\u00a0\u00bb:\\\u00a0\u00bbFameck\\\u00a0\u00bb}]},{\\\u00a0\u00bbslug\\\u00a0\u00bb:\\\u00a0\u00bbvosges-88\\\u00a0\u00bb,\\\u00a0\u00bbtitle\\\u00a0\u00bb:\\\u00a0\u00bbVosges\\\u00a0\u00bb,\\\u00a0\u00bbtitleArticle\\\u00a0\u00bb:\\\u00a0\u00bbdes \\\u00a0\u00bb,\\\u00a0\u00bblocale\\\u00a0\u00bb:{\\\u00a0\u00bbmain\\\u00a0\u00bb:\\\u00a0\u00bbsud-lorraine\\\u00a0\u00bb,\\\u00a0\u00bbnearest\\\u00a0\u00bb:[]},\\\u00a0\u00bbnearestDepartment\\\u00a0\u00bb:[\\\u00a0\u00bbmeuse-55\\\u00a0\u00bb,\\\u00a0\u00bbmeurthe-et-moselle-54\\\u00a0\u00bb,\\\u00a0\u00bbmoselle-57\\\u00a0\u00bb,\\\u00a0\u00bbalsace-cea\\\u00a0\u00bb,\\\u00a0\u00bbterritoire-de-belfort-90\\\u00a0\u00bb,\\\u00a0\u00bbhaute-saone-70\\\u00a0\u00bb,\\\u00a0\u00bbhaute-marne-52\\\u00a0\u00bb],\\\u00a0\u00bbcities\\\u00a0\u00bb:[{\\\u00a0\u00bbpath\\\u00a0\u00bb:\\\u00a0\u00bb\/grand-est\/vosges-88\/capavenir-vosges\\\u00a0\u00bb,\\\u00a0\u00bbtitle\\\u00a0\u00bb:\\\u00a0\u00bbCapavenir Vosges\\\u00a0\u00bb},{\\\u00a0\u00bbpath\\\u00a0\u00bb:\\\u00a0\u00bb\/grand-est\/vosges-88\/golbey\\\u00a0\u00bb,\\\u00a0\u00bbtitle\\\u00a0\u00bb:\\\u00a0\u00bbGolbey\\\u00a0\u00bb},{\\\u00a0\u00bbpath\\\u00a0\u00bb:\\\u00a0\u00bb\/grand-est\/vosges-88\/gerardmer\\\u00a0\u00bb,\\\u00a0\u00bbtitle\\\u00a0\u00bb:\\\u00a0\u00bbG\u00e9rardmer\\\u00a0\u00bb},{\\\u00a0\u00bbpath\\\u00a0\u00bb:\\\u00a0\u00bb\/grand-est\/vosges-88\/neufchateau\\\u00a0\u00bb,\\\u00a0\u00bbtitle\\\u00a0\u00bb:\\\u00a0\u00bbNeufch\u00e2teau\\\u00a0\u00bb},{\\\u00a0\u00bbpath\\\u00a0\u00bb:\\\u00a0\u00bb\/grand-est\/vosges-88\/rambervillers\\\u00a0\u00bb,\\\u00a0\u00bbtitle\\\u00a0\u00bb:\\\u00a0\u00bbRambervillers\\\u00a0\u00bb},{\\\u00a0\u00bbpath\\\u00a0\u00bb:\\\u00a0\u00bb\/grand-est\/vosges-88\/raon-letape\\\u00a0\u00bb,\\\u00a0\u00bbtitle\\\u00a0\u00bb:\\\u00a0\u00bbRaon-l&rsquo;\u00c9tape\\\u00a0\u00bb},{\\\u00a0\u00bbpath\\\u00a0\u00bb:\\\u00a0\u00bb\/grand-est\/vosges-88\/remiremont\\\u00a0\u00bb,\\\u00a0\u00bbtitle\\\u00a0\u00bb:\\\u00a0\u00bbRemiremont\\\u00a0\u00bb},{\\\u00a0\u00bbpath\\\u00a0\u00bb:\\\u00a0\u00bb\/grand-est\/vosges-88\/saint-die-des-vosges\\\u00a0\u00bb,\\\u00a0\u00bbtitle\\\u00a0\u00bb:\\\u00a0\u00bbSaint-Di\u00e9-des-Vosges\\\u00a0\u00bb},{\\\u00a0\u00bbpath\\\u00a0\u00bb:\\\u00a0\u00bb\/grand-est\/vosges-88\/epinal\\\u00a0\u00bb,\\\u00a0\u00bbtitle\\\u00a0\u00bb:\\\u00a0\u00bb\u00c9pinal\\\u00a0\u00bb},{\\\u00a0\u00bbpath\\\u00a0\u00bb:\\\u00a0\u00bb\/grand-est\/vosges-88\/mirecourt\\\u00a0\u00bb,\\\u00a0\u00bbtitle\\\u00a0\u00bb:\\\u00a0\u00bbMirecourt\\\u00a0\u00bb}]}],\\\u00a0\u00bbtitleArticle\\\u00a0\u00bb:\\\u00a0\u00bbdu \\\u00a0\u00bb,\\\u00a0\u00bbnearestRegion\\\u00a0\u00bb:[\\\u00a0\u00bbhauts-de-france\\\u00a0\u00bb,\\\u00a0\u00bbbourgogne-franche-comte\\\u00a0\u00bb,\\\u00a0\u00bbile-de-france\\\u00a0\u00bb],\\\u00a0\u00bbnearestLocales\\\u00a0\u00bb:[\\\u00a0\u00bbalsace\\\u00a0\u00bb,\\\u00a0\u00bbelsass\\\u00a0\u00bb,\\\u00a0\u00bbchampagne-ardenne\\\u00a0\u00bb,\\\u00a0\u00bbsud-lorraine\\\u00a0\u00bb,\\\u00a0\u00bblorraine-nord\\\u00a0\u00bb]},\\\u00a0\u00bbdepartment\\\u00a0\u00bb:{\\\u00a0\u00bbslug\\\u00a0\u00bb:\\\u00a0\u00bbalsace-cea\\\u00a0\u00bb,\\\u00a0\u00bbtitle\\\u00a0\u00bb:\\\u00a0\u00bbAlsace\\\u00a0\u00bb,\\\u00a0\u00bbtitleArticle\\\u00a0\u00bb:\\\u00a0\u00bbde l&rsquo;\\\u00a0\u00bb,\\\u00a0\u00bblocale\\\u00a0\u00bb:{\\\u00a0\u00bbmain\\\u00a0\u00bb:\\\u00a0\u00bbalsace\\\u00a0\u00bb,\\\u00a0\u00bbnearest\\\u00a0\u00bb:[\\\u00a0\u00bbelsass\\\u00a0\u00bb]},\\\u00a0\u00bbnearestDepartment\\\u00a0\u00bb:[\\\u00a0\u00bbterritoire-de-belfort-90\\\u00a0\u00bb,\\\u00a0\u00bbvosges-88\\\u00a0\u00bb,\\\u00a0\u00bbmoselle-57\\\u00a0\u00bb,\\\u00a0\u00bbmeurthe-et-moselle-54\\\u00a0\u00bb],\\\u00a0\u00bbcities\\\u00a0\u00bb:[{\\\u00a0\u00bbpath\\\u00a0\u00bb:\\\u00a0\u00bb\/grand-est\/alsace-cea\/colmar\\\u00a0\u00bb,\\\u00a0\u00bbtitle\\\u00a0\u00bb:\\\u00a0\u00bbColmar\\\u00a0\u00bb},{\\\u00a0\u00bbpath\\\u00a0\u00bb:\\\u00a0\u00bb\/grand-est\/alsace-cea\/mulhouse\\\u00a0\u00bb,\\\u00a0\u00bbtitle\\\u00a0\u00bb:\\\u00a0\u00bbMulhouse\\\u00a0\u00bb},{\\\u00a0\u00bbpath\\\u00a0\u00bb:\\\u00a0\u00bb\/grand-est\/alsace-cea\/saint-louis\\\u00a0\u00bb,\\\u00a0\u00bbtitle\\\u00a0\u00bb:\\\u00a0\u00bbSaint-Louis\\\u00a0\u00bb},{\\\u00a0\u00bbpath\\\u00a0\u00bb:\\\u00a0\u00bb\/grand-est\/alsace-cea\/bischheim\\\u00a0\u00bb,\\\u00a0\u00bbtitle\\\u00a0\u00bb:\\\u00a0\u00bbBischheim\\\u00a0\u00bb},{\\\u00a0\u00bbpath\\\u00a0\u00bb:\\\u00a0\u00bb\/grand-est\/alsace-cea\/haguenau\\\u00a0\u00bb,\\\u00a0\u00bbtitle\\\u00a0\u00bb:\\\u00a0\u00bbHaguenau\\\u00a0\u00bb},{\\\u00a0\u00bbpath\\\u00a0\u00bb:\\\u00a0\u00bb\/grand-est\/alsace-cea\/illkirch-graffenstaden\\\u00a0\u00bb,\\\u00a0\u00bbtitle\\\u00a0\u00bb:\\\u00a0\u00bbIllkirch-Graffenstaden\\\u00a0\u00bb},{\\\u00a0\u00bbpath\\\u00a0\u00bb:\\\u00a0\u00bb\/grand-est\/alsace-cea\/lingolsheim\\\u00a0\u00bb,\\\u00a0\u00bbtitle\\\u00a0\u00bb:\\\u00a0\u00bbLingolsheim\\\u00a0\u00bb},{\\\u00a0\u00bbpath\\\u00a0\u00bb:\\\u00a0\u00bb\/grand-est\/alsace-cea\/schiltigheim\\\u00a0\u00bb,\\\u00a0\u00bbtitle\\\u00a0\u00bb:\\\u00a0\u00bbSchiltigheim\\\u00a0\u00bb},{\\\u00a0\u00bbpath\\\u00a0\u00bb:\\\u00a0\u00bb\/grand-est\/alsace-cea\/strasbourg\\\u00a0\u00bb,\\\u00a0\u00bbtitle\\\u00a0\u00bb:\\\u00a0\u00bbStrasbourg\\\u00a0\u00bb},{\\\u00a0\u00bbpath\\\u00a0\u00bb:\\\u00a0\u00bb\/grand-est\/alsace-cea\/selestat\\\u00a0\u00bb,\\\u00a0\u00bbtitle\\\u00a0\u00bb:\\\u00a0\u00bbS\u00e9lestat\\\u00a0\u00bb}],\\\u00a0\u00bbregionSlug\\\u00a0\u00bb:\\\u00a0\u00bbgrand-est\\\u00a0\u00bb},\\\u00a0\u00bbcity\\\u00a0\u00bb:{\\\u00a0\u00bbtitle\\\u00a0\u00bb:\\\u00a0\u00bbStrasbourg\\\u00a0\u00bb,\\\u00a0\u00bbslug\\\u00a0\u00bb:\\\u00a0\u00bbstrasbourg\\\u00a0\u00bb,\\\u00a0\u00bbinseeCode\\\u00a0\u00bb:\\\u00a0\u00bb67482\\\u00a0\u00bb}}],\\\u00a0\u00bbeditorialInfo\\\u00a0\u00bb:{\\\u00a0\u00bbstrPublishedDate\\\u00a0\u00bb:\\\u00a0\u00bblundi 15 septembre 2025 \u00e0 15:29\\\u00a0\u00bb,\\\u00a0\u00bbpublishedDateISOString\\\u00a0\u00bb:\\\u00a0\u00bb2025-09-15T13:29:02.000Z\\\u00a0\u00bb,\\\u00a0\u00bbstrManualUpdate\\\u00a0\u00bb:null,\\\u00a0\u00bbmanualUpdateISOString\\\u00a0\u00bb:null,\\\u00a0\u00bbauthors\\\u00a0\u00bb:[{\\\u00a0\u00bbtitle\\\u00a0\u00bb:\\\u00a0\u00bbElise Hulata\\\u00a0\u00bb,\\\u00a0\u00bbpath\\\u00a0\u00bb:\\\u00a0\u00bbpersonnes\/elise-hulata\\\u00a0\u00bb,\\\u00a0\u00bbvisual\\\u00a0\u00bb:null}]},\\\u00a0\u00bbvisual\\\u00a0\u00bb:{\\\u00a0\u00bbsquare\\\u00a0\u00bb:{\\\u00a0\u00bbjpg\\\u00a0\u00bb:[],\\\u00a0\u00bbwebp\\\u00a0\u00bb:[]},\\\u00a0\u00bbnormal\\\u00a0\u00bb:{\\\u00a0\u00bbjpg\\\u00a0\u00bb:[{\\\u00a0\u00bbw\\\u00a0\u00bb:320,\\\u00a0\u00bburl\\\u00a0\u00bb:\\\u00a0\u00bbhttps:\/\/www.francebleu.fr\/s3\/cruiser-production-eu3\/2025\/09\/817a02ac-e34b-4d81-aca9-4abd488492f7\/320x170_sc_maxnewsworldfive286912.jpg\\\u00a0\u00bb},{\\\u00a0\u00bbw\\\u00a0\u00bb:560,\\\u00a0\u00bburl\\\u00a0\u00bb:\\\u00a0\u00bbhttps:\/\/www.francebleu.fr\/s3\/cruiser-production-eu3\/2025\/09\/817a02ac-e34b-4d81-aca9-4abd488492f7\/560x315_sc_maxnewsworldfive286912.jpg\\\u00a0\u00bb},{\\\u00a0\u00bbw\\\u00a0\u00bb:1200,\\\u00a0\u00bburl\\\u00a0\u00bb:\\\u00a0\u00bbhttps:\/\/www.francebleu.fr\/s3\/cruiser-production-eu3\/2025\/09\/817a02ac-e34b-4d81-aca9-4abd488492f7\/1200x680_sc_maxnewsworldfive286912.jpg\\\u00a0\u00bb}],\\\u00a0\u00bbwebp\\\u00a0\u00bb:[{\\\u00a0\u00bbw\\\u00a0\u00bb:320,\\\u00a0\u00bburl\\\u00a0\u00bb:\\\u00a0\u00bbhttps:\/\/www.francebleu.fr\/s3\/cruiser-production-eu3\/2025\/09\/817a02ac-e34b-4d81-aca9-4abd488492f7\/320x170_sc_maxnewsworldfive286912.webp\\\u00a0\u00bb},{\\\u00a0\u00bbw\\\u00a0\u00bb:560,\\\u00a0\u00bburl\\\u00a0\u00bb:\\\u00a0\u00bbhttps:\/\/www.francebleu.fr\/s3\/cruiser-production-eu3\/2025\/09\/817a02ac-e34b-4d81-aca9-4abd488492f7\/560x315_sc_maxnewsworldfive286912.webp\\\u00a0\u00bb},{\\\u00a0\u00bbw\\\u00a0\u00bb:1200,\\\u00a0\u00bburl\\\u00a0\u00bb:\\\u00a0\u00bbhttps:\/\/www.francebleu.fr\/s3\/cruiser-production-eu3\/2025\/09\/817a02ac-e34b-4d81-aca9-4abd488492f7\/1200x680_sc_maxnewsworldfive286912.webp\\\u00a0\u00bb}]},\\\u00a0\u00bbpreview\\\u00a0\u00bb:\\\u00a0\u00bbdata:image\/jpeg;base64,\/9j\/2wBDACgcHiMeGSgjISMtKygwPGRBPDc3PHtYXUlkkYCZlo+AjIqgtObDoKrarYqMyP\/L2u71\/\/\/\/m8H\/\/\/\/6\/+b9\/\/j\/2wBDASstLTw1PHZBQXb4pYyl+Pj4+Pj4+Pj4+Pj4+Pj4+Pj4+Pj4+Pj4+Pj4+Pj4+Pj4+Pj4+Pj4+Pj4+Pj4+Pj4+Pj\/wAARCAAXACoDASIAAhEBAxEB\/8QAGAABAAMBAAAAAAAAAAAAAAAAAAEDBAL\/xAAZEAEAAwEBAAAAAAAAAAAAAAAAAQISEQP\/xAAVAQEBAAAAAAAAAAAAAAAAAAAAAf\/EABURAQEAAAAAAAAAAAAAAAAAAAAR\/9oADAMBAAIRAxEAPwDFEra2UpiUGqt1kejHF3UXBqm7nSjadi1nAA6dAQ0aAH\/\/2Q==\\\u00a0\u00bb,\\\u00a0\u00bblegend\\\u00a0\u00bb:\\\u00a0\u00bbUne panne \u00e9lectrique a lieu ce lundi 15 septembre au centre administratif de Strasbourg.\\\u00a0\u00bb,\\\u00a0\u00bbcopyright\\\u00a0\u00bb:\\\u00a0\u00bbMaxppp\\\u00a0\u00bb,\\\u00a0\u00bbauthor\\\u00a0\u00bb:null}}},\\\u00a0\u00bbdisplay\\\u00a0\u00bb:{\\\u00a0\u00bbnewsFlash\\\u00a0\u00bb:[],\\\u00a0\u00bbhighBanner\\\u00a0\u00bb:true}}\u00a0\u00bb}<\/p>\n","protected":false},"excerpt":{"rendered":"Une panne \u00e9lectrique immobilise ce lundi les services informatiques de la Ville et de l&rsquo;Eurom\u00e9tropole de Strasbourg. Les&hellip;\n","protected":false},"author":2,"featured_media":394268,"comment_status":"","ping_status":"","sticky":false,"template":"","format":"standard","meta":{"footnotes":""},"categories":[2820],"tags":[1111,11,1777,674,1011,27,775,12,25,640],"class_list":{"0":"post-394267","1":"post","2":"type-post","3":"status-publish","4":"format-standard","5":"has-post-thumbnail","7":"category-strasbourg","8":"tag-actu","9":"tag-actualites","10":"tag-eu","11":"tag-europe","12":"tag-fr","13":"tag-france","14":"tag-grand-est","15":"tag-news","16":"tag-republique-francaise","17":"tag-strasbourg"},"share_on_mastodon":{"url":"https:\/\/pubeurope.com\/@fr\/115212205693037902","error":""},"_links":{"self":[{"href":"https:\/\/www.europesays.com\/fr\/wp-json\/wp\/v2\/posts\/394267","targetHints":{"allow":["GET"]}}],"collection":[{"href":"https:\/\/www.europesays.com\/fr\/wp-json\/wp\/v2\/posts"}],"about":[{"href":"https:\/\/www.europesays.com\/fr\/wp-json\/wp\/v2\/types\/post"}],"author":[{"embeddable":true,"href":"https:\/\/www.europesays.com\/fr\/wp-json\/wp\/v2\/users\/2"}],"replies":[{"embeddable":true,"href":"https:\/\/www.europesays.com\/fr\/wp-json\/wp\/v2\/comments?post=394267"}],"version-history":[{"count":0,"href":"https:\/\/www.europesays.com\/fr\/wp-json\/wp\/v2\/posts\/394267\/revisions"}],"wp:featuredmedia":[{"embeddable":true,"href":"https:\/\/www.europesays.com\/fr\/wp-json\/wp\/v2\/media\/394268"}],"wp:attachment":[{"href":"https:\/\/www.europesays.com\/fr\/wp-json\/wp\/v2\/media?parent=394267"}],"wp:term":[{"taxonomy":"category","embeddable":true,"href":"https:\/\/www.europesays.com\/fr\/wp-json\/wp\/v2\/categories?post=394267"},{"taxonomy":"post_tag","embeddable":true,"href":"https:\/\/www.europesays.com\/fr\/wp-json\/wp\/v2\/tags?post=394267"}],"curies":[{"name":"wp","href":"https:\/\/api.w.org\/{rel}","templated":true}]}}