{"id":394269,"date":"2025-09-16T04:58:09","date_gmt":"2025-09-16T04:58:09","guid":{"rendered":"https:\/\/www.europesays.com\/fr\/394269\/"},"modified":"2025-09-16T04:58:09","modified_gmt":"2025-09-16T04:58:09","slug":"ce-que-lon-sait-de-lampleur-de-la-mobilisation","status":"publish","type":"post","link":"https:\/\/www.europesays.com\/fr\/394269\/","title":{"rendered":"ce que l&rsquo;on sait de l&rsquo;ampleur de la mobilisation"},"content":{"rendered":"<p>            Par<br \/>\n        <strong><br \/>\n            <a href=\"https:\/\/actu.fr\/auteur\/ugo-maillard\" title=\"Consulter tous les articles de Ugo Maillard\" target=\"_blank\" rel=\"noopener\">Ugo Maillard<\/a><br \/>\n        <\/strong><\/p>\n<p>        Publi\u00e9 le<\/p>\n<p>            16 sept. 2025 \u00e0 6h12        <\/p>\n<p>Second round de mobilisation sociale en septembre\u00a02025. Le 10\u00a0septembre, le <a href=\"https:\/\/actu.fr\/societe\/direct-10-septembre-a-nice-suivez-les-blocages-et-actions-dans-les-alpes-maritimes_63135477.html\" target=\"_blank\" rel=\"noopener\">mouvement citoyen<\/a> \u00ab\u2009Bloquons tout\u2009\u00bb a r\u00e9uni pr\u00e8s de 200\u2009000\u00a0personnes en France dont un millier dans les <a href=\"https:\/\/actu.fr\/provence-alpes-cote-d-azur\/alpes-maritimes_06\" target=\"_blank\" rel=\"noopener\">Alpes-Maritimes<\/a>. Un nouvel <strong>appel \u00e0 la gr\u00e8ve et \u00e0 la manifestation<\/strong> est \u00e9mis pour la journ\u00e9e du<strong> jeudi 18\u00a0septembre<\/strong> 2025. Initi\u00e9e par les syndicats, cette mobilisation pourrait \u00eatre plus importante, notamment \u00e0 Nice o\u00f9 rassemblement est d\u2019ores et d\u00e9j\u00e0 pr\u00e9vu en centre-ville. Dans les Alpes-Maritimes, l\u2019intersyndicale compos\u00e9e de la CFDT, CGT, FO, CFE-CGC, CFTC, UNSA et FSU appelle \u00e0 se mobiliser pour faire part d\u2019un \u00ab\u2009m\u00e9contentement et de la fatigue du monde du travail g\u00e9n\u00e9r\u00e9s par ces politiques budg\u00e9taires anxiog\u00e8nes\u2009\u00bb.<\/p>\n<p class=\" wall-content\">Voici ce que l\u2019on sait 48h avant la journ\u00e9e de gr\u00e8ve du 18\u00a0septembre.<\/p>\n<p>Un rassemblement \u00e0 Nice<\/p>\n<p class=\" wall-content\">Les antennes locales des syndicats dans les Alpes-Maritimes appellent \u00e0 un rassemblement sur le parvis de la gare de Nice Ville <strong>\u00e0 partir de 10h<\/strong>, le jeudi 18\u00a0septembre 2025.<\/p>\n<p>    <a href=\"https:\/\/www.google.com\/maps\/embed?pb=!1m18!1m12!1m3!1d2884.2854862702875!2d7.259358076532784!3d43.704615849103384!2m3!1f0!2f0!3f0!3m2!1i1024!2i768!4f13.1!3m3!1m2!1s0x12cdd00630b6fb9d%3A0x70199f2a745ea0d5!2sNice-Ville!5e0!3m2!1sfr!2sfr!4v1757930662250!5m2!1sfr!2sfr\" title=\"Ouvrie le lien\" target=\"_blank\" rel=\"noopener\">Cliquez ici pour visualiser le contenu<\/a><\/p>\n<p class=\" wall-content\">Pour l\u2019heure, on ne sait pas si ce rassemblement donnera lieu \u00e0 une d\u00e9ambulation dans les rues de centre-ville, comme ce fut le cas le 10\u00a0septembre.<\/p>\n<p class=\" wall-content\">Ce rassemblement est le seul recens\u00e9 par le site de la CGT dans les Alpes-Maritimes. Pour autant, d\u2019autres manifestations sont possibles.<\/p>\n<p>Quel impact dans les transports\u2009?<\/p>\n<p class=\" wall-content\">Vers une journ\u00e9e gal\u00e8re dans les transports\u2009? La r\u00e9gie des <a href=\"https:\/\/actu.fr\/tag\/lignes-dazur\" target=\"_blank\" rel=\"noopener\">Lignes d\u2019Azur<\/a> indique que le \u00ab\u2009r\u00e9seau pourrait \u00eatre perturb\u00e9 jeudi 18\u00a0septembre toute la journ\u00e9e\u2009\u00bb. Une communication sera effectu\u00e9e le mercredi avec le d\u00e9tail des lignes du r\u00e9seau de transports en commun ni\u00e7ois, perturb\u00e9es ou non.<\/p>\n<p>Votre r\u00e9gion, votre actu !<\/p>\n<p>Recevez chaque jour les infos qui comptent pour vous.<\/p>\n<p>\t<a href=\"https:\/\/actu.fr\/newsletter\" class=\"ac-btn ac-btn--corner ac-btn--medium ac-btn--blue800\" target=\"_blank\" rel=\"noopener\">S&rsquo;incrire<\/a><\/p>\n<p class=\" wall-content\">En ce qui concerne les lignes TER et TGV, l\u00e0 aussi un <strong>impact est attendu sur la circulation<\/strong> des trains avec un mouvement de gr\u00e8ve qui pourrait \u00eatre suivi. Le d\u00e9tail des perturbations sera communiqu\u00e9 le mercredi\u00a017 \u00e0 17h.<\/p>\n<p>Pas de gr\u00e8ve des contr\u00f4leurs a\u00e9riens<\/p>\n<p class=\" wall-content\">\u00c0 l\u2019instar du reste de la France, l\u2019a\u00e9roport de Nice C\u00f4te d\u2019Azur ne devrait pas \u00eatre touch\u00e9 par une gr\u00e8ve des contr\u00f4leurs a\u00e9riens. Ces derniers, par le biais du syndicat majoritaire, ont annonc\u00e9 que la gr\u00e8ve \u00e9tait repouss\u00e9e \u00e0 une date ult\u00e9rieure en raison de l\u2019absence d\u2019interlocuteur au gouvernement.<\/p>\n<p class=\" wall-content\">Pour autant, les employ\u00e9s de l\u2019a\u00e9roport pourraient faire gr\u00e8ve, ce qui aurait des cons\u00e9quences sur le trafic a\u00e9rien.<\/p>\n<p>Plusieurs secteurs d\u2019activit\u00e9s touch\u00e9s<\/p>\n<p class=\" wall-content\">Dans la fonction publique, un appel \u00e0 la gr\u00e8ve a \u00e9t\u00e9 diffus\u00e9 aupr\u00e8s du <strong>milieu scolaire<\/strong>, que ce soit du c\u00f4t\u00e9 des professeurs ou du p\u00e9riscolaire.<\/p>\n<p class=\" wall-content\">Ce sera \u00e9galement le cas des pharmaciens et des kin\u00e9s.<\/p>\n<p class=\" wall-content\">Personnalisez votre actualit\u00e9 en ajoutant vos villes et m\u00e9dias en favori avec <a href=\"https:\/\/moncompte.actu.fr\" title=\"D\u00e9couvez Mon Actu\" rel=\"nofollow noopener\" data-trk=\"{&quot;cta&quot;:{&quot;action&quot;:&quot;https:\\\/\\\/moncompte.actu.fr&quot;,&quot;category&quot;:&quot;mon compte&quot;,&quot;from&quot;:&quot;article footer&quot;,&quot;name&quot;:&quot;Mon actu&quot;,&quot;type&quot;:&quot;cta&quot;}}\" target=\"_blank\">Mon Actu<\/a>.<\/p>\n","protected":false},"excerpt":{"rendered":"Par Ugo Maillard Publi\u00e9 le 16 sept. 2025 \u00e0 6h12 Second round de mobilisation sociale en septembre\u00a02025. Le&hellip;\n","protected":false},"author":2,"featured_media":394270,"comment_status":"","ping_status":"","sticky":false,"template":"","format":"standard","meta":{"footnotes":""},"categories":[2819],"tags":[1111,11,1777,674,1011,27,6151,1272,12,2401,882,25,104],"class_list":{"0":"post-394269","1":"post","2":"type-post","3":"status-publish","4":"format-standard","5":"has-post-thumbnail","7":"category-nice","8":"tag-actu","9":"tag-actualites","10":"tag-eu","11":"tag-europe","12":"tag-fr","13":"tag-france","14":"tag-greve","15":"tag-manifestations","16":"tag-news","17":"tag-nice","18":"tag-provence-alpes-cote-dazur","19":"tag-republique-francaise","20":"tag-societe"},"share_on_mastodon":{"url":"https:\/\/pubeurope.com\/@fr\/115212209632413916","error":""},"_links":{"self":[{"href":"https:\/\/www.europesays.com\/fr\/wp-json\/wp\/v2\/posts\/394269","targetHints":{"allow":["GET"]}}],"collection":[{"href":"https:\/\/www.europesays.com\/fr\/wp-json\/wp\/v2\/posts"}],"about":[{"href":"https:\/\/www.europesays.com\/fr\/wp-json\/wp\/v2\/types\/post"}],"author":[{"embeddable":true,"href":"https:\/\/www.europesays.com\/fr\/wp-json\/wp\/v2\/users\/2"}],"replies":[{"embeddable":true,"href":"https:\/\/www.europesays.com\/fr\/wp-json\/wp\/v2\/comments?post=394269"}],"version-history":[{"count":0,"href":"https:\/\/www.europesays.com\/fr\/wp-json\/wp\/v2\/posts\/394269\/revisions"}],"wp:featuredmedia":[{"embeddable":true,"href":"https:\/\/www.europesays.com\/fr\/wp-json\/wp\/v2\/media\/394270"}],"wp:attachment":[{"href":"https:\/\/www.europesays.com\/fr\/wp-json\/wp\/v2\/media?parent=394269"}],"wp:term":[{"taxonomy":"category","embeddable":true,"href":"https:\/\/www.europesays.com\/fr\/wp-json\/wp\/v2\/categories?post=394269"},{"taxonomy":"post_tag","embeddable":true,"href":"https:\/\/www.europesays.com\/fr\/wp-json\/wp\/v2\/tags?post=394269"}],"curies":[{"name":"wp","href":"https:\/\/api.w.org\/{rel}","templated":true}]}}