{"id":394275,"date":"2025-09-16T05:01:14","date_gmt":"2025-09-16T05:01:14","guid":{"rendered":"https:\/\/www.europesays.com\/fr\/394275\/"},"modified":"2025-09-16T05:01:14","modified_gmt":"2025-09-16T05:01:14","slug":"on-rabote-tout-plus-dun-millier-de-soignants-attendus-a-nantes-ce-mardi-pour-manifester","status":"publish","type":"post","link":"https:\/\/www.europesays.com\/fr\/394275\/","title":{"rendered":"\u00ab\u00a0On rabote tout\u00a0\u00bb : plus d&rsquo;un millier de soignants attendus \u00e0 Nantes ce mardi pour manifester"},"content":{"rendered":"<p>Une manifestation r\u00e9gionale est pr\u00e9vue ce mardi matin \u00e0 Nantes, au d\u00e9part d&rsquo;H\u00f4tel-Dieu dans le centre-ville. Des soignants venus des cinq d\u00e9partements des Pays de la Loire vont converger pour d\u00e9noncer les mesures d&rsquo;aust\u00e9rit\u00e9 annonc\u00e9es dans le secteur de la sant\u00e9 publique. <\/p>\n<p>Dans un contexte social d\u00e9j\u00e0 (tr\u00e8s) tendu, une nouvelle mobilisation vient s&rsquo;ajouter au calendrier.\u00a0\u00c0 l&rsquo;appel des syndicats Force ouvri\u00e8re, CGT et CFDT, les soignants de toute la r\u00e9gion des Pays de la Loire sont invit\u00e9s \u00e0 se rassembler ce mardi 16 septembre devant le CHU de Nantes, <strong>d\u00e8s 10h30 pour protester contre les plans d&rsquo;\u00e9conomies<\/strong> annonc\u00e9s dans le secteur de la sant\u00e9 publique.<\/p>\n<p>Le syndicat Force ouvri\u00e8re, \u00e0 l&rsquo;initiative du mouvement, compte d\u00e9j\u00e0 <strong>plus de 1.000 inscriptions pour cette journ\u00e9e de manifestation<\/strong>. Contact\u00e9s, certains organisateurs s&rsquo;attendent \u00e0 voir d\u00e9filer <strong>pr\u00e8s de 1.500 participants<\/strong> dans les rues de Nantes. Avec des cars venus de Laval, la Roche-sur-Yon, du Mans ou encore de Lu\u00e7on. \u00ab\u00a0On avait fix\u00e9 la date depuis longtemps, avant m\u00eame le d\u00e9but du mouvement \u00ab\u00a0Bloquons tout\u00a0\u00bb, pr\u00e9cise Benjamin Delrue, secr\u00e9taire r\u00e9gional sant\u00e9 FO. \u00ab\u00a0On va voir d\u00e9sormais si cette col\u00e8re nous permet de mobiliser toujours plus\u00a0\u00bb.<\/p>\n<p>Une d\u00e9l\u00e9gation re\u00e7ue par l&rsquo;ARS<\/p>\n<p>Derri\u00e8re les mesures d&rsquo;aust\u00e9rit\u00e9 annonc\u00e9es ou d\u00e9j\u00e0 en cours, les syndicats d\u00e9noncent <strong>un quotidien toujours tr\u00e8s compliqu\u00e9<\/strong> pour les soignants, avec de nouvelles fermetures de lits. \u00ab\u00a0On manque aussi cruellement de moyens humains\u00a0\u00bb,\u00a0ajoute Isabelle Etienne, secr\u00e9taire d\u00e9partementale FO Sant\u00e9 en Vend\u00e9e. \u00ab\u00a0Durant l&rsquo;\u00e9t\u00e9, il y a une grande fr\u00e9quentation touristique dans notre d\u00e9partement. Ce qui veut donc dire plus de gendarmes, de CRS pour des questions de s\u00e9curit\u00e9. Mais pas plus de soignants. On a personne pour g\u00e9rer ce surplus de potentiels patients. Donc on n&rsquo;a pas de personnel et on accumule les heures suppl\u00e9mentaires. On rabote tout\u00a0\u00bb.<\/p>\n<p>\u00c0 lire aussi   <img decoding=\"async\" src=\"https:\/\/www.europesays.com\/fr\/wp-content\/uploads\/2025\/09\/1757998873_957_560x315\" alt=\"L'h\u00f4pital d'Ancenis ferme toutes les nuits de l'\u00e9t\u00e9.\" style=\"--_image-preview:url('data:image\/jpeg;base64,\/9j\/2wBDACgcHiMeGSgjISMtKygwPGRBPDc3PHtYXUlkkYCZlo+AjIqgtObDoKrarYqMyP\/L2u71\/\/\/\/m8H\/\/\/\/6\/+b9\/\/j\/2wBDASstLTw1PHZBQXb4pYyl+Pj4+Pj4+Pj4+Pj4+Pj4+Pj4+Pj4+Pj4+Pj4+Pj4+Pj4+Pj4+Pj4+Pj4+Pj4+Pj4+Pj\/wAARCAAXACoDASIAAhEBAxEB\/8QAGAABAQEBAQAAAAAAAAAAAAAAAAMBAgT\/xAAYEAEBAQEBAAAAAAAAAAAAAAAAEgERAv\/EABQBAQAAAAAAAAAAAAAAAAAAAAD\/xAAUEQEAAAAAAAAAAAAAAAAAAAAA\/9oADAMBAAIRAxEAPwCtNp57bYLb6c76TplAp06n06CNFADc11mgDToA\/9k=');\" loading=\"lazy\" fetchpriority=\"low\" aria-hidden=\"true\" class=\"svelte-1pnmlwx rounded\" onload=\"this.__e=event\" onerror=\"this.__e=event\"\/><\/p>\n<p>Fermetures r\u00e9guli\u00e8res de services d&rsquo;urgences, manque de m\u00e9decins, heures suppl\u00e9mentaires non pay\u00e9es&#8230; Les sujets ne manquent pas. Une fois rassembl\u00e9s devant l&rsquo;entr\u00e9e principale de l&rsquo;h\u00f4pital H\u00f4tel-Dieu \u00e0 Nantes, les soignants d\u00e9fileront ensuite dans le centre-ville pour <strong>se rendre aux locaux de l&rsquo;ARS<\/strong>, l&rsquo;Agence R\u00e9gionale de Sant\u00e9. Une d\u00e9l\u00e9gation syndicale sera re\u00e7ue par le directeur g\u00e9n\u00e9ral <strong>\u00e0 11h30.<\/strong><\/p>\n","protected":false},"excerpt":{"rendered":"Une manifestation r\u00e9gionale est pr\u00e9vue ce mardi matin \u00e0 Nantes, au d\u00e9part d&rsquo;H\u00f4tel-Dieu dans le centre-ville. Des soignants&hellip;\n","protected":false},"author":2,"featured_media":394276,"comment_status":"","ping_status":"","sticky":false,"template":"","format":"standard","meta":{"footnotes":""},"categories":[2818],"tags":[1111,11,1777,674,1011,27,766,12,2636,25],"class_list":{"0":"post-394275","1":"post","2":"type-post","3":"status-publish","4":"format-standard","5":"has-post-thumbnail","7":"category-nantes","8":"tag-actu","9":"tag-actualites","10":"tag-eu","11":"tag-europe","12":"tag-fr","13":"tag-france","14":"tag-nantes","15":"tag-news","16":"tag-pays-de-la-loire","17":"tag-republique-francaise"},"share_on_mastodon":{"url":"https:\/\/pubeurope.com\/@fr\/115212221705009971","error":""},"_links":{"self":[{"href":"https:\/\/www.europesays.com\/fr\/wp-json\/wp\/v2\/posts\/394275","targetHints":{"allow":["GET"]}}],"collection":[{"href":"https:\/\/www.europesays.com\/fr\/wp-json\/wp\/v2\/posts"}],"about":[{"href":"https:\/\/www.europesays.com\/fr\/wp-json\/wp\/v2\/types\/post"}],"author":[{"embeddable":true,"href":"https:\/\/www.europesays.com\/fr\/wp-json\/wp\/v2\/users\/2"}],"replies":[{"embeddable":true,"href":"https:\/\/www.europesays.com\/fr\/wp-json\/wp\/v2\/comments?post=394275"}],"version-history":[{"count":0,"href":"https:\/\/www.europesays.com\/fr\/wp-json\/wp\/v2\/posts\/394275\/revisions"}],"wp:featuredmedia":[{"embeddable":true,"href":"https:\/\/www.europesays.com\/fr\/wp-json\/wp\/v2\/media\/394276"}],"wp:attachment":[{"href":"https:\/\/www.europesays.com\/fr\/wp-json\/wp\/v2\/media?parent=394275"}],"wp:term":[{"taxonomy":"category","embeddable":true,"href":"https:\/\/www.europesays.com\/fr\/wp-json\/wp\/v2\/categories?post=394275"},{"taxonomy":"post_tag","embeddable":true,"href":"https:\/\/www.europesays.com\/fr\/wp-json\/wp\/v2\/tags?post=394275"}],"curies":[{"name":"wp","href":"https:\/\/api.w.org\/{rel}","templated":true}]}}