{"id":394277,"date":"2025-09-16T05:02:12","date_gmt":"2025-09-16T05:02:12","guid":{"rendered":"https:\/\/www.europesays.com\/fr\/394277\/"},"modified":"2025-09-16T05:02:12","modified_gmt":"2025-09-16T05:02:12","slug":"les-previsions-meteo-du-mardi-16-septembre-a-bordeaux","status":"publish","type":"post","link":"https:\/\/www.europesays.com\/fr\/394277\/","title":{"rendered":"Les pr\u00e9visions m\u00e9t\u00e9o du mardi 16 septembre \u00e0 Bordeaux"},"content":{"rendered":"<p>Si tu te demandes quel temps il fait \u00e0 Bordeaux aujourd\u2019hui, bonne nouvelle : l\u2019am\u00e9lioration est pr\u00e9vue au fil de la journ\u00e9e, avec un ciel qui devrait se d\u00e9gager progressivement. Les temp\u00e9ratures resteront agr\u00e9ables, oscillant entre 14 et 23\u00b0C, des valeurs proches de la normale pour la saison.<\/p>\n<p style=\"font-size:16px\">Le r\u00e9veil se fera sous un ciel <strong>tr\u00e8s nuageux<\/strong>, ponctu\u00e9 de <strong>courtes \u00e9claircies<\/strong>. Les temp\u00e9ratures d\u00e9marrent \u00e0 14\u00b0C, ressenties autour de 13\u00b0C avec un vent calme soufflant \u00e0 10 km\/h. Pas de pluie \u00e0 l\u2019horizon.<\/p>\n<p><img fetchpriority=\"high\" decoding=\"async\" width=\"1024\" height=\"683\" src=\"https:\/\/www.europesays.com\/fr\/wp-content\/uploads\/2025\/09\/photo-drone-bx-1-1024x683.jpg\" alt=\"\" class=\"wp-image-83589\" style=\"width:612px;height:auto\"  \/>Les normales de saison reviennent \u00e0 Bordeaux. <\/p>\n<p style=\"font-size:16px\">Le ciel commencera \u00e0 se <strong>d\u00e9gager<\/strong>, laissant place \u00e0 un ensoleillement agr\u00e9able. Il fera jusqu\u2019\u00e0 <strong>23\u00b0C<\/strong>, ressentis 26\u00b0C sous le soleil. Toujours aucune pr\u00e9cipitation, aucun risque de pluie : une belle fen\u00eatre m\u00e9t\u00e9o pour profiter d\u2019activit\u00e9s en ext\u00e9rieur.<\/p>\n<p style=\"font-size:16px\">Le ciel se <strong>voilera progressivement<\/strong> en soir\u00e9e avec 20\u00b0C ressentis 18\u00b0C. La nuit s\u2019annonce douce, 15\u00b0C ressentis 14\u00b0C, sous un voile nuageux qui s\u2019estompera lentement pour laisser appara\u00eetre un ciel de plus en plus lumineux. Les vents resteront faibles, entre 10 et 15 km\/h, et le risque de pluie reste nul.<\/p>\n<p style=\"font-size:16px\">En r\u00e9sum\u00e9, demain \u00e0 Bordeaux, profite d\u2019une journ\u00e9e calme, sans pluie, avec un ciel qui s\u2019ouvrira au fil des heures et des temp\u00e9ratures tr\u00e8s confortables. Une belle journ\u00e9e pour te balader, sortir ou simplement profiter du soleil.<\/p>\n<p style=\"font-size:16px\">\u00c0 lire aussi : <a href=\"https:\/\/www.bougerabordeaux.com\/sorties\/fabrique-ton-fanzine-au-frac-meca-bordeaux-pour-les-journees-du-patrimoine\/\" target=\"_blank\" rel=\"noreferrer noopener nofollow\">Fabrique ton fanzine au Frac M\u00c9CA Bordeaux pour les Journ\u00e9es du Patrimoine !<\/a><\/p>\n","protected":false},"excerpt":{"rendered":"Si tu te demandes quel temps il fait \u00e0 Bordeaux aujourd\u2019hui, bonne nouvelle : l\u2019am\u00e9lioration est pr\u00e9vue au&hellip;\n","protected":false},"author":2,"featured_media":394278,"comment_status":"","ping_status":"","sticky":false,"template":"","format":"standard","meta":{"footnotes":""},"categories":[2817],"tags":[1111,11,1997,1777,674,1011,27,12,2219,25],"class_list":{"0":"post-394277","1":"post","2":"type-post","3":"status-publish","4":"format-standard","5":"has-post-thumbnail","7":"category-bordeaux","8":"tag-actu","9":"tag-actualites","10":"tag-bordeaux","11":"tag-eu","12":"tag-europe","13":"tag-fr","14":"tag-france","15":"tag-news","16":"tag-nouvelle-aquitaine","17":"tag-republique-francaise"},"share_on_mastodon":{"url":"https:\/\/pubeurope.com\/@fr\/115212225466128574","error":""},"_links":{"self":[{"href":"https:\/\/www.europesays.com\/fr\/wp-json\/wp\/v2\/posts\/394277","targetHints":{"allow":["GET"]}}],"collection":[{"href":"https:\/\/www.europesays.com\/fr\/wp-json\/wp\/v2\/posts"}],"about":[{"href":"https:\/\/www.europesays.com\/fr\/wp-json\/wp\/v2\/types\/post"}],"author":[{"embeddable":true,"href":"https:\/\/www.europesays.com\/fr\/wp-json\/wp\/v2\/users\/2"}],"replies":[{"embeddable":true,"href":"https:\/\/www.europesays.com\/fr\/wp-json\/wp\/v2\/comments?post=394277"}],"version-history":[{"count":0,"href":"https:\/\/www.europesays.com\/fr\/wp-json\/wp\/v2\/posts\/394277\/revisions"}],"wp:featuredmedia":[{"embeddable":true,"href":"https:\/\/www.europesays.com\/fr\/wp-json\/wp\/v2\/media\/394278"}],"wp:attachment":[{"href":"https:\/\/www.europesays.com\/fr\/wp-json\/wp\/v2\/media?parent=394277"}],"wp:term":[{"taxonomy":"category","embeddable":true,"href":"https:\/\/www.europesays.com\/fr\/wp-json\/wp\/v2\/categories?post=394277"},{"taxonomy":"post_tag","embeddable":true,"href":"https:\/\/www.europesays.com\/fr\/wp-json\/wp\/v2\/tags?post=394277"}],"curies":[{"name":"wp","href":"https:\/\/api.w.org\/{rel}","templated":true}]}}