{"id":394279,"date":"2025-09-16T05:03:11","date_gmt":"2025-09-16T05:03:11","guid":{"rendered":"https:\/\/www.europesays.com\/fr\/394279\/"},"modified":"2025-09-16T05:03:11","modified_gmt":"2025-09-16T05:03:11","slug":"dans-ces-rues-de-bordeaux-le-stationnement-est-encore-gratuit-le-restera-t-il-longtemps","status":"publish","type":"post","link":"https:\/\/www.europesays.com\/fr\/394279\/","title":{"rendered":"Dans ces rues de Bordeaux, le stationnement est encore gratuit : le restera-t-il longtemps\u00a0?"},"content":{"rendered":"<p>            Par<br \/>\n        <strong><br \/>\n            <a href=\"https:\/\/actu.fr\/auteur\/juliette-cardinale\" title=\"Consulter tous les articles de Juliette Cardinale\" target=\"_blank\" rel=\"noopener\">Juliette Cardinale<\/a><br \/>\n        <\/strong><\/p>\n<p>        Publi\u00e9 le<\/p>\n<p>            16 sept. 2025 \u00e0 6h32        <\/p>\n<p>Entre les zones pi\u00e9tonnes et les nombreuses places d\u00e9j\u00e0 occup\u00e9es, ce n\u2019est pas toujours une mince affaire de <strong>se garer \u00e0 Bordeaux.<\/strong> Surtout lorsqu\u2019on veut \u00e9viter les parkings souterrains ou les zones de stationnement payant. Mais dans certaines zones de la capitale girondine, des rues sont encore gratuites. La r\u00e9daction d\u2019<a href=\"https:\/\/actu.fr\/bordeaux\/\" target=\"_blank\" rel=\"noopener\">actu Bordeaux<\/a> a fait le point et interrog\u00e9 l\u2019\u00e9quipe municipale sur un potentiel agrandissement des secteurs payants.<\/p>\n<p>Les zones de stationnement<\/p>\n<p class=\" wall-content\">Le stationnement est globalement payant dans toutes les rues situ\u00e9es \u00e0 <strong>l\u2019int\u00e9rieur des boulevards<\/strong> de Bordeaux. \u00c0 Caud\u00e9ran, la zone situ\u00e9e entre le boulevard du pr\u00e9sident Wilson et le parc Bordelais est \u00e9galement payante. Rive droite, le stationnement est payant dans le quartier de la Bastide. Une carte d\u00e9taill\u00e9e est \u00e0 retrouver <a href=\"https:\/\/plan.bordeaux.fr\/bordeaux\/?context=waYU\" target=\"_blank\" rel=\"noopener\">sur le site de la mairie.<\/a><\/p>\n<p class=\" wall-content\">Le stationnement est payant tous les jours <strong>de 9h \u00e0 19h,<\/strong> sauf les dimanches et jours f\u00e9ri\u00e9s. Il existe deux zones tarifaires\u2009: la rouge dans l\u2019hypercentre et la verte en dehors. Les r\u00e9sidents peuvent b\u00e9n\u00e9ficier d\u2019un <a href=\"https:\/\/www.bordeaux.fr\/le-stationnement-pour-les-residents-a-bordeaux\" target=\"_blank\" rel=\"noopener\">abonnement \u00e0 tarif pr\u00e9f\u00e9rentiel<\/a> afin de se garer \u00e0 proximit\u00e9 de leur domicile, \u00e0 renouveler tous les deux ans.<\/p>\n<p>    <img   decoding=\"async\" loading=\"lazy\" src=\"https:\/\/www.europesays.com\/fr\/wp-content\/uploads\/2025\/09\/zones-stationnement-payant-bordeaux-metropole-960x640.png\" alt=\"Les diff\u00e9rentes zones de stationnement payant \u00e0 Bordeaux en septembre 2025.\" width=\"960\" height=\"640\"\/><br \/>\n    Les diff\u00e9rentes zones de stationnement payant \u00e0 Bordeaux en septembre\u00a02025. (\u00a9OpenstreetMap\/Mairie de Bordeaux)<\/p>\n<p class=\" wall-content\">Les zones qui restent gratuites <strong>rive gauche<\/strong> \u00e0 Bordeaux sont donc l\u2019extra boulevard (Saint Augustin, la majorit\u00e9 de Caud\u00e9ran, etc.), de nombreuses rues du quartier du Grand parc, Bacalan, Bordeaux Lac, autour du stade Alfred Daney. Rive droite, on retrouve la Benauge et Brazza.<\/p>\n<p>D\u2019autres secteurs bient\u00f4t payants\u2009?<\/p>\n<p class=\" wall-content\">Les <a href=\"https:\/\/actu.fr\/nouvelle-aquitaine\/bordeaux_33063\/le-stationnement-devient-payant-dans-un-nouveau-quartier-de-bordeaux_61138937.html\" target=\"_blank\" rel=\"noopener\">Chartrons Sud,<\/a> <a href=\"https:\/\/actu.fr\/nouvelle-aquitaine\/bordeaux_33063\/a-bordeaux-stationner-dans-le-quartier-de-la-bastide-devient-payant_58630082.html\" target=\"_blank\" rel=\"noopener\">la Bastide,<\/a> <a href=\"https:\/\/actu.fr\/nouvelle-aquitaine\/bordeaux_33063\/le-stationnement-payant-s-etend-a-un-nouveau-secteur-a-bordeaux_60257613.html\" target=\"_blank\" rel=\"noopener\">Caud\u00e9ran-parc bordelais\u2026<\/a> Ces derni\u00e8res ann\u00e9es, le secteur de stationnement payant a \u00e9t\u00e9 <strong>\u00e9tendu \u00e0 plusieurs quartiers de Bordeaux<\/strong> \u2013 apr\u00e8s avoir men\u00e9 des concertations publiques aupr\u00e8s des habitants.<\/p>\n<p>Pourquoi n&rsquo;y a-t-il pas de zone bleue ? <\/p>\n<p>Elle ne serait pas adapt\u00e9e \u00e0 Bordeaux car elle ne \u00ab\u2009fonctionne\u00a0pas quand le taux de pression est trop \u00e9lev\u00e9\u2009\u00bb, affirme Didier Jeanjean, adjoint au maire charg\u00e9 de la nature en ville et des quartiers apais\u00e9s. Avec un stationnement gratuit, mais limit\u00e9 dans le temps, elle n\u00e9cessite des\u00a0agents de police municipale\u00a0qui \u00ab\u2009tournent en permanence\u2009\u00bb.<\/p>\n<p>Votre r\u00e9gion, votre actu !<\/p>\n<p>Recevez chaque jour les infos qui comptent pour vous.<\/p>\n<p>\t<a href=\"https:\/\/actu.fr\/newsletter\" class=\"ac-btn ac-btn--corner ac-btn--medium ac-btn--blue800\" target=\"_blank\" rel=\"noopener\">S&rsquo;incrire<\/a><\/p>\n<p class=\" wall-content\">Cette r\u00e9glementation vise \u00e0 lutter contre \u00ab\u2009les probl\u00e8mes <strong>de manque de place,<\/strong> de stationnement g\u00eanant, de voitures ventouses, d\u2019encombrement des trottoirs, de s\u00e9curit\u00e9 et de pollution\u2009\u00bb justifie la municipalit\u00e9. Des probl\u00e8mes qui se posent dans les quartiers encore gratuits aujourd\u2019hui <a href=\"https:\/\/actu.fr\/nouvelle-aquitaine\/bordeaux_33063\/on-va-aggraver-un-probleme-a-bordeaux-ils-se-soulevent-contre-le-projet-qui-doit-transformer-leur-rue_63152376.html\" target=\"_blank\" rel=\"noopener\">et cr\u00e9ent des tensions.<\/a> Assez pour les passer au stationnement payant\u2009?<\/p>\n<p class=\" wall-content\">\u00ab\u2009Ce n\u2019est\u00a0<strong>pas d\u2019actualit\u00e9\u2009\u00bb,<\/strong> indique Didier Jeanjean, adjoint au maire charg\u00e9 de la nature en ville et des quartiers apais\u00e9s. Dans ces quartiers charni\u00e8res sujets \u00e0 de grand taux de pression (le nombre de voitures par place), Didier Jeanjean estime que<strong>\u00a0plusieurs solutions<\/strong>\u00a0devraient \u00eatre mises en place parall\u00e8lement\u2009: d\u00e9velopper les alternatives comme l\u2019autopartage et les offres de transport en commun, d\u00e9velopper des parkings (notamment\u00a0<a href=\"https:\/\/actu.fr\/nouvelle-aquitaine\/bordeaux_33063\/un-nouveau-parc-relais-ou-garer-sa-voiture-a-bordeaux-rive-droite_59806381.html\" target=\"_blank\" rel=\"noopener\">les parcs-relais<\/a>) et, enfin, passer au stationnement payant \u00ab\u2009si la tarification solidaire est en place\u2009\u00bb.<\/p>\n<p class=\" wall-content\">Mais pour l\u2019instaurer, il faut prendre en compte les revenus des foyers, <a href=\"https:\/\/actu.fr\/nouvelle-aquitaine\/bordeaux_33063\/des-2025-le-stationnement-sera-plus-cher-pour-les-vehicules-les-plus-lourds-a-bordeaux_62127601.html\" target=\"_blank\" rel=\"noopener\">les types de voitures,<\/a> les zones de stationnement\u2026 \u00ab\u2009Pour des <strong>raisons techniques,<\/strong> et par soucis de respect du r\u00e8glement g\u00e9n\u00e9ral sur la protection des donn\u00e9es (RGPD), c\u2019est difficile \u00e0 mettre en place\u2009\u00bb, d\u00e9taille l\u2019\u00e9lu bordelais.<\/p>\n<p class=\" wall-content\">Autant dire que si l\u2019\u00e9lu esp\u00e8re d\u00e9j\u00e0 que la<strong>\u00a0tarification solidaire<\/strong> puisse \u00eatre mise en place dans les prochains mois, l\u2019extension du secteur de stationnement payant (ou en tout cas le soumettre au vote des habitants) sera du ressort de la <a href=\"https:\/\/actu.fr\/tag\/municipales-2026\" target=\"_blank\" rel=\"noopener\">prochaine \u00e9quipe municipale.<\/a><\/p>\n<p class=\" wall-content\">Personnalisez votre actualit\u00e9 en ajoutant vos villes et m\u00e9dias en favori avec <a href=\"https:\/\/moncompte.actu.fr\" title=\"D\u00e9couvez Mon Actu\" rel=\"nofollow noopener\" data-trk=\"{&quot;cta&quot;:{&quot;action&quot;:&quot;https:\\\/\\\/moncompte.actu.fr&quot;,&quot;category&quot;:&quot;mon compte&quot;,&quot;from&quot;:&quot;article footer&quot;,&quot;name&quot;:&quot;Mon actu&quot;,&quot;type&quot;:&quot;cta&quot;}}\" target=\"_blank\">Mon Actu<\/a>.<\/p>\n","protected":false},"excerpt":{"rendered":"Par Juliette Cardinale Publi\u00e9 le 16 sept. 2025 \u00e0 6h32 Entre les zones pi\u00e9tonnes et les nombreuses places&hellip;\n","protected":false},"author":2,"featured_media":394280,"comment_status":"","ping_status":"","sticky":false,"template":"","format":"standard","meta":{"footnotes":""},"categories":[2817],"tags":[1111,11,646,1997,1777,674,1011,27,12,2219,4860,25,104,6173],"class_list":{"0":"post-394279","1":"post","2":"type-post","3":"status-publish","4":"format-standard","5":"has-post-thumbnail","7":"category-bordeaux","8":"tag-actu","9":"tag-actualites","10":"tag-automobile","11":"tag-bordeaux","12":"tag-eu","13":"tag-europe","14":"tag-fr","15":"tag-france","16":"tag-news","17":"tag-nouvelle-aquitaine","18":"tag-pierre-hurmic","19":"tag-republique-francaise","20":"tag-societe","21":"tag-stationnement"},"share_on_mastodon":{"url":"https:\/\/pubeurope.com\/@fr\/115212229376750669","error":""},"_links":{"self":[{"href":"https:\/\/www.europesays.com\/fr\/wp-json\/wp\/v2\/posts\/394279","targetHints":{"allow":["GET"]}}],"collection":[{"href":"https:\/\/www.europesays.com\/fr\/wp-json\/wp\/v2\/posts"}],"about":[{"href":"https:\/\/www.europesays.com\/fr\/wp-json\/wp\/v2\/types\/post"}],"author":[{"embeddable":true,"href":"https:\/\/www.europesays.com\/fr\/wp-json\/wp\/v2\/users\/2"}],"replies":[{"embeddable":true,"href":"https:\/\/www.europesays.com\/fr\/wp-json\/wp\/v2\/comments?post=394279"}],"version-history":[{"count":0,"href":"https:\/\/www.europesays.com\/fr\/wp-json\/wp\/v2\/posts\/394279\/revisions"}],"wp:featuredmedia":[{"embeddable":true,"href":"https:\/\/www.europesays.com\/fr\/wp-json\/wp\/v2\/media\/394280"}],"wp:attachment":[{"href":"https:\/\/www.europesays.com\/fr\/wp-json\/wp\/v2\/media?parent=394279"}],"wp:term":[{"taxonomy":"category","embeddable":true,"href":"https:\/\/www.europesays.com\/fr\/wp-json\/wp\/v2\/categories?post=394279"},{"taxonomy":"post_tag","embeddable":true,"href":"https:\/\/www.europesays.com\/fr\/wp-json\/wp\/v2\/tags?post=394279"}],"curies":[{"name":"wp","href":"https:\/\/api.w.org\/{rel}","templated":true}]}}