{"id":394289,"date":"2025-09-16T05:10:12","date_gmt":"2025-09-16T05:10:12","guid":{"rendered":"https:\/\/www.europesays.com\/fr\/394289\/"},"modified":"2025-09-16T05:10:12","modified_gmt":"2025-09-16T05:10:12","slug":"a-marseille-le-chantier-de-depollution-des-calanques-debute-20-ans-apres-lalerte","status":"publish","type":"post","link":"https:\/\/www.europesays.com\/fr\/394289\/","title":{"rendered":"\u00e0 Marseille, le chantier de d\u00e9pollution des calanques d\u00e9bute 20 ans apr\u00e8s l\u2019alerte"},"content":{"rendered":"<p><strong>REPORTAGE &#8211;<\/strong> D\u00e8s 2005, les autorit\u00e9s avaient signal\u00e9 la pr\u00e9sence de r\u00e9sidus de plomb et d\u2019arsenic le long du chemin des Goudes, h\u00e9ritage d\u2019un pass\u00e9 industriel lointain, et alert\u00e9 sur les risques sanitaires majeurs encourus par les habitants et les touristes.<\/p>\n<p class=\"fig-paragraph\"><a href=\"http:\/\/www.lefigaro.fr\/marseille\/des-metaux-lourds-sous-la-serviette-a-marseille-une-vaste-operation-de-depollution-dans-les-calanques-programmee-20240401\" data-fig-type=\"NewsFlash\" data-gtm-custom-categorie=\"navigation\" data-gtm-custom-action=\"crossclick\" data-gtm-custom-label=\"Contextuel\" data-gtm-event=\"customEventSPE\" data-fig-domain=\"LEFIGARO\" rel=\"nofollow noopener\" target=\"_blank\">Le d\u00e9cor est idyllique<\/a>. La mer scintille au soleil le long des roches blanches typiques des calanques de Marseille, o\u00f9 le bleu de la M\u00e9diterran\u00e9e refl\u00e8te le ciel azur du mois de septembre. Au-dessus du village typique des\u00a0<a href=\"http:\/\/www.lefigaro.fr\/voyages\/escale-dans-le-quartier-des-goudes-le-marseille-du-bout-du-monde-20200702\" data-fig-type=\"Article\" data-gtm-custom-categorie=\"navigation\" data-gtm-custom-action=\"crossclick\" data-gtm-custom-label=\"Contextuel\" data-gtm-event=\"customEventSPE\" data-fig-domain=\"LEFIGARO\" rel=\"nofollow noopener\" target=\"_blank\">Goudes<\/a>, dans ce bout du bout de Marseille (8e arrondissement), la qui\u00e9tude habituelle a fait place au ballet des pelleteuses.<\/p>\n<p class=\"fig-paragraph\">Car il ne faut pas se fier aux apparences. Derri\u00e8re ce cadre enchanteur se cache un cocktail explosif, h\u00e9ritage d\u2019un pass\u00e9 industriel quelque peu oubli\u00e9. Jusqu\u2019au d\u00e9but du XXe si\u00e8cle prosp\u00e9raient des entreprises sid\u00e9rurgiques et m\u00e9tallurgiques qui entassaient leurs r\u00e9sidus polluants dans ce secteur peu fr\u00e9quent\u00e9. R\u00e9sultat\u00a0: des milliers de tonnes de plomb et d\u2019<a href=\"http:\/\/www.lefigaro.fr\/livres\/des-livres-empoisonnes-a-l-arsenic-presents-dans-les-bibliotheques-francaises-20240428\" data-fig-type=\"Article\" data-gtm-custom-categorie=\"navigation\" data-gtm-custom-action=\"crossclick\" data-gtm-custom-label=\"Contextuel\" data-gtm-event=\"customEventSPE\" data-fig-domain=\"LEFIGARO\" rel=\"nofollow noopener\" target=\"_blank\">arsenic<\/a>\u00a0accumul\u00e9s que certains prennent pour du sable, n\u2019h\u00e9sitant pas \u00e0 se pr\u00e9lasser dessus avec leurs serviettes ou \u00e0 laisser leurs enfants jouer avec.<\/p>\n<p>                                    <a class=\"fig-a11y-skip a11y-hidden\" href=\"#fig-a11y-skip-main-inarticle\"><br \/>\n        Passer la publicit\u00e9<br \/>\n    <\/a><\/p>\n<p class=\"fig-paragraph\">D\u00e8s 2005, un rapport de l\u2019institut de veille sanitaire, aujourd\u2019hui Sant\u00e9 publique France, donne l\u2019alerte\u00a0: ces scories de couleur marron repr\u00e9sentent un risque de saturnisme pour les enfants. Les ann\u00e9es passent mais, mis \u00e0 part l\u2019interdiction de p\u00eacher les oursins et les moules du secteur, rien ne bouge v\u00e9ritablement. \u00abC\u2019est un chantier qui co\u00fbte extr\u00eamement cher, en raison d\u2019une pollution qui est historique\u00bb, explique C\u00e9cile Morciano, responsable sant\u00e9 et environnement \u00e0 l\u2019Agence r\u00e9gionale de sant\u00e9 (ARS) de Provence-Alpes-C\u00f4te d\u2019Azur (Paca).<\/p>\n<p>Chantier \u00e0 14 millions d\u2019euros<\/p>\n<p class=\"fig-paragraph\">En d\u00e9cembre dernier, la justice pousse les autorit\u00e9s \u00e0 acc\u00e9l\u00e9rer. Saisi notamment par des associations de riverains, le tribunal administratif de Marseille a condamn\u00e9 l\u2019\u00c9tat \u00e0 d\u00e9polluer et mettre en s\u00e9curit\u00e9 29 hectares de terrains contamin\u00e9s. Le chantier, dont le montant est estim\u00e9 \u00e0 14 millions d\u2019euros, a officiellement commenc\u00e9 au d\u00e9but du mois de septembre.<\/p>\n<p class=\"fig-paragraph\">Toutefois, sur les 77 sites pollu\u00e9s identifi\u00e9s par la justice, seuls 20 d\u2019entre eux vont r\u00e9ellement \u00eatre \u00abmis en s\u00e9curit\u00e9\u00bb dans ce cadre, la d\u00e9pollution semblant impossible selon les responsables du chantier. \u00ab\u00c7a n\u2019est pas une d\u00e9pollution parce qu\u2019aujourd\u2019hui, on ne peut pas retirer le plomb et l\u2019arsenic de ces mat\u00e9riaux directement, affirme M\u00e9lody Gros, chef de projets Sites et sols pollu\u00e9s \u00e0 l\u2019Ademe (Agence de l\u2019environnement et de la ma\u00eetrise de l\u2019\u00e9nergie) en charge de ce chantier XXL. Les seules solutions qui existent sont\u00a0: soit le retrait pour aller confiner dans des installations sp\u00e9cifiquement d\u00e9di\u00e9es pour ces d\u00e9chets dangereux, soit le confinement sur place.\u00bb<\/p>\n<p>La peur des poussi\u00e8res<\/p>\n<p class=\"fig-paragraph\">\u00abLa s\u00e9lection de ces 20 sites a \u00e9t\u00e9 faite selon plusieurs crit\u00e8res techniques, poursuit M\u00e9lody Gros. Il y a d\u2019abord la concentration. On a regard\u00e9 les d\u00e9p\u00f4ts qui pr\u00e9sentaient la concentration la plus importante, et donc le risque le plus important de contact direct avec ces scories.\u00bb L\u2019\u00c9tat a \u00e9galement cibl\u00e9 les sites les plus fr\u00e9quent\u00e9s et les plus accessibles.<\/p>\n<p class=\"fig-paragraph\">Une m\u00e9thodologique qui n\u2019est pas sans soulever questions et inqui\u00e9tudes chez les riverains. \u00abLes travaux envisag\u00e9s ne couvrent pas la totalit\u00e9 de la d\u00e9cision de justice, souligne Me Florent Tizot, avocat des associations et collectifs qui avaient saisi le tribunal administratif. Il y a un vrai flou acad\u00e9mique sur ce qui est pr\u00e9vu pour ces sites. Soit ce sera pour plus tard, et ils ne le disent pas, soit ces sites sont d\u00e9laiss\u00e9s. Et puis, il ne faudrait pas que \u00e7a pollue plus que \u00e7a ne d\u00e9pollue&#8230;\u00bb Dans cette zone o\u00f9 le mistral souffle r\u00e9guli\u00e8rement et tr\u00e8s fort, les riverains craignent en effet que les travaux brassent les polluants, jusqu\u2019\u00e0 respirer des poussi\u00e8res de particules fines dangereuses pour la sant\u00e9.<\/p>\n<p>                                    <a class=\"fig-a11y-skip a11y-hidden\" href=\"#fig-a11y-skip-main-inarticle_mtf\"><br \/>\n        Passer la publicit\u00e9<br \/>\n    <\/a><\/p>\n<p>Deux phases de travaux<\/p>\n<p class=\"fig-paragraph\">\u00abNous connaissons les risques inh\u00e9rents \u00e0 tout chantier de d\u00e9pollution, notamment le ravinement dans la mer et l\u2019envol de poussi\u00e8res et particules contamin\u00e9es lors des excavations, terrassements et transports, malgr\u00e9 la pr\u00e9vention et les pr\u00e9cautions prises sur le chantier\u00bb, \u00e9crivent dans un communiqu\u00e9 commun l\u2019association Sant\u00e9 littoral Sud pour l\u2019environnement, l\u2019Union calanques Littoral et la f\u00e9d\u00e9ration d\u2019action r\u00e9gionale. Les collectifs r\u00e9clament aussi que les riverains fassent \u00abl\u2019objet d\u2019une veille et surveillance sanitaire par les services sp\u00e9cialis\u00e9s de l\u2019\u00c9tat.\u00bb<\/p>\n<p class=\"fig-paragraph\">Un dispositif que C\u00e9cile Morciano ne juge \u00abpas n\u00e9cessaire\u00bb. \u00abNous allons mettre en place des aspiratrices avec des filtres extr\u00eamement performants qui permettent d\u2019\u00e9viter des \u00e9missions au moment des op\u00e9rations d\u2019aspirations, promet M\u00e9lody Gros. Nous allons \u00e9galement proc\u00e9der \u00e0 des brumisations au plus pr\u00e8s des zones de travaux pour abattre les \u00e9ventuelles poussi\u00e8res d\u00e9gag\u00e9es au moment des op\u00e9rations.\u00bb L\u2019\u00c9tat assure \u00e9galement proc\u00e9der r\u00e9guli\u00e8rement \u00e0 des contr\u00f4les de particules fines dans l\u2019air et vouloir stopper les travaux dans les deux heures si le seuil d\u2019alerte est atteint. Une premi\u00e8re phase de traitement de 2500 tonnes de scories, sur sept sites, est pr\u00e9vue jusqu\u2019en mars 2026, suivi d\u2019une seconde sur les 13 autres entre septembre 2026 et mars 2027.<\/p>\n","protected":false},"excerpt":{"rendered":"REPORTAGE &#8211; D\u00e8s 2005, les autorit\u00e9s avaient signal\u00e9 la pr\u00e9sence de r\u00e9sidus de plomb et d\u2019arsenic le long&hellip;\n","protected":false},"author":2,"featured_media":394290,"comment_status":"","ping_status":"","sticky":false,"template":"","format":"standard","meta":{"footnotes":""},"categories":[2814],"tags":[1111,11,52645,1182,1777,674,1011,27,884,12,33051,1800,882,25],"class_list":{"0":"post-394289","1":"post","2":"type-post","3":"status-publish","4":"format-standard","5":"has-post-thumbnail","7":"category-marseille","8":"tag-actu","9":"tag-actualites","10":"tag-arsenic","11":"tag-calanques","12":"tag-eu","13":"tag-europe","14":"tag-fr","15":"tag-france","16":"tag-marseille","17":"tag-news","18":"tag-plomb","19":"tag-pollution","20":"tag-provence-alpes-cote-dazur","21":"tag-republique-francaise"},"share_on_mastodon":{"url":"https:\/\/pubeurope.com\/@fr\/115212256779513851","error":""},"_links":{"self":[{"href":"https:\/\/www.europesays.com\/fr\/wp-json\/wp\/v2\/posts\/394289","targetHints":{"allow":["GET"]}}],"collection":[{"href":"https:\/\/www.europesays.com\/fr\/wp-json\/wp\/v2\/posts"}],"about":[{"href":"https:\/\/www.europesays.com\/fr\/wp-json\/wp\/v2\/types\/post"}],"author":[{"embeddable":true,"href":"https:\/\/www.europesays.com\/fr\/wp-json\/wp\/v2\/users\/2"}],"replies":[{"embeddable":true,"href":"https:\/\/www.europesays.com\/fr\/wp-json\/wp\/v2\/comments?post=394289"}],"version-history":[{"count":0,"href":"https:\/\/www.europesays.com\/fr\/wp-json\/wp\/v2\/posts\/394289\/revisions"}],"wp:featuredmedia":[{"embeddable":true,"href":"https:\/\/www.europesays.com\/fr\/wp-json\/wp\/v2\/media\/394290"}],"wp:attachment":[{"href":"https:\/\/www.europesays.com\/fr\/wp-json\/wp\/v2\/media?parent=394289"}],"wp:term":[{"taxonomy":"category","embeddable":true,"href":"https:\/\/www.europesays.com\/fr\/wp-json\/wp\/v2\/categories?post=394289"},{"taxonomy":"post_tag","embeddable":true,"href":"https:\/\/www.europesays.com\/fr\/wp-json\/wp\/v2\/tags?post=394289"}],"curies":[{"name":"wp","href":"https:\/\/api.w.org\/{rel}","templated":true}]}}