{"id":394305,"date":"2025-09-16T05:20:15","date_gmt":"2025-09-16T05:20:15","guid":{"rendered":"https:\/\/www.europesays.com\/fr\/394305\/"},"modified":"2025-09-16T05:20:15","modified_gmt":"2025-09-16T05:20:15","slug":"face-aux-drones-russes-leurope-a-besoin-de-lukraine-nos-outils-ne-sont-pas-performants","status":"publish","type":"post","link":"https:\/\/www.europesays.com\/fr\/394305\/","title":{"rendered":"Face aux drones russes, l&rsquo;Europe a besoin de l&rsquo;Ukraine : \u00ab\u00a0Nos outils ne sont pas performants\u00a0\u00bb"},"content":{"rendered":"<p>Une d\u00e9fense dat\u00e9e et inadapt\u00e9e<\/p>\n<p class=\"text-left ap-StoryElement ap-StoryElement--mb ap-StoryText\">En position de force sur le champ de bataille ukrainien, <a href=\"https:\/\/www.lalibre.be\/international\/europe\/guerre-ukraine-russie\/2025\/09\/15\/guerre-en-ukraine-moscou-avertit-lotan-contre-linstallation-dune-zone-dexclusion-aerienne-en-ukraine-IALCHXDNGBC7VEPIFKB3I2FQ6A\/\" target=\"_blank\" rel=\"noopener\">Moscou <\/a>teste ouvertement les capacit\u00e9s de r\u00e9action des membres de l&rsquo;Otan. Et force est de constater qu&rsquo;elles ne sont pas adapt\u00e9es. L&rsquo;exemple polonais est l\u00e0 pour en attester. Dans la nuit du 9 au 10 septembre, des F-16 allemands, des F-35 n\u00e9erlandais, des batteries de Patriot allemandes et un avion italien de surveillance a\u00e9rienne sont intervenus conjointement pour neutraliser la vingtaine de drones russes.<\/p>\n<p><a href=\"https:\/\/www.lalibre.be\/international\/europe\/guerre-ukraine-russie\/2025\/09\/10\/les-drones-en-pologne-un-acte-de-guerre-ou-bien-de-provocation-de-la-part-de-moscou-ca-va-beaucoup-plus-loin-que-ce-quon-avait-vu-jusquici-BDDUYAXLONAXTCRCELGVOOM5TA\/\" target=\"_blank\" rel=\"noopener noreferrer\" class=\"ap-StoryInterstitialLink ap-StoryElement ap-StoryElement--mb\">Drones russes en Pologne, acte de guerre ou provocation de la part de Moscou? \u00ab\u00a0Ca va beaucoup plus loin que ce qu&rsquo;on avait vu jusqu&rsquo;ici\u00a0\u00bb<\/a><\/p>\n<p class=\"text-left ap-StoryElement ap-StoryElement--mb ap-StoryText\">Entre trois et cinq de ces drones ont \u00e9t\u00e9 d\u00e9truits en plein vol, par des missiles chers et sophistiqu\u00e9s. Un drone Shahed co\u00fbte environ 20 000 dollars, un drone Gerbera de fabrication russe tels que ceux d\u00e9ploy\u00e9s mercredi, 10 000 dollars, et un missile de F-35\u2026 400 000 dollars pi\u00e8ce. Apr\u00e8s avoir f\u00e9licit\u00e9 les troupes impliqu\u00e9es dans l&rsquo;op\u00e9ration, le Secr\u00e9taire g\u00e9n\u00e9ral de l&rsquo;Otan, Mark Rutte, a donc lui-m\u00eame reconnu que l&rsquo;Alliance devait imp\u00e9rativement se doter de moyens de d\u00e9fense plus efficaces et \u00ab\u00a0meilleur march\u00e9\u00a0\u00bb. D&rsquo;autant plus qu&rsquo;une attaque a\u00e9rienne type de drones russes sur l&rsquo;Ukraine ne repose pas sur vingt, mais sur six cents \u00e0 huit cents drones et missiles envoy\u00e9s conjointement.<\/p>\n<p class=\"text-left ap-StoryElement ap-StoryElement--mb ap-StoryText\">Durant la guerre froide, les pays du bloc occidental \u00ab\u00a0pouvaient encore compter sur une d\u00e9fense antia\u00e9rienne dite de \u00ab\u00a0basse-couche\u00a0\u00bb pour faire face aux h\u00e9licopt\u00e8res\u00a0\u00bb, analyse L\u00e9o P\u00e9ria, chercheur en armement et industrie de d\u00e9fense \u00e0 l&rsquo;Institut fran\u00e7ais des relations internationales (IFRI). Ces capacit\u00e9s ont ensuite \u00e9t\u00e9 d\u00e9laiss\u00e9es au profit de capacit\u00e9s concentr\u00e9es sur le haut du spectre : des missiles de plus en plus \u00e9volu\u00e9s et de plus en plus co\u00fbteux, con\u00e7us pour intercepter des menaces technologiquement complexes mais rares. En d&rsquo;autres termes, on s&rsquo;est mis \u00e0 d\u00e9velopper des munitions tr\u00e8s performantes pour affronter un petit nombre de cibles. Aujourd&rsquo;hui, face au retour de cibles peu co\u00fbteuses mais tr\u00e8s nombreuses, ces outils ne sont pas performants\u00a0\u00bb.<\/p>\n<p><a href=\"https:\/\/www.lalibre.be\/international\/europe\/guerre-ukraine-russie\/2025\/08\/19\/leurope-a-lepreuve-de-la-paix-en-ukraine-sans-respecter-pleinement-les-droits-des-russes-il-ne-peut-etre-question-dun-accord-MKCCF37JVNA2XIVXCCA7FKJTEY\/\" target=\"_blank\" rel=\"noopener noreferrer\" class=\"ap-StoryInterstitialLink ap-StoryElement ap-StoryElement--mb\">L&rsquo;Europe \u00e0 l&rsquo;\u00e9preuve de la paix en Ukraine : \u00ab\u00a0Sans respecter pleinement les droits des Russes, il ne peut \u00eatre question d&rsquo;un accord\u00a0\u00bb<\/a><\/p>\n<p class=\"text-left ap-StoryElement ap-StoryElement--mb ap-StoryText\">Pour les analystes comme pour les dirigeants europ\u00e9ens, le constat est clair : si la Russie devait attaquer l&rsquo;Europe, notre d\u00e9fense antia\u00e9rienne ne serait absolument pas \u00e0 la hauteur.<\/p>\n<p>L&rsquo;indispensable expertise ukrainienne<\/p>\n<p class=\"text-left ap-StoryElement ap-StoryElement--mb ap-StoryText\">Des initiatives ont cependant vu le jour ces derni\u00e8res ann\u00e9es. Des g\u00e9ants de l&rsquo;armement comme le Su\u00e9dois Saab ou le Fran\u00e7ais DGA ont r\u00e9cemment et respectivement d\u00e9velopp\u00e9 un missile low cost et un syst\u00e8me laser anti-drones. Le Danemark vient quant \u00e0 lui d&rsquo;annoncer un investissement de 7,76 milliards d&rsquo;euros pour acqu\u00e9rir huit syst\u00e8mes de d\u00e9fense antia\u00e9riens de longue et moyenne port\u00e9e aupr\u00e8s de fabricants europ\u00e9ens, pour mettre en place \u00ab\u00a0une d\u00e9fense a\u00e9rienne terrestre compos\u00e9e de plusieurs syst\u00e8mes int\u00e9gr\u00e9s, fournissant plusieurs niveaux de protection de l&rsquo;espace a\u00e9rien\u00a0\u00bb. Mais le d\u00e9ploiement complet de ces syst\u00e8mes prendra plusieurs ann\u00e9es.<\/p>\n<p class=\"text-left ap-StoryElement ap-StoryElement--mb ap-StoryText\">\u00ab\u00a0Les technologies de basse-couche qui nous manquaient existent d\u00e9j\u00e0, commente L\u00e9o P\u00e9ria. Elles sont assez simples, il s&rsquo;agit par exemple de petites tourelles que l&rsquo;on place sur des v\u00e9hicules d&rsquo;infanterie avec un radar de suivi, un radar de guidage et un canon. Les Pays-Bas et le Danemark en ont d\u00e9j\u00e0 command\u00e9, l&rsquo;Allemagne pourrait en commander 900, mais quoi qu\u00a0\u00bbil arrive, tout cela prendra effectivement du temps.\u00a0\u00bb<\/p>\n<p class=\"text-left ap-StoryElement ap-StoryElement--mb ap-StoryText\">Si les membres europ\u00e9ens de l&rsquo;Otan veulent rapidement mettre en place un bouclier a\u00e9rien multicouches et efficace, ils n&rsquo;ont d&rsquo;autre choix que de se tourner vers leur partenaire ukrainien.<\/p>\n<p><a href=\"https:\/\/www.lalibre.be\/debats\/2025\/07\/05\/trump-diplomate-patient-ou-allie-de-poutine-UNEQCRT6OBEWPMNRS6UPNUSBG4\/\" target=\"_blank\" rel=\"noopener noreferrer\" class=\"ap-StoryInterstitialLink ap-StoryElement ap-StoryElement--mb\">Trump, diplomate patient ou alli\u00e9 de Poutine ?<\/a><\/p>\n<p class=\"text-left ap-StoryElement ap-StoryElement--mb ap-StoryText\">Le 10 septembre, le Commissaire europ\u00e9en \u00e0 la D\u00e9fense, Andrius Kubilius appelait les \u00c9tats membres \u00e0 d\u00e9velopper un \u00ab\u00a0mur de drones\u00a0\u00bb le long de la fronti\u00e8re Est de l&rsquo;UE, tel que r\u00e9clam\u00e9 depuis des ann\u00e9es par la Pologne et les pays baltes. Dans le discours sur l&rsquo;\u00c9tat de l&rsquo;Union qu&rsquo;elle a prononc\u00e9 quelques heures plus tard, la pr\u00e9sidente de la Commission Ursula von der Leyen a annonc\u00e9 le d\u00e9blocage d&rsquo;un pr\u00eat de 6 milliards d&rsquo;euros afin de financer une \u00ab\u00a0alliance de drones\u00a0\u00bb avec l&rsquo;Ukraine. De quoi permettre aux alli\u00e9s europ\u00e9ens de Kiev de b\u00e9n\u00e9ficier de son expertise en mati\u00e8re de d\u00e9fense anti-drones, et de mettre \u00e0 sa disposition les capacit\u00e9s de production industrielle de l&rsquo;Union.<\/p>\n<p class=\"text-left ap-StoryElement ap-StoryElement--mb ap-StoryText\">\u00ab\u00a0L&rsquo;Ukraine propose depuis longtemps \u00e0 ses partenaires la cr\u00e9ation d&rsquo;un syst\u00e8me commun de d\u00e9fense a\u00e9rienne afin de garantir la destruction\u00a0\u00bb des drones et des missiles russes, lui a prestement r\u00e9pondu le pr\u00e9sident ukrainien Volodymyr Zelensky. \u00ab\u00a0L&rsquo;Ukraine poss\u00e8de une exp\u00e9rience unique dans la construction d&rsquo;une d\u00e9fense multisyst\u00e8mes : d\u00e9fense a\u00e9rienne, groupes de tir mobiles, drones intercepteurs, aviation, h\u00e9licopt\u00e8res et plusieurs couches de guerre \u00e9lectronique. C&rsquo;est la seule fa\u00e7on de stopper les attaques massives. Aujourd&rsquo;hui, hormis l&rsquo;Ukraine et la Russie, personne ne dispose d&rsquo;un tel syst\u00e8me\u00a0\u00bb. Kiev, a-t-il conclu \u00ab\u00a0est pr\u00eate \u00e0 partager cette exp\u00e9rience avec (ses) partenaires polonais et europ\u00e9ens\u00a0\u00bb. Tant mieux, ils en ont bien besoin.<\/p>\n","protected":false},"excerpt":{"rendered":"Une d\u00e9fense dat\u00e9e et inadapt\u00e9e En position de force sur le champ de bataille ukrainien, Moscou teste ouvertement&hellip;\n","protected":false},"author":2,"featured_media":394306,"comment_status":"","ping_status":"","sticky":false,"template":"","format":"standard","meta":{"footnotes":""},"categories":[1591],"tags":[11,52654,52655,1887,12,262,1885,1886,132,20451,52653],"class_list":{"0":"post-394305","1":"post","2":"type-post","3":"status-publish","4":"format-standard","5":"has-post-thumbnail","7":"category-russie","8":"tag-actualites","9":"tag-assis","10":"tag-chef-deta","11":"tag-federation-de-russie","12":"tag-news","13":"tag-politique-etrangere","14":"tag-russia","15":"tag-russian-federation","16":"tag-russie","17":"tag-visite-officielle","18":"tag-visite-officiellepolitique-etrangererussieassischef-deta"},"share_on_mastodon":{"url":"https:\/\/pubeurope.com\/@fr\/115212296084038979","error":""},"_links":{"self":[{"href":"https:\/\/www.europesays.com\/fr\/wp-json\/wp\/v2\/posts\/394305","targetHints":{"allow":["GET"]}}],"collection":[{"href":"https:\/\/www.europesays.com\/fr\/wp-json\/wp\/v2\/posts"}],"about":[{"href":"https:\/\/www.europesays.com\/fr\/wp-json\/wp\/v2\/types\/post"}],"author":[{"embeddable":true,"href":"https:\/\/www.europesays.com\/fr\/wp-json\/wp\/v2\/users\/2"}],"replies":[{"embeddable":true,"href":"https:\/\/www.europesays.com\/fr\/wp-json\/wp\/v2\/comments?post=394305"}],"version-history":[{"count":0,"href":"https:\/\/www.europesays.com\/fr\/wp-json\/wp\/v2\/posts\/394305\/revisions"}],"wp:featuredmedia":[{"embeddable":true,"href":"https:\/\/www.europesays.com\/fr\/wp-json\/wp\/v2\/media\/394306"}],"wp:attachment":[{"href":"https:\/\/www.europesays.com\/fr\/wp-json\/wp\/v2\/media?parent=394305"}],"wp:term":[{"taxonomy":"category","embeddable":true,"href":"https:\/\/www.europesays.com\/fr\/wp-json\/wp\/v2\/categories?post=394305"},{"taxonomy":"post_tag","embeddable":true,"href":"https:\/\/www.europesays.com\/fr\/wp-json\/wp\/v2\/tags?post=394305"}],"curies":[{"name":"wp","href":"https:\/\/api.w.org\/{rel}","templated":true}]}}