{"id":394307,"date":"2025-09-16T05:21:10","date_gmt":"2025-09-16T05:21:10","guid":{"rendered":"https:\/\/www.europesays.com\/fr\/394307\/"},"modified":"2025-09-16T05:21:10","modified_gmt":"2025-09-16T05:21:10","slug":"le-president-polonais-attendu-a-paris-et-a-berlin","status":"publish","type":"post","link":"https:\/\/www.europesays.com\/fr\/394307\/","title":{"rendered":"Le pr\u00e9sident polonais attendu \u00e0 Paris et \u00e0 Berlin\u2026"},"content":{"rendered":"<p>Des frappes russes font deux morts dans le sud de l\u2019Ukraine<\/p>\n<p>Des frappes russes ont fait deux morts dans les r\u00e9gions de Zaporijjia et Mykola\u00efv, ont annonc\u00e9 ce mardi les autorit\u00e9s locales.<\/p>\n<p>\u00ab\u00a0Une personne a \u00e9t\u00e9 tu\u00e9e\u00a0\u00bb au cours d\u2019une attaque, a d\u00e9clar\u00e9 Ivan Fedorov, chef de l\u2019administration militaire r\u00e9gionale de Zaporijjia sur Telegram, pr\u00e9cisant que des \u00e9quipes des secours \u00e9taient sur place. \u00ab\u00a0Le nombre de personnes bless\u00e9es dans l\u2019attaque ennemie sur Zaporijjia est pass\u00e9 \u00e0 neuf\u00a0\u00bb, a-t-il \u00e9crit dans un autre message, relevant le bilan des bless\u00e9s.<\/p>\n<p>Le gouverneur de la r\u00e9gion de Mykola\u00efv, Vitali Kim, a lui fait \u00e9tat d\u2019un mort dans sa r\u00e9gion.<\/p>\n<p>Le pr\u00e9sident nationaliste polonais attendu \u00e0 Berlin et \u00e0 Paris<\/p>\n<p>Le chef de l\u2019Etat polonais Karol Nawrocki se rend ce mardi pour la premi\u00e8re fois \u00e0 Berlin et \u00e0 Paris, au moment o\u00f9 la Pologne cherche \u00e0 renforcer la protection de sa fronti\u00e8re Est, limite orientale de l\u2019UE et de l\u2019Otan.<\/p>\n<p>L\u2019Allemagne et la France ont d\u2019ores et d\u00e9j\u00e0 offert \u00e0 la Pologne le renforcement de sa d\u00e9fense a\u00e9rienne, apr\u00e8s l\u2019intrusion de drones russes sur son territoire. Jug\u00e9e d\u00e9lib\u00e9r\u00e9e par Varsovie, l\u2019irruption d\u2019une vingtaine de drones russes dans la nuit de mardi \u00e0 mercredi a provoqu\u00e9 la col\u00e8re des alli\u00e9s europ\u00e9ens.<\/p>\n<p>Bienvenue dans ce nouveau Live<\/p>\n<p>Bonjour \u00e0 toutes et \u00e0 tous. Comme chaque jour, la r\u00e9daction de 20 Minutes est mobilis\u00e9e pour vous donner l\u2019ensemble des informations sur le conflit entre Kiev et Moscou.<\/p>\n<p>Les espoirs de paix, longtemps mis en avant par Donald Trump, sont presque \u00e9teints. Sur le terrain, les armes continuent de parler et la tension monte d\u00e9sormais fortement entre l\u2019Otan et Moscou. Le Kremlin a m\u00eame estim\u00e9 la semaine derni\u00e8re que les n\u00e9gociations de paix avec Kiev \u00e9taient en \u00ab\u00a0pause\u00a0\u00bb, trois ans et demi apr\u00e8s le d\u00e9but de l\u2019invasion russe de l\u2019Ukraine qui a fait des dizaines voire des centaines de milliers de morts et d\u00e9plac\u00e9 des millions de personnes.<\/p>\n","protected":false},"excerpt":{"rendered":"Des frappes russes font deux morts dans le sud de l\u2019Ukraine Des frappes russes ont fait deux morts&hellip;\n","protected":false},"author":2,"featured_media":394308,"comment_status":"","ping_status":"","sticky":false,"template":"","format":"standard","meta":{"footnotes":""},"categories":[1590],"tags":[47,11,73,1777,674,131,74,12,136,132,220,555,133,135,134],"class_list":{"0":"post-394307","1":"post","2":"type-post","3":"status-publish","4":"format-standard","5":"has-post-thumbnail","7":"category-ukraine","8":"tag-actualite","9":"tag-actualites","10":"tag-etats-unis","11":"tag-eu","12":"tag-europe","13":"tag-guerre-en-ukraine","14":"tag-monde","15":"tag-news","16":"tag-otan","17":"tag-russie","18":"tag-ukraine","19":"tag-union-europeenne-ue","20":"tag-video","21":"tag-vladimir-poutine","22":"tag-volodymyr-zelensky"},"share_on_mastodon":{"url":"https:\/\/pubeurope.com\/@fr\/115212300284696099","error":""},"_links":{"self":[{"href":"https:\/\/www.europesays.com\/fr\/wp-json\/wp\/v2\/posts\/394307","targetHints":{"allow":["GET"]}}],"collection":[{"href":"https:\/\/www.europesays.com\/fr\/wp-json\/wp\/v2\/posts"}],"about":[{"href":"https:\/\/www.europesays.com\/fr\/wp-json\/wp\/v2\/types\/post"}],"author":[{"embeddable":true,"href":"https:\/\/www.europesays.com\/fr\/wp-json\/wp\/v2\/users\/2"}],"replies":[{"embeddable":true,"href":"https:\/\/www.europesays.com\/fr\/wp-json\/wp\/v2\/comments?post=394307"}],"version-history":[{"count":0,"href":"https:\/\/www.europesays.com\/fr\/wp-json\/wp\/v2\/posts\/394307\/revisions"}],"wp:featuredmedia":[{"embeddable":true,"href":"https:\/\/www.europesays.com\/fr\/wp-json\/wp\/v2\/media\/394308"}],"wp:attachment":[{"href":"https:\/\/www.europesays.com\/fr\/wp-json\/wp\/v2\/media?parent=394307"}],"wp:term":[{"taxonomy":"category","embeddable":true,"href":"https:\/\/www.europesays.com\/fr\/wp-json\/wp\/v2\/categories?post=394307"},{"taxonomy":"post_tag","embeddable":true,"href":"https:\/\/www.europesays.com\/fr\/wp-json\/wp\/v2\/tags?post=394307"}],"curies":[{"name":"wp","href":"https:\/\/api.w.org\/{rel}","templated":true}]}}