{"id":394311,"date":"2025-09-16T05:23:12","date_gmt":"2025-09-16T05:23:12","guid":{"rendered":"https:\/\/www.europesays.com\/fr\/394311\/"},"modified":"2025-09-16T05:23:12","modified_gmt":"2025-09-16T05:23:12","slug":"du-royaume-uni-aux-etats-unis-la-violence-politique-en-voie-de-radicalisation-durable","status":"publish","type":"post","link":"https:\/\/www.europesays.com\/fr\/394311\/","title":{"rendered":"Du Royaume-Uni aux \u00c9tats-Unis, la violence politique en voie de radicalisation durable\u202f?"},"content":{"rendered":"<p>\u00a0Comme en France, les \u00ab\u00a0partis de gouvernement\u00a0\u00bb sont en chute libre au Royaume-Uni. Selon <a class=\"Link\" href=\"https:\/\/www.economist.com\/leaders\/2025\/09\/11\/is-british-politics-broken-its-centre-is-cracking\" target=\"_blank\" title=\"\" data-gtm=\"click:capsule\" data-capsule=\"Lien\" rel=\"noopener\">The Economist<\/a>, les conservateurs et les travaillistes, qui se partagent traditionnellement le pouvoir, n&rsquo;ont\u00a0obtenu que\u00a057\u00a0% des suffrages aux \u00e9lections de l&rsquo;an dernier. Si de nouvelles \u00e9lections avaient lieu ce mois-ci, ils\u00a0n&rsquo;en recueilleraient plus que\u00a039\u00a0% \u00e0 eux deux d&rsquo;apr\u00e8s les sondages.<\/p>\n<p>Les conservateurs sont d\u00e9pass\u00e9s\u00a0par les populistes de Reform UK (32\u00a0% contre\u00a017\u00a0%), un parti d&rsquo;extr\u00eame droite tr\u00e8s hostile \u00e0 l&rsquo;immigration. Son leader, Nigel Farage, estime qu&rsquo;il deviendra Premier ministre d\u00e8s 2027, alors que les prochaines \u00e9lections g\u00e9n\u00e9rales doivent se tenir avant le\u00a015\u00a0ao\u00fbt 2029\u2026\u00a0150\u00a0000 personnes sont descendues dans les rues de Londres, samedi dernier, \u00e0 l&rsquo;appel de Tommy Robinson, un natio&#8230;<\/p>\n<p>Toute l\u2019actualit\u00e9 \u00e0 1\u20ac le premier mois<\/p>\n<p><a href=\"https:\/\/abo.lepoint.fr\/?provenance=21EDI020098\" class=\"btn\" title=\"S&#039;abonner\" data-gtm=\"click:abo|display:abo\" data-campaign=\"paywall_maison\" target=\"_blank\" rel=\"noopener\">S&rsquo;abonner<\/a><\/p>\n<p>ou<\/p>\n<p>La newsletter d\u00e9bats et opinions<\/p>\n<p class=\"period\">Tous les vendredis \u00e0 7h30<\/p>\n<p>Recevez notre s\u00e9lection d\u2019articles tir\u00e9e de notre rubrique D\u00e9bats, pour comprendre les vrais enjeux du monde d\u2019aujourd\u2019hui et de notre soci\u00e9t\u00e9<\/p>\n<p>Merci !<br \/>Votre inscription a bien \u00e9t\u00e9 prise en compte avec l&rsquo;adresse email :<\/p>\n<p>Pour d\u00e9couvrir toutes nos autres newsletters, rendez-vous ici : <a href=\"https:\/\/moncompte.lepoint.fr\/\" title=\"\" target=\"_blank\" rel=\"noopener\">MonCompte<\/a><\/p>\n<p>En vous inscrivant, vous acceptez les <a href=\"https:\/\/www.lepoint.fr\/html\/cgu\/\" title=\"Conditions g\u00e9n\u00e9rales d&#039;utilisation\" target=\"_blank\" rel=\"noopener\">conditions g\u00e9n\u00e9rales d\u2019utilisations<\/a> et notre <a href=\"https:\/\/www.lepoint.fr\/html\/politique-de-protection-donnees-personnelles\/\" title=\"Politique de confidentialit\u00e9\" target=\"_blank\" rel=\"noopener\">politique de confidentialit\u00e9<\/a>.<\/p>\n","protected":false},"excerpt":{"rendered":"\u00a0Comme en France, les \u00ab\u00a0partis de gouvernement\u00a0\u00bb sont en chute libre au Royaume-Uni. Selon The Economist, les conservateurs&hellip;\n","protected":false},"author":2,"featured_media":394312,"comment_status":"","ping_status":"","sticky":false,"template":"","format":"standard","meta":{"footnotes":""},"categories":[1588],"tags":[11,75,1777,674,2581,12,473,1853,1851,1850,1852],"class_list":{"0":"post-394311","1":"post","2":"type-post","3":"status-publish","4":"format-standard","5":"has-post-thumbnail","7":"category-royaume-uni","8":"tag-actualites","9":"tag-donald-trump","10":"tag-eu","11":"tag-europe","12":"tag-keir-starmer","13":"tag-news","14":"tag-royaume-uni","15":"tag-royaume-uni-de-grande-bretagne-et-dirlande-du-nord","16":"tag-uk","17":"tag-united-kingdom","18":"tag-united-kingdom-of-great-britain-and-northern-ireland"},"share_on_mastodon":{"url":"https:\/\/pubeurope.com\/@fr\/115212307957296952","error":""},"_links":{"self":[{"href":"https:\/\/www.europesays.com\/fr\/wp-json\/wp\/v2\/posts\/394311","targetHints":{"allow":["GET"]}}],"collection":[{"href":"https:\/\/www.europesays.com\/fr\/wp-json\/wp\/v2\/posts"}],"about":[{"href":"https:\/\/www.europesays.com\/fr\/wp-json\/wp\/v2\/types\/post"}],"author":[{"embeddable":true,"href":"https:\/\/www.europesays.com\/fr\/wp-json\/wp\/v2\/users\/2"}],"replies":[{"embeddable":true,"href":"https:\/\/www.europesays.com\/fr\/wp-json\/wp\/v2\/comments?post=394311"}],"version-history":[{"count":0,"href":"https:\/\/www.europesays.com\/fr\/wp-json\/wp\/v2\/posts\/394311\/revisions"}],"wp:featuredmedia":[{"embeddable":true,"href":"https:\/\/www.europesays.com\/fr\/wp-json\/wp\/v2\/media\/394312"}],"wp:attachment":[{"href":"https:\/\/www.europesays.com\/fr\/wp-json\/wp\/v2\/media?parent=394311"}],"wp:term":[{"taxonomy":"category","embeddable":true,"href":"https:\/\/www.europesays.com\/fr\/wp-json\/wp\/v2\/categories?post=394311"},{"taxonomy":"post_tag","embeddable":true,"href":"https:\/\/www.europesays.com\/fr\/wp-json\/wp\/v2\/tags?post=394311"}],"curies":[{"name":"wp","href":"https:\/\/api.w.org\/{rel}","templated":true}]}}