{"id":394319,"date":"2025-09-16T05:28:14","date_gmt":"2025-09-16T05:28:14","guid":{"rendered":"https:\/\/www.europesays.com\/fr\/394319\/"},"modified":"2025-09-16T05:28:14","modified_gmt":"2025-09-16T05:28:14","slug":"ces-avantages-que-les-ex-premiers-ministres-vont-perdre-avec-ce-decret-signe-par-sebastien-lecornu","status":"publish","type":"post","link":"https:\/\/www.europesays.com\/fr\/394319\/","title":{"rendered":"Ces avantages que les ex-Premiers ministres vont perdre avec ce d\u00e9cret sign\u00e9 par S\u00e9bastien Lecornu"},"content":{"rendered":"<p>        <img decoding=\"async\" loading=\"lazy\" src=\"https:\/\/www.europesays.com\/fr\/wp-content\/uploads\/2025\/09\/d22f300_sirius-fs-upload-1-vpjim9m0vens-1741509595711-000-36zd7mh.jpg\"  width=\"728\" height=\"409\" alt=\"L\u2019un des premiers gestes politiques de S\u00e9bastien Lecornu \u00e0 Matignon concerne son avenir et celui de ses pr\u00e9d\u00e9cesseurs au poste de Premier ministre.\"\/>  <\/p>\n<p>LUDOVIC MARIN \/ AFP<\/p>\n<p>L\u2019un des premiers gestes politiques de S\u00e9bastien Lecornu \u00e0 Matignon concerne son avenir et celui de ses pr\u00e9d\u00e9cesseurs au poste de Premier ministre.<\/p>\n<p class=\"asset asset-text\">POLITIQUE &#8211; Pas de temps \u00e0 perdre \u00e0 Matignon.\u00a0Le gouvernement du nouveau Premier ministre S\u00e9bastien Lecornu n\u2019est pas encore form\u00e9 que le <a href=\"https:\/\/www.huffingtonpost.fr\/politique\/article\/du-budget-de-francois-bayrou-aux-pistes-de-sebastien-lecornu-ces-elements-qui-peuvent-evoluer_254801.html\" target=\"_blank\" rel=\"noopener\">nouveau locataire de Matignon<\/a> a d\u00e9j\u00e0 sign\u00e9 le d\u00e9cret qu\u2019il avait promis dimanche.<\/p>\n<p class=\"asset asset-text\">Ce lundi 15\u00a0septembre, <a href=\"https:\/\/www.huffingtonpost.fr\/politique\/article\/rencontrer-sebastien-lecornu-qui-refuse-qui-ira-a-matignon-et-pour-quoi-faire_254808.html\" target=\"_blank\" rel=\"noopener\">S\u00e9bastien Lecornu<\/a> a officialis\u00e9 la fin des avantages \u00e0 vie des anciens Premiers ministres \u00e0 partir du 1er\u00a0janvier\u00a02026. Une annonce qui tombe moins de 24\u00a0heures apr\u00e8s la promesse du Premier ministre de s\u2019attaquer \u00e0 ce r\u00e9gime sp\u00e9cifique \u00ab\u00a0encore accord\u00e9 \u00e0 certains anciens membres du gouvernement\u00a0\u00bb.<\/p>\n<p class=\"asset asset-text\">C\u2019est sur X que l\u2019ancien ministre des Arm\u00e9es a d\u00e9voil\u00e9 l\u2019un de ses premiers actes politiques en tant que chef du gouvernement. \u00ab\u00a0C\u2019est fait\u00a0\u00bb, s\u2019est-il f\u00e9licit\u00e9 sur le r\u00e9seau social avant de d\u00e9voiler les d\u00e9tails de cette mesure. \u00ab\u00a0On ne peut pas demander aux Fran\u00e7ais des efforts si ceux qui sont \u00e0 la t\u00eate de l\u2019\u00c9tat n\u2019en font pas\u00a0\u00bb, avait-il expliqu\u00e9 d\u00e8s dimanche sur X pour motiver sa d\u00e9cision.<\/p>\n<p class=\"asset asset-text\">Dans ce nouveau cadre, le Premier ministre explique d\u2019abord que \u00ab\u00a0s\u2019il est normal que la R\u00e9publique prot\u00e8ge les personnes faisant l\u2019objet de menaces, il n\u2019est en revanche pas concevable qu\u2019ils puissent b\u00e9n\u00e9ficier d\u2019avantages \u00e0 vie en raison d\u2019un statut temporaire\u00a0\u00bb. Raison pour laquelle la \u00ab\u00a0protection polici\u00e8re ne sera accord\u00e9e aux anciens Premiers ministres et ministres de l\u2019int\u00e9rieur que pour une dur\u00e9e limit\u00e9e, et reconduite en fonction de la r\u00e9alit\u00e9 du risque\u00a0\u00bb.<\/p>\n<p> La lecture de ce contenu est susceptible d\u2019entra\u00eener un d\u00e9p\u00f4t de cookies de la part de l\u2019op\u00e9rateur tiers qui l\u2019h\u00e9berge. Compte-tenu des choix que vous avez exprim\u00e9s en mati\u00e8re de d\u00e9p\u00f4t de cookies, nous avons bloqu\u00e9 l\u2019affichage de ce contenu. Si vous souhaitez y acc\u00e9der, vous devez accepter la cat\u00e9gorie de cookies \u201cContenus tiers\u201d en cliquant sur le bouton ci-dessous. <\/p>\n<p> Lire la Vid\u00e9o        <\/p>\n<p class=\"asset asset-text\">De plus, \u00ab\u00a0tous les autres moyens mis \u00e0 disposition des anciens Premiers ministres \u00e0 vie le seront dor\u00e9navant pour une dur\u00e9e limit\u00e9e\u00a0\u00bb. \u00c0 ce stade, S\u00e9bastien Lecornu ne pr\u00e9cise toutefois pas ladite dur\u00e9e.<\/p>\n<p>    Plus de voiture et de protection polici\u00e8re    <\/p>\n<p class=\"asset asset-text\">Pour le reste, les avantages des pr\u00e9d\u00e9cesseurs de S\u00e9bastien Lecornu \u00e0 Matignon sont d\u00e9j\u00e0 bien connus. Ces avantages \u00e0 vie octroy\u00e9s aux anciens chefs du gouvernement seront donc encore en place pour quelques mois pour 17\u00a0ex-Premier ministres. Leur co\u00fbt annuel est estim\u00e9 \u00e0 4,4\u00a0millions d\u2019euros, comme le rappelle <a href=\"https:\/\/www.lemonde.fr\/les-decodeurs\/article\/2025\/09\/15\/quels-sont-les-privileges-des-ex-ministres-que-sebastien-lecornu-veut-supprimer_6641301_4355770.html\" target=\"_blank\" rel=\"noopener\" title=\"Nouvelle fen\u00eatre\">Le Monde<\/a>.<\/p>\n<p class=\"asset asset-text\">Premi\u00e8re disparition annonc\u00e9e, celle de la voiture de fonction \u00ab\u00a0\u00e0 vie\u00a0\u00bb, avec chauffeur et frais li\u00e9s. M\u00eame chose ici, l\u2019avantage \u00e9tait jusqu\u2019ici soumis \u00e0 l\u2019absence d\u2019un autre mandat ou fonction avec une option similaire.<\/p>\n<p class=\"asset asset-text\">La seconde concerne la protection polici\u00e8re, qui ne disposait jusqu\u2019ici d\u2019aucune \u00ab\u00a0limitation de dur\u00e9e\u00a0\u00bb. Le Monde rappelle d\u2019ailleurs qu\u2019elle co\u00fbtait \u00e0 elle seule 2,8\u00a0millions d\u2019euros (en 2019), \u00ab\u00a0en incluant les salaires des policiers, leurs heures suppl\u00e9mentaires, les frais de mission et l\u2019entretien des v\u00e9hicules\u00a0\u00bb. Cet avantage concernait aussi r\u00e9guli\u00e8rement les ministres de l\u2019Int\u00e9rieur. Mais \u00e9galement d\u2019autres ministres. <a href=\"https:\/\/www.huffingtonpost.fr\/divertissement\/article\/marlene-schiappa-au-casting-des-traitres-sur-m6-et-le-reste-des-candidats-de-la-saison-5-du-jeu-reveles_250292.html\" target=\"_blank\" rel=\"noopener\">Marl\u00e8ne Schiappa<\/a> ou <a href=\"https:\/\/www.huffingtonpost.fr\/justice\/article\/olivier-dussopt-ancien-ministre-du-travail-condamne-en-appel-pour-favoritisme_245918.html\" target=\"_blank\" rel=\"noopener\">Olivier Dussopt<\/a> ont donc pu en b\u00e9n\u00e9ficier apr\u00e8s la fin de leur mandat. Avec une voiture priv\u00e9e \u00e0 la cl\u00e9.<\/p>\n<p class=\"asset asset-text\">Selon S\u00e9bastien Lecornu, cette protection polici\u00e8re sera maintenant \u00ab\u00a0limit\u00e9e\u00a0\u00bb dans le temps. M\u00eame si le nouveau Premier ministre n\u2019a pas pr\u00e9cis\u00e9 la nouvelle \u00ab\u00a0dur\u00e9e limit\u00e9e\u00a0\u00bb de cet avantage, qu\u2019il entend conserver dans certains cas, \u00ab\u00a0en fonction de la r\u00e9alit\u00e9 du risque\u00a0\u00bb. Par exemple, l\u2019avantage pourrait \u00eatre conserv\u00e9 pour les Premiers ministres et ministres de l\u2019Int\u00e9rieur, qui sont r\u00e9guli\u00e8rement confront\u00e9s \u00e0 des informations sensibles dans le cadre de leurs fonctions.<\/p>\n<p>    Avantages particuliers    <\/p>\n<p class=\"asset asset-text\">Parmi les avantages de l\u2019ex\u00e9cutif qui devraient donc subsister apr\u00e8s le 1er\u00a0janvier, on retrouve \u2212 \u00ab\u00a0sur demande\u00a0\u00bb de l\u2019int\u00e9ress\u00e9 \u2212 un \u00ab\u00a0agent pour leur secr\u00e9tariat particulier pendant une dur\u00e9e maximale de dix ans \u00e0 compter de la fin de leurs fonctions et au plus tard jusqu\u2019\u00e0 ce qu\u2019ils atteignent l\u2019\u00e2ge de 67\u00a0ans\u00a0\u00bb. Comme le souligne <a href=\"https:\/\/www.leparisien.fr\/politique\/secretariat-voiture-quels-sont-les-avantages-a-vie-des-anciens-ministres-que-sebastien-lecornu-veut-supprimer-15-09-2025-BO2ZAYHR6BCSLEXLVYMO3QVTRQ.php\" target=\"_blank\" rel=\"noopener\" title=\"Nouvelle fen\u00eatre\">Le Parisien<\/a>, d\u2019anciens Premier ministres comme Michel Barnier et Fran\u00e7ois Bayrou n\u2019y avaient d\u00e9j\u00e0 pas le droit apr\u00e8s leur d\u00e9part, compte tenu de leur \u00e2ge. Par ailleurs, cet avantage n\u2019\u00e9tait pas octroy\u00e9 pour celles et ceux qui disposent d\u2019un avantage similaire au titre d\u2019un autre mandat ou d\u2019une autre fonction publique. C\u2019est le cas de <a href=\"https:\/\/www.huffingtonpost.fr\/politique\/video\/ratp-jean-castex-s-excuse-pour-la-degradation-du-service_212728.html\" target=\"_blank\" rel=\"noopener\" title=\"Nouvelle fen\u00eatre\">Jean Castex, pr\u00e9sident de la RATP<\/a> depuis son passage \u00e0 Matignon.<\/p>\n<p class=\"asset asset-text\">Dernier point concernant les avantages des anciens Premier ministres\u00a0: l\u2019indemnit\u00e9 pour trois mois touch\u00e9s par les anciens chefs du gouvernement (et tout autre ministre). Une indemnit\u00e9 qu\u2019ils ne per\u00e7oivent toutefois pas en cas activit\u00e9 r\u00e9mun\u00e9r\u00e9e post-Matignon. Celle-ci devrait donc perdurer \u00e9galement puisque S\u00e9bastien Lecornu le dit bien, ce sont uniquement les \u00ab\u00a0moyens mis \u00e0 disposition des anciens Premiers ministres \u00e0 vie\u00a0\u00bb auquel il compte s\u2019attaquer.<\/p>\n","protected":false},"excerpt":{"rendered":"LUDOVIC MARIN \/ AFP L\u2019un des premiers gestes politiques de S\u00e9bastien Lecornu \u00e0 Matignon concerne son avenir et&hellip;\n","protected":false},"author":2,"featured_media":394320,"comment_status":"","ping_status":"","sticky":false,"template":"","format":"standard","meta":{"footnotes":""},"categories":[2],"tags":[11,1011,27,49272,12,316,3363,25,11067],"class_list":{"0":"post-394319","1":"post","2":"type-post","3":"status-publish","4":"format-standard","5":"has-post-thumbnail","7":"category-actualites","8":"tag-actualites","9":"tag-fr","10":"tag-france","11":"tag-matignon","12":"tag-news","13":"tag-politique","14":"tag-premier-ministre","15":"tag-republique-francaise","16":"tag-sebastien-lecornu"},"share_on_mastodon":{"url":"https:\/\/pubeurope.com\/@fr\/115212328087107163","error":""},"_links":{"self":[{"href":"https:\/\/www.europesays.com\/fr\/wp-json\/wp\/v2\/posts\/394319","targetHints":{"allow":["GET"]}}],"collection":[{"href":"https:\/\/www.europesays.com\/fr\/wp-json\/wp\/v2\/posts"}],"about":[{"href":"https:\/\/www.europesays.com\/fr\/wp-json\/wp\/v2\/types\/post"}],"author":[{"embeddable":true,"href":"https:\/\/www.europesays.com\/fr\/wp-json\/wp\/v2\/users\/2"}],"replies":[{"embeddable":true,"href":"https:\/\/www.europesays.com\/fr\/wp-json\/wp\/v2\/comments?post=394319"}],"version-history":[{"count":0,"href":"https:\/\/www.europesays.com\/fr\/wp-json\/wp\/v2\/posts\/394319\/revisions"}],"wp:featuredmedia":[{"embeddable":true,"href":"https:\/\/www.europesays.com\/fr\/wp-json\/wp\/v2\/media\/394320"}],"wp:attachment":[{"href":"https:\/\/www.europesays.com\/fr\/wp-json\/wp\/v2\/media?parent=394319"}],"wp:term":[{"taxonomy":"category","embeddable":true,"href":"https:\/\/www.europesays.com\/fr\/wp-json\/wp\/v2\/categories?post=394319"},{"taxonomy":"post_tag","embeddable":true,"href":"https:\/\/www.europesays.com\/fr\/wp-json\/wp\/v2\/tags?post=394319"}],"curies":[{"name":"wp","href":"https:\/\/api.w.org\/{rel}","templated":true}]}}