{"id":39433,"date":"2025-04-20T17:44:09","date_gmt":"2025-04-20T17:44:09","guid":{"rendered":"https:\/\/www.europesays.com\/fr\/39433\/"},"modified":"2025-04-20T17:44:09","modified_gmt":"2025-04-20T17:44:09","slug":"le-cil-lyon-7-souhaite-obtdenir-une-reunion","status":"publish","type":"post","link":"https:\/\/www.europesays.com\/fr\/39433\/","title":{"rendered":"le CIL Lyon 7 souhaite obtdenir une\u00a0r\u00e9union"},"content":{"rendered":"<p>A ccueillis \u00e0 la Maison Ravier, par Gilles Querrien, pr\u00e9sident du CIL Lyon 7, les participants \u00e0 l\u2019assembl\u00e9e g\u00e9n\u00e9rale du 17\u00a0avril ont pu dialoguer avec Ana\u00efs Belouassa-Ch\u00e9rif, d\u00e9put\u00e9e de la 1re circonscription, Nathalie Perrin Gilbert, conseill\u00e8re municipale et de la M\u00e9tropole de Lyon, Maxime Le Moing, pr\u00e9sident de l\u2019association pour le d\u00e9fense de la Presqu\u2019\u00eele, et Vincent Monot,&#8230;<\/p>\n","protected":false},"excerpt":{"rendered":"A ccueillis \u00e0 la Maison Ravier, par Gilles Querrien, pr\u00e9sident du CIL Lyon 7, les participants \u00e0 l\u2019assembl\u00e9e&hellip;\n","protected":false},"author":2,"featured_media":39434,"comment_status":"","ping_status":"","sticky":false,"template":"","format":"standard","meta":{"footnotes":""},"categories":[1889],"tags":[1111,11,2430,2757,1777,674,1011,27,2428,5947,5946,12,25,104,1631],"class_list":{"0":"post-39433","1":"post","2":"type-post","3":"status-publish","4":"format-standard","5":"has-post-thumbnail","7":"category-lyon","8":"tag-actu","9":"tag-actualites","10":"tag-auvergne-rhone-alpes","11":"tag-edition-lyon-villeurbanne","12":"tag-eu","13":"tag-europe","14":"tag-fr","15":"tag-france","16":"tag-lyon","17":"tag-lyon-7e","18":"tag-lyon-7e-arrondissement","19":"tag-news","20":"tag-republique-francaise","21":"tag-societe","22":"tag-vie-associative"},"share_on_mastodon":{"url":"https:\/\/pubeurope.com\/@fr\/114371537462980006","error":""},"_links":{"self":[{"href":"https:\/\/www.europesays.com\/fr\/wp-json\/wp\/v2\/posts\/39433","targetHints":{"allow":["GET"]}}],"collection":[{"href":"https:\/\/www.europesays.com\/fr\/wp-json\/wp\/v2\/posts"}],"about":[{"href":"https:\/\/www.europesays.com\/fr\/wp-json\/wp\/v2\/types\/post"}],"author":[{"embeddable":true,"href":"https:\/\/www.europesays.com\/fr\/wp-json\/wp\/v2\/users\/2"}],"replies":[{"embeddable":true,"href":"https:\/\/www.europesays.com\/fr\/wp-json\/wp\/v2\/comments?post=39433"}],"version-history":[{"count":0,"href":"https:\/\/www.europesays.com\/fr\/wp-json\/wp\/v2\/posts\/39433\/revisions"}],"wp:featuredmedia":[{"embeddable":true,"href":"https:\/\/www.europesays.com\/fr\/wp-json\/wp\/v2\/media\/39434"}],"wp:attachment":[{"href":"https:\/\/www.europesays.com\/fr\/wp-json\/wp\/v2\/media?parent=39433"}],"wp:term":[{"taxonomy":"category","embeddable":true,"href":"https:\/\/www.europesays.com\/fr\/wp-json\/wp\/v2\/categories?post=39433"},{"taxonomy":"post_tag","embeddable":true,"href":"https:\/\/www.europesays.com\/fr\/wp-json\/wp\/v2\/tags?post=39433"}],"curies":[{"name":"wp","href":"https:\/\/api.w.org\/{rel}","templated":true}]}}