{"id":394337,"date":"2025-09-16T05:41:12","date_gmt":"2025-09-16T05:41:12","guid":{"rendered":"https:\/\/www.europesays.com\/fr\/394337\/"},"modified":"2025-09-16T05:41:12","modified_gmt":"2025-09-16T05:41:12","slug":"harry-a-41-ans-meghan-markle-ne-le-rate-pas-et-deterre-un-dossier-genant-de-son-mari-en-uniforme","status":"publish","type":"post","link":"https:\/\/www.europesays.com\/fr\/394337\/","title":{"rendered":"Harry a 41 ans : Meghan Markle ne le rate pas et d\u00e9terre un dossier g\u00eanant de son mari en uniforme"},"content":{"rendered":"<p data-start=\"244\" data-end=\"891\">Ce 15 septembre 2025, le<br \/>\n<a href=\"https:\/\/www.closermag.fr\/royautes\/meghan-markle-menacee-par-le-dernier-geste-du-prince-harry-apres-ses-retrouvailles-avec-charles-iii-3579686\" target=\"_blank\" rel=\"noopener\"><br \/>\nprince Harry<\/a> vient de f\u00eater <strong>ses 41 ans<\/strong>. Le duc<br \/>\nde Sussex, rentr\u00e9 de son s\u00e9jour express au Royaume-Uni, s\u2019attendait<br \/>\nsans doute \u00e0 un g\u00e2teau, une belle montre en bonus et un toast<br \/>\ndiscret sous le soleil californien. Mais <a href=\"https:\/\/www.closermag.fr\/royautes\/harry-en-ukraine-meghan-markle-a-eu-son-mot-a-dire-apres-ses-retrouvailles-avec-charles-iii-3579166\" target=\"_blank\" rel=\"noopener\"><br \/>\nMeghan Markle<\/a> a eu une autre id\u00e9e. La duchesse de 44 ans, a<br \/>\nd\u00e9gain\u00e9 <strong>une vieille photo de son mari<\/strong> en uniforme,<br \/>\n\u00e9cusson \u00ab\u00a0<strong>Harry Wales<\/strong>\u00a0\u00bb bien visible.<\/p>\n<p data-start=\"244\" data-end=\"891\">Image d\u2019un autre temps, dat\u00e9e de<br \/>\n2015, juste apr\u00e8s son d\u00e9part de l\u2019arm\u00e9e, publi\u00e9e avec un sobre \u00ab\u00a0Oh<br \/>\nhi, Birthday Boy.\u00a0\u00bb Un petit <strong>clin d\u2019\u0153il<\/strong> ? Oui. Mais<br \/>\naussi une piq\u00fbre de rappel, \u00e0 la fois charmante et embarrassante.<br \/>\nDans ce royaume californien, c\u2019est Meghan qui choisit les archives<br \/>\n\u00e0 exhumer. Et c\u00a0\u00bbest aussi savoureux qu&rsquo;un birthday cake bien<br \/>\ncr\u00e9meux.<\/p>\n<blockquote class=\"instagram-media\" style=\"background: #ffffff;border: 0;margin: 1px;width: 100%;padding: 0;max-width: 500px;\" data-instgrm-permalink=\"https:\/\/www.instagram.com\/p\/DOoI3JvkX7n\/\" data-instgrm-version=\"14\"\/><p>\nPrince Harry : son come-back \u00e0<br \/>\nClarence house<\/p>\n<p data-start=\"933\" data-end=\"1696\">Ce retour en arri\u00e8re survient<br \/>\napr\u00e8s <strong>une visite \u00e9clair<\/strong> d\u2019Harry en Angleterre.<br \/>\nL\u2019occasion de revoir <a href=\"https:\/\/www.closermag.fr\/royautes\/charles-iii-ce-test-du-roi-auquel-harry-aurait-echoue-apres-leurs-retrouvailles-3579775\" target=\"_blank\" rel=\"noopener\"><br \/>\nCharles III<\/a>, lors d\u2019un th\u00e9 priv\u00e9 de 55 minutes. Pas de grandes<br \/>\nembrassades publiques, mais assez pour relancer la chronique<br \/>\nroyale. Le p\u00e8re d&rsquo;<a href=\"https:\/\/www.closermag.fr\/royautes\/archie-et-lilibet-bientot-au-royaume-uni-le-prince-harry-a-change-davis-grace-a-sa-rencontre-avec-son-pere-3579623\" target=\"_blank\" rel=\"noopener\">Archie<br \/>\net Lilibet<\/a>, lui, a choisi <strong>la sobri\u00e9t\u00e9.<\/strong> Et tant<br \/>\nmieux, puisque le souverain l&rsquo;attendait au tournant, avec<br \/>\n<strong>un test de discr\u00e9tion<\/strong> foment\u00e9 par le palais.<br \/>\n\u00ab\u00a0Oui, il est g\u00e9nial, merci\u00a0\u00bb, a-t-il gliss\u00e9 sur son<br \/>\np\u00e8re.<\/p>\n<p data-start=\"933\" data-end=\"1696\">De Kiev, quelques jours plus<br \/>\ntard, il a d\u00e9fendu son livre Spare : \u00ab\u00a0Je sais que (s&rsquo;exprimer) agace certaines<br \/>\npersonnes\u2026 <strong>C&rsquo;\u00e9tait un message difficile<\/strong>, mais je<br \/>\nl&rsquo;ai fait de la meilleure fa\u00e7on possible. <strong>J&rsquo;ai la<br \/>\nconscience tranquille<\/strong>.\u00a0\u00bb Une conscience apais\u00e9e,<br \/>\nvraiment ? Car chaque entretien rouvre des plaies. Le roi, lui,<br \/>\nobserve. Et dans ce jeu de chaises musicales, la couronne vacille<br \/>\nd\u00e8s qu\u2019un mot franchit la barri\u00e8re de Montecito.<\/p>\n<p>Meghan Markle, reine des projecteurs<\/p>\n<p data-start=\"1735\" data-end=\"2548\">Pendant qu\u2019Harry souffle ses<br \/>\nbougies, Meghan Markle occupe l\u2019\u00e9cran. Sa s\u00e9rie Netflix<br \/>\nWith Love, Meghan<br \/>\nrevient pour <strong>une deuxi\u00e8me saison<\/strong>. On y voit Archie<br \/>\net Lilibet, soigneusement cadr\u00e9s, visages masqu\u00e9s, jouant les<br \/>\nfigurants. Une chaise de r\u00e9alisateur, un clap de tournage, un chien<br \/>\nen arri\u00e8re-plan : la sc\u00e8ne a des airs de studio royal.<\/p>\n<p data-start=\"1735\" data-end=\"2548\">Et sans surprise, cette<br \/>\nexposition fragilise la couronne. Les critiques fusent d\u00e9j\u00e0.<br \/>\n\u00ab\u00a0Ils devraient \u00eatre <strong>extr\u00eamement agac\u00e9<\/strong>\u00ab\u00a0,<br \/>\nestime l\u2019expert Hugo Vickers, \u00e0 propos de Buckingham. Pour d\u2019autres<br \/>\nencore, c\u2019est simplement \u00ab\u00a0<strong>g\u00eanant<\/strong>\u00ab\u00a0. Un<br \/>\n\u00e9ni\u00e8me moyen de viser la famille royale.<\/p>\n<p data-start=\"1735\" data-end=\"2548\">Mais Meghan Markle assume.<br \/>\nL&rsquo;ancienne actice va m\u00eame jusqu&rsquo;\u00e0 faire des r\u00e9v\u00e9lation tr\u00e8s intimes<br \/>\nsur <strong>sa relation avec le prince<\/strong>. Et notamment sur<br \/>\nles d\u00e9buts de leur idylle, le jour o\u00f9 le <a href=\"https:\/\/www.closermag.fr\/royautes\/william-determine-a-eclipser-harry-nouvelles-revelations-sur-la-strategie-du-futur-roi-3579441\" target=\"_blank\" rel=\"noopener\"><br \/>\nfr\u00e8re de William<\/a> lui a dit en premier\u00a0\u00ab\u00a0Je<br \/>\nt\u2019aime\u00a0\u00bb. Comme dans un conte r\u00e9\u00e9crit, elle tient la plume, il<br \/>\ntient la pose. Et pendant ce temps, les souvenirs militaires<br \/>\nressortent des tiroirs, comme pour rappeler que m\u00eame \u00e0 Montecito,<br \/>\nles fant\u00f4mes du palais ne meurent jamais.<\/p>\n<p><script async src=\"\/\/www.instagram.com\/embed.js\"><\/script><\/p>\n","protected":false},"excerpt":{"rendered":"Ce 15 septembre 2025, le prince Harry vient de f\u00eater ses 41 ans. Le duc de Sussex, rentr\u00e9&hellip;\n","protected":false},"author":2,"featured_media":394338,"comment_status":"","ping_status":"","sticky":false,"template":"","format":"standard","meta":{"footnotes":""},"categories":[1359],"tags":[1376,3581,548,1193,58,59,9048,1011,27,908,973,2745,267],"class_list":{"0":"post-394337","1":"post","2":"type-post","3":"status-publish","4":"format-standard","5":"has-post-thumbnail","7":"category-people","8":"tag-amour","9":"tag-anniversaire","10":"tag-article-simple","11":"tag-couple","12":"tag-divertissement","13":"tag-entertainment","14":"tag-famille-royale","15":"tag-fr","16":"tag-france","17":"tag-meghan-markle","18":"tag-people","19":"tag-photo","20":"tag-prince-harry"},"share_on_mastodon":{"url":"https:\/\/pubeurope.com\/@fr\/115212378947430005","error":""},"_links":{"self":[{"href":"https:\/\/www.europesays.com\/fr\/wp-json\/wp\/v2\/posts\/394337","targetHints":{"allow":["GET"]}}],"collection":[{"href":"https:\/\/www.europesays.com\/fr\/wp-json\/wp\/v2\/posts"}],"about":[{"href":"https:\/\/www.europesays.com\/fr\/wp-json\/wp\/v2\/types\/post"}],"author":[{"embeddable":true,"href":"https:\/\/www.europesays.com\/fr\/wp-json\/wp\/v2\/users\/2"}],"replies":[{"embeddable":true,"href":"https:\/\/www.europesays.com\/fr\/wp-json\/wp\/v2\/comments?post=394337"}],"version-history":[{"count":0,"href":"https:\/\/www.europesays.com\/fr\/wp-json\/wp\/v2\/posts\/394337\/revisions"}],"wp:featuredmedia":[{"embeddable":true,"href":"https:\/\/www.europesays.com\/fr\/wp-json\/wp\/v2\/media\/394338"}],"wp:attachment":[{"href":"https:\/\/www.europesays.com\/fr\/wp-json\/wp\/v2\/media?parent=394337"}],"wp:term":[{"taxonomy":"category","embeddable":true,"href":"https:\/\/www.europesays.com\/fr\/wp-json\/wp\/v2\/categories?post=394337"},{"taxonomy":"post_tag","embeddable":true,"href":"https:\/\/www.europesays.com\/fr\/wp-json\/wp\/v2\/tags?post=394337"}],"curies":[{"name":"wp","href":"https:\/\/api.w.org\/{rel}","templated":true}]}}