{"id":394339,"date":"2025-09-16T05:42:15","date_gmt":"2025-09-16T05:42:15","guid":{"rendered":"https:\/\/www.europesays.com\/fr\/394339\/"},"modified":"2025-09-16T05:42:15","modified_gmt":"2025-09-16T05:42:15","slug":"en-france-les-5-plus-beaux-chateaux-de-decorateurs-publies-dans-ad","status":"publish","type":"post","link":"https:\/\/www.europesays.com\/fr\/394339\/","title":{"rendered":"En France, les 5 plus beaux ch\u00e2teaux de d\u00e9corateurs publi\u00e9s dans AD"},"content":{"rendered":"<p>Dans une chambre, un baldaquin en taffetas de soie bleue fait \u00e9cho aux panneaux muraux. Le canap\u00e9 Louis XV patin\u00e9 blanc est tendu de damas de soie \u00e9carlate. Tapis d\u2019Aubusson XVIIIe.<\/p>\n<p>\u00a9 R\u00e9alisation Thibaut Mathieu \/ Photo Julien Oppenheim<\/p>\n<p>Un cha\u0302teau d\u2019aujourd\u2019hui<\/p>\n<p>A\u0300 l\u2019e\u0301tage, c\u2019est autre chose, puisque de pre\u0301ce\u0301dents proprie\u0301taires en ont o\u0302te\u0301 la substance en le transformant en ho\u0302tel. <a href=\"https:\/\/www.admagazine.fr\/advisitesprivees\/galerie\/jacques-garcia-chateau-villette-aristocratique\" target=\"_blank\" rel=\"noopener\">Jacques Garcia<\/a> lui rend sa \u00ab vision aristocratique \u00bb, redessinant l\u2019espace des deux co\u0302te\u0301s d\u2019une large galerie qui traverse la maison. Les chambres se de\u0301ploient comme de petits appartements, chacune avec sa salle de bains (somptueuse), son dressing, parfois son salon&#8230; Taffetas, damas et soieries (de chez Tassinari &amp; Chatel, Verel de Belval, Le Manach) sont a\u0300 l\u2019honneur en panneaux sur les murs, en rideaux ou en baldaquins chatoyants, et les meubles, achete\u0301s en salles de ventes ou chez les antiquaires parisiens par la nouvelle proprie\u0301taire, pique\u0301e au jeu de la reconstitution, rivalisent de marqueteries, de laques de Coromandel et de ferrures. A\u0300 l\u2019exte\u0301rieur, le de\u0301corateur dessine une monumentale arrive\u0301e qui descend en pente douce, entre deux e\u0301tendues de pelouses borde\u0301es de boules de buis, jusqu\u2019a\u0300 la cour d\u2019honneur, re\u0301tablie dans toute sa majeste\u0301 et entie\u0300rement repave\u0301e. Et, dans les ailes du cha\u0302teau \u2013 ajoute\u0301es au XVIIIe sie\u0300cle \u2013, on a veille\u0301 a\u0300 apporter tout le confort d\u2019aujourd\u2019hui, avec une salle de sport, un hammam, une piscine, et l\u2019espace ne\u0301cessaire au service, excellent, qui est associe\u0301 au lieu. Puisque le destin veut que Villette se mette a\u0300 la disposition des happy few qui voudront s\u2019offrir l\u2019impression de re\u0301gner sur ce petit domaine et ses 35 hectares de parc clos de murs.<\/p>\n<p>La r\u00e9novation italianisante d&rsquo;un ch\u00e2teau en Bourgogne<\/p>\n<p>Ce ch\u00e2teau bourguignon a \u00e9t\u00e9 r\u00e9nov\u00e9 par Paul du Pr\u00e9 de Saint Maur, qui a su se mettre \u00e0 l\u2019\u00e9coute des lieux pour apporter une subtile touche de modernit\u00e9.<\/p>\n<p>Tout a commenc\u00e9 par deux salles de bains, ajout\u00e9es par les propri\u00e9taires pour donner un peu de confort moderne \u00e0 leur <a href=\"https:\/\/www.admagazine.fr\/article\/bourgogne-chateau-abandonne\" target=\"_blank\" rel=\"noopener\">ch\u00e2teau en Bourgogne<\/a>. Sur cette lanc\u00e9e, pourquoi ne pas s\u2019attaquer aussi aux chambres ? Et puis l\u2019escalier, d\u2019autres chambres&#8230; autant refaire aussi les pi\u00e8ces de r\u00e9ception au rez-de-chauss\u00e9e. Voil\u00e0 qu\u2019en trois ans, Paul du Pr\u00e9 de Saint Maur a donn\u00e9 un nouveau visage \u00e0 ces pi\u00e8ces qui s\u2019\u00e9taient un peu endormies au fil des si\u00e8cles. Cette ancienne maison de ma\u00eetre du XVIe si\u00e8cle avait d\u00e9j\u00e0 connu une premi\u00e8re transformation au XIXe, gagnant au passage une tour pour abriter un escalier monumental et une belle mosa\u00efque dans l\u2019entr\u00e9e. Deux \u00e9l\u00e9ments qui ont d\u00e8s le d\u00e9part attir\u00e9 l\u2019attention du jeune architecte, lui permettant de jeter les bases de sa restauration et d\u2019insuffler une petite pointe d\u2019Italie, r\u00e9miniscence de ses ann\u00e9es d\u2019\u00e9tudes \u00e0 <a href=\"https:\/\/www.admagazine.fr\/article\/rome-appartement-70-m2-veritable-oasis-mediterraneenne\" target=\"_blank\" rel=\"noopener\">Rome<\/a>.<\/p>\n<p>Dans l\u2019escalier monumental, o\u00f9 le charme de la Renaissance italienne vient all\u00e9ger le b\u00e2timent un peu fig\u00e9 du XIXe si\u00e8cle, une suspension de Paavo Tynell.<\/p>\n<p>Jukka Ovaskainen \u2014 R\u00e9alisation Sarah de Beaumont<\/p>\n<p>Le domaine t\u00e9moigne des diverses influences qui ont pr\u00e9sid\u00e9 \u00e0 ses fondations, comme cette tour, vestige de l\u2019\u00e9poque de sa construction, au XVIe si\u00e8cle.<\/p>\n<p>Jukka Ovaskainen \u2014 R\u00e9alisation Sarah de Beaumont<\/p>\n<p>Ou comment adoucir la lourdeur un peu fig\u00e9e du XIXe fran\u00e7ais gr\u00e2ce au charme de la Renaissance : \u00ab Apr\u00e8s tout, cela a quand m\u00eame inspir\u00e9 toute l\u2019architecture fran\u00e7aise, souligne Paul du Pr\u00e9 de Saint Maur, y compris le XIXe qui est en partie inspir\u00e9 du classique. Ceci dit, je ne fais absolument pas de l\u2019historique. L\u2019inspiration m\u2019amuse mais copier ne m\u2019int\u00e9resse pas, parce que refaire les m\u00eames int\u00e9rieurs que dans les <a href=\"https:\/\/www.admagazine.fr\/advisitesprivees\/galerie\/petit-espace-50-m2-palazzo-milan\" target=\"_blank\" rel=\"noopener\">palazzi<\/a>, cela ne rime \u00e0 rien. Pas de retranscription. \u00bb Ainsi, on proc\u00e8de par rappels, distillant des touches de couleur \u00e7\u00e0 et l\u00e0 : les tons terre de Sienne, rouges, noirs de la mosa\u00efque traversent les espaces pour se poser sur les boiseries des pi\u00e8ces \u00e0 c\u00f4t\u00e9, o\u00f9 l\u2019on se permet parfois quelques motifs venus d\u2019ailleurs.<\/p>\n<p>Dans la salle \u00e0 manger, autour d\u2019une table de Lars L\u00f6fmark, des chaises Louis XIII. Service de S\u00e8vres et cristal Saint-Louis. Sur la chemin\u00e9e encadr\u00e9e de tapisseries de jus d\u2019herbe, un vase de Roger Herman (Carpenters Workshop Gallery).<\/p>\n<p>Jukka Ovaskainen \u2014 R\u00e9alisation Sarah de Beaumont<\/p>\n<p>Dans le salon, deux bouddhas khmers du XIIe si\u00e8cle soulignent la perspective vers la salle \u00e0 manger. Au-dessus de la porte, l\u2019imposte a \u00e9t\u00e9 peinte par Pierre du Pr\u00e9 de Saint Maur.<\/p>\n<p>Jukka Ovaskainen \u2014 R\u00e9alisation Sarah de Beaumont<\/p>\n<p>Comme pour troubler l\u2019ordre impos\u00e9, les moulures du salon s\u2019enrichissent de petits macarons noirs tandis que les portes coiffent leurs lunettes de fresques \u2013 sign\u00e9es Pierre du Pr\u00e9 de Saint Maur, fr\u00e8re de. Partout, il s\u2019agit de d\u00e9contracter discr\u00e8tement un cadre trop <a href=\"https:\/\/admagazine.fr\/article\/un-petit-appartement-au-style-classique-calme-et-relaxant\" target=\"_blank\" rel=\"noopener\">classique<\/a>, sans pour autant le d\u00e9naturer, comme le confirme l\u2019architecte : \u00ab Cela permet de changer le caract\u00e8re final de la pi\u00e8ce sans changer son architecture. Je n\u2019ai pas envie de me comparer \u00e0 lui, mais j\u2019aspire un peu \u00e0 la m\u00eame chose qu\u2019Emilio Terry par exemple : faire des choses assez historiques et amusantes, mais garder une sobri\u00e9t\u00e9, une radicalit\u00e9 contemporaine. Tel ou tel d\u00e9tail n\u2019aurait pas \u00e9t\u00e9 fait \u00e0 la <a href=\"https:\/\/www.admagazine.fr\/article\/riviera-demeure-renaissance-italienne-vendre\" target=\"_blank\" rel=\"noopener\">Renaissance<\/a>, mais en m\u00eame temps c\u2019est coh\u00e9rent. On ne saurait pas trop le dater. \u00bb<\/p>\n","protected":false},"excerpt":{"rendered":"Dans une chambre, un baldaquin en taffetas de soie bleue fait \u00e9cho aux panneaux muraux. Le canap\u00e9 Louis&hellip;\n","protected":false},"author":2,"featured_media":394340,"comment_status":"","ping_status":"","sticky":false,"template":"","format":"standard","meta":{"footnotes":""},"categories":[1358],"tags":[1348,1384,1385,4811,1386,58,59,1011,27],"class_list":{"0":"post-394339","1":"post","2":"type-post","3":"status-publish","4":"format-standard","5":"has-post-thumbnail","7":"category-arts-et-design","8":"tag-arts","9":"tag-arts-and-design","10":"tag-arts-et-design","11":"tag-chateau","12":"tag-design","13":"tag-divertissement","14":"tag-entertainment","15":"tag-fr","16":"tag-france"},"share_on_mastodon":{"url":"https:\/\/pubeurope.com\/@fr\/115212382598624809","error":""},"_links":{"self":[{"href":"https:\/\/www.europesays.com\/fr\/wp-json\/wp\/v2\/posts\/394339","targetHints":{"allow":["GET"]}}],"collection":[{"href":"https:\/\/www.europesays.com\/fr\/wp-json\/wp\/v2\/posts"}],"about":[{"href":"https:\/\/www.europesays.com\/fr\/wp-json\/wp\/v2\/types\/post"}],"author":[{"embeddable":true,"href":"https:\/\/www.europesays.com\/fr\/wp-json\/wp\/v2\/users\/2"}],"replies":[{"embeddable":true,"href":"https:\/\/www.europesays.com\/fr\/wp-json\/wp\/v2\/comments?post=394339"}],"version-history":[{"count":0,"href":"https:\/\/www.europesays.com\/fr\/wp-json\/wp\/v2\/posts\/394339\/revisions"}],"wp:featuredmedia":[{"embeddable":true,"href":"https:\/\/www.europesays.com\/fr\/wp-json\/wp\/v2\/media\/394340"}],"wp:attachment":[{"href":"https:\/\/www.europesays.com\/fr\/wp-json\/wp\/v2\/media?parent=394339"}],"wp:term":[{"taxonomy":"category","embeddable":true,"href":"https:\/\/www.europesays.com\/fr\/wp-json\/wp\/v2\/categories?post=394339"},{"taxonomy":"post_tag","embeddable":true,"href":"https:\/\/www.europesays.com\/fr\/wp-json\/wp\/v2\/tags?post=394339"}],"curies":[{"name":"wp","href":"https:\/\/api.w.org\/{rel}","templated":true}]}}