{"id":394343,"date":"2025-09-16T05:44:10","date_gmt":"2025-09-16T05:44:10","guid":{"rendered":"https:\/\/www.europesays.com\/fr\/394343\/"},"modified":"2025-09-16T05:44:10","modified_gmt":"2025-09-16T05:44:10","slug":"ces-detracteurs-de-la-taxe-zucman-sortent-lartillerie-lourde-pour-la-detruire","status":"publish","type":"post","link":"https:\/\/www.europesays.com\/fr\/394343\/","title":{"rendered":"Ces d\u00e9tracteurs de la taxe Zucman sortent l\u2019artillerie lourde pour la d\u00e9truire"},"content":{"rendered":"\n<p> La lecture de ce contenu est susceptible d\u2019entra\u00eener un d\u00e9p\u00f4t de cookies de la part de l\u2019op\u00e9rateur tiers qui l\u2019h\u00e9berge. Compte-tenu des choix que vous avez exprim\u00e9s en mati\u00e8re de d\u00e9p\u00f4t de cookies, nous avons bloqu\u00e9 l\u2019affichage de ce contenu. Si vous souhaitez y acc\u00e9der, vous devez accepter la cat\u00e9gorie de cookies \u201cContenus tiers\u201d en cliquant sur le bouton ci-dessous. <\/p>\n<p> Lire la Vid\u00e9o              <\/p>\n<p class=\"asset asset-text\">POLITIQUE &#8211; \u00ab\u00a0C\u2019est une connerie.\u00a0\u00bb Face \u00e0 la <a href=\"https:\/\/www.huffingtonpost.fr\/politique\/article\/comment-la-taxe-zucman-est-devenue-un-point-de-ralliement-pour-toute-la-gauche_254193.html\" target=\"_blank\" rel=\"noopener\">taxe Zucman<\/a> pl\u00e9biscit\u00e9e par la gauche pour le prochain budget de l\u2019\u00c9tat, <a href=\"https:\/\/www.huffingtonpost.fr\/politique\/article\/contrainte-et-forcee-la-macronie-evoque-a-demi-mot-la-taxation-des-plus-riches_254608.html\" target=\"_blank\" rel=\"noopener\">Sylvain Maillard<\/a>, d\u00e9put\u00e9 macroniste de Paris, ose les gros mots \u00e0 l\u2019antenne d\u2019Europe 1\u00a0ce lundi 15\u00a0septembre.<\/p>\n<p class=\"asset asset-text\"><strong>Comme vous pouvez le voir dans la vid\u00e9o en t\u00eate d\u2019article<\/strong>, les politiques et chefs d\u2019entreprise qui honnissent cette nouvelle proposition d<a href=\"https:\/\/www.huffingtonpost.fr\/economie\/article\/la-taxe-zucman-plebiscitee-par-ces-sept-prix-nobel-d-economie-dans-une-tribune-au-monde_252343.html\" target=\"_blank\" rel=\"noopener\">\u2019imposition<\/a> ne manquent pas de mots et d\u2019arguments pour tenter de la d\u00e9cr\u00e9dibiliser.<\/p>\n<p class=\"asset asset-text\">\u00ab\u00a0Je ne sais pas pourquoi en France, on n\u2019aime pas les riches, regrette l\u2019eurod\u00e9put\u00e9 Les R\u00e9publicains Christophe Gomart sur le plateau de Public S\u00e9nat ce lundi. Si on taxe les riches, les riches, ils s\u2019en vont\u00a0\u00bb, explique-t-il, alors que les \u00e9tudes existant sur l\u2019exil fiscal <a href=\"https:\/\/www.huffingtonpost.fr\/politique\/article\/l-argument-un-peu-fragile-de-montchalin-pour-rejustifier-l-opposition-a-la-taxe-zucman_252663.html\" target=\"_blank\" rel=\"noopener\">minimisent<\/a> un tel ph\u00e9nom\u00e8ne.<\/p>\n<p>    Des attaques sur la cr\u00e9dibilit\u00e9 de Gabriel Zucman    <\/p>\n<p class=\"asset asset-text\">De con c\u00f4t\u00e9, l\u2019ancien commissaire europ\u00e9en Thierry Breton s\u2019en prend au s\u00e9rieux de l\u2019\u00e9conomiste qui a donn\u00e9 son nom \u00e0 la taxe dont tout le monde parle d\u00e9sormais. \u00ab\u00a0Monsieur Zucman a souhait\u00e9 \u00eatre professeur \u00e0 l\u2019Universit\u00e9 de Harvard o\u00f9 j\u2019ai moi-m\u00eame \u00e9t\u00e9 professeur. Fort de ses travaux, il s\u2019est pr\u00e9sent\u00e9, et ce qui est assez in\u00e9dit, le doyen de Harvard et l\u2019administrateur ont d\u00e9cid\u00e9 de ne pas l\u2019accepter dans le corps professoral\u00a0parce qu\u2019ils estimaient que ses travaux n\u2019\u00e9taient pas assez s\u00e9rieux et biais\u00e9s.\u00a0\u00bb<\/p>\n<p class=\"asset asset-text\">C\u00f4t\u00e9 patronat, les chefs d\u2019entreprise n\u2019y vont pas de main morte non plus. Le patron du groupe E.Leclerc d\u00e9nonce sur BFM TV un \u00ab\u00a0\u00e9pouvantail\u00a0\u00bb , \u00ab\u00a0un drapeau de la r\u00e9volte\u00a0\u00bb qui ne permet pas de faire fonctionner l\u2019\u00e9conomie. Le pr\u00e9sident du Medef Patrick Martin promet une mobilisation de grande ampleur &#8211; in\u00e9dite pour des chefs d\u2019entreprise peu habitu\u00e9s \u00e0 ce genre de d\u00e9monstration de col\u00e8re. Preuve que les d\u00e9tracteurs de la taxe Zucman n\u2019ont pas dit leur dernier mot.<\/p>\n","protected":false},"excerpt":{"rendered":"La lecture de ce contenu est susceptible d\u2019entra\u00eener un d\u00e9p\u00f4t de cookies de la part de l\u2019op\u00e9rateur tiers&hellip;\n","protected":false},"author":2,"featured_media":394344,"comment_status":"","ping_status":"","sticky":false,"template":"","format":"standard","meta":{"footnotes":""},"categories":[1356],"tags":[1003,58,33,59,1011,27,2532,316,252,1364],"class_list":{"0":"post-394343","1":"post","2":"type-post","3":"status-publish","4":"format-standard","5":"has-post-thumbnail","7":"category-television","8":"tag-budget","9":"tag-divertissement","10":"tag-economie","11":"tag-entertainment","12":"tag-fr","13":"tag-france","14":"tag-nos-videos","15":"tag-politique","16":"tag-television","17":"tag-tv"},"share_on_mastodon":{"url":"https:\/\/pubeurope.com\/@fr\/115212390866004238","error":""},"_links":{"self":[{"href":"https:\/\/www.europesays.com\/fr\/wp-json\/wp\/v2\/posts\/394343","targetHints":{"allow":["GET"]}}],"collection":[{"href":"https:\/\/www.europesays.com\/fr\/wp-json\/wp\/v2\/posts"}],"about":[{"href":"https:\/\/www.europesays.com\/fr\/wp-json\/wp\/v2\/types\/post"}],"author":[{"embeddable":true,"href":"https:\/\/www.europesays.com\/fr\/wp-json\/wp\/v2\/users\/2"}],"replies":[{"embeddable":true,"href":"https:\/\/www.europesays.com\/fr\/wp-json\/wp\/v2\/comments?post=394343"}],"version-history":[{"count":0,"href":"https:\/\/www.europesays.com\/fr\/wp-json\/wp\/v2\/posts\/394343\/revisions"}],"wp:featuredmedia":[{"embeddable":true,"href":"https:\/\/www.europesays.com\/fr\/wp-json\/wp\/v2\/media\/394344"}],"wp:attachment":[{"href":"https:\/\/www.europesays.com\/fr\/wp-json\/wp\/v2\/media?parent=394343"}],"wp:term":[{"taxonomy":"category","embeddable":true,"href":"https:\/\/www.europesays.com\/fr\/wp-json\/wp\/v2\/categories?post=394343"},{"taxonomy":"post_tag","embeddable":true,"href":"https:\/\/www.europesays.com\/fr\/wp-json\/wp\/v2\/tags?post=394343"}],"curies":[{"name":"wp","href":"https:\/\/api.w.org\/{rel}","templated":true}]}}