{"id":394349,"date":"2025-09-16T05:47:10","date_gmt":"2025-09-16T05:47:10","guid":{"rendered":"https:\/\/www.europesays.com\/fr\/394349\/"},"modified":"2025-09-16T05:47:10","modified_gmt":"2025-09-16T05:47:10","slug":"un-americain-sur-six-evite-desormais-ou-repousse-la-vaccination-de-ses-enfants-selon-un-sondage-15-09-2025-a-2246","status":"publish","type":"post","link":"https:\/\/www.europesays.com\/fr\/394349\/","title":{"rendered":"Un Am\u00e9ricain sur six \u00e9vite d\u00e9sormais ou repousse la vaccination de ses enfants, selon un sondage &#8211; 15\/09\/2025 \u00e0 22:46"},"content":{"rendered":"<p>        <img fetchpriority=\"high\" decoding=\"async\" src=\"https:\/\/www.europesays.com\/fr\/wp-content\/uploads\/2025\/09\/a87541320893ebcbea9e55b1e2245b63-760x507.jpg\" alt=\"Un agent de sant\u00e9 pr\u00e9pare une dose de vaccin contre la rougeole \u00e0 Lubbock, au Texas, le 27 f\u00e9vrier 2025 ( AFP \/ RONALDO SCHEMIDT )\" loading=\"eager\" width=\"760\" height=\"507\" style=\"max-width: 100%!important; height: auto;\"\/><\/p>\n<p class=\"c-image-news__legend\">Un agent de sant\u00e9 pr\u00e9pare une dose de vaccin contre la rougeole \u00e0 Lubbock, au Texas, le 27 f\u00e9vrier 2025 ( AFP \/ RONALDO SCHEMIDT )<\/p>\n<p>\n De plus en plus d&rsquo;Am\u00e9ricains rechignent \u00e0 faire vacciner leurs enfants, principalement dans les milieux blancs conservateurs et religieux, r\u00e9v\u00e8le un sondage publi\u00e9 lundi, faisant craindre un retour de maladies contagieuses mortelles.\n<\/p>\n<p>\n Men\u00e9e aupr\u00e8s de plus de 2.500 parents par le Washington Post et l&rsquo;ONG KFF, cette enqu\u00eate cite en exemple les vaccinations infantiles obligatoires ou recommand\u00e9es comme celle contre la rougeole, le t\u00e9tanos ou encore la polio.\n<\/p>\n<p>\n Par peur d&rsquo;effets secondaires et par manque de confiance dans les autorit\u00e9s sanitaires, un parent interrog\u00e9 sur six dit ainsi avoir \u00e9vit\u00e9 ou repouss\u00e9 la vaccination de ses enfants.\n<\/p>\n<p>\n Et ce alors que le ministre de la Sant\u00e9 de Donald Trump, Robert Kennedy Jr, s\u00e8me les doutes sur la s\u00fbret\u00e9 de ces vaccins, relayant des fausses informations \u00e0 leur sujet, notamment sur un pr\u00e9tendu lien entre l&rsquo;autisme et le vaccin contre la rougeole.\n<\/p>\n<p>\n Apr\u00e8s avoir renvoy\u00e9 en juin les experts renomm\u00e9s d&rsquo;un panel sur les vaccins, le ministre a annonc\u00e9 lundi nommer plusieurs scientifiques, dont certains sceptiques des bienfaits de la vaccination contre le Covid-19, pour les remplacer.\n<\/p>\n<p>\n Ils examineront en fin de semaine les recommandations nationales pour plusieurs vaccins, dont celui contre la rougeole, la rub\u00e9ole et les oreillons (ROR).\n<\/p>\n<p>\n Aux Etats-Unis, certains vaccins comme celui du ROR sont obligatoires pour scolariser son enfant tandis que d&rsquo;autres sont fortement recommand\u00e9s.\n<\/p>\n<p>\n Mais dans de nombreux Etats am\u00e9ricains, les parents peuvent invoquer une raison autre qu&rsquo;une contre-indication m\u00e9dicale, comme par exemple un motif religieux, pour b\u00e9n\u00e9ficier d&rsquo;une d\u00e9rogation.\n<\/p>\n<p>\n La proportion d&rsquo;enfants en maternelle vaccin\u00e9s contre la rougeole est ainsi pass\u00e9e, au niveau national, de 95% en 2019 \u00e0 92,5% en 2024, avec de fortes variations r\u00e9gionales.\n<\/p>\n<p>\n Sous l&rsquo;effet de cette baisse des taux vaccinaux, les Etats-Unis ont connu en 2025 leur pire \u00e9pid\u00e9mie de rougeole en plus de 30 ans, avec trois morts, dont deux enfants.<\/p>\n","protected":false},"excerpt":{"rendered":"Un agent de sant\u00e9 pr\u00e9pare une dose de vaccin contre la rougeole \u00e0 Lubbock, au Texas, le 27&hellip;\n","protected":false},"author":2,"featured_media":394350,"comment_status":"","ping_status":"","sticky":false,"template":"","format":"standard","meta":{"footnotes":""},"categories":[10],"tags":[400,398,408,405,1011,27,72,403,402,399,404,71,401,406,407],"class_list":{"0":"post-394349","1":"post","2":"type-post","3":"status-publish","4":"format-standard","5":"has-post-thumbnail","7":"category-sante","8":"tag-action-cac-40","9":"tag-bourse-de-paris","10":"tag-boursorama","11":"tag-cotations","12":"tag-fr","13":"tag-france","14":"tag-health","15":"tag-indices-devises","16":"tag-investir","17":"tag-investissement","18":"tag-marche-boursier","19":"tag-sante","20":"tag-sicav","21":"tag-trackers","22":"tag-warrants"},"share_on_mastodon":{"url":"https:\/\/pubeurope.com\/@fr\/115212402308162105","error":""},"_links":{"self":[{"href":"https:\/\/www.europesays.com\/fr\/wp-json\/wp\/v2\/posts\/394349","targetHints":{"allow":["GET"]}}],"collection":[{"href":"https:\/\/www.europesays.com\/fr\/wp-json\/wp\/v2\/posts"}],"about":[{"href":"https:\/\/www.europesays.com\/fr\/wp-json\/wp\/v2\/types\/post"}],"author":[{"embeddable":true,"href":"https:\/\/www.europesays.com\/fr\/wp-json\/wp\/v2\/users\/2"}],"replies":[{"embeddable":true,"href":"https:\/\/www.europesays.com\/fr\/wp-json\/wp\/v2\/comments?post=394349"}],"version-history":[{"count":0,"href":"https:\/\/www.europesays.com\/fr\/wp-json\/wp\/v2\/posts\/394349\/revisions"}],"wp:featuredmedia":[{"embeddable":true,"href":"https:\/\/www.europesays.com\/fr\/wp-json\/wp\/v2\/media\/394350"}],"wp:attachment":[{"href":"https:\/\/www.europesays.com\/fr\/wp-json\/wp\/v2\/media?parent=394349"}],"wp:term":[{"taxonomy":"category","embeddable":true,"href":"https:\/\/www.europesays.com\/fr\/wp-json\/wp\/v2\/categories?post=394349"},{"taxonomy":"post_tag","embeddable":true,"href":"https:\/\/www.europesays.com\/fr\/wp-json\/wp\/v2\/tags?post=394349"}],"curies":[{"name":"wp","href":"https:\/\/api.w.org\/{rel}","templated":true}]}}