{"id":394353,"date":"2025-09-16T05:49:10","date_gmt":"2025-09-16T05:49:10","guid":{"rendered":"https:\/\/www.europesays.com\/fr\/394353\/"},"modified":"2025-09-16T05:49:10","modified_gmt":"2025-09-16T05:49:10","slug":"soiree-medievale-et-robe-en-patchwork-gigi-hadid-au-bras-de-bradley-cooper-dans-les-rues-de-new-york-2","status":"publish","type":"post","link":"https:\/\/www.europesays.com\/fr\/394353\/","title":{"rendered":"Soir\u00e9e m\u00e9di\u00e9vale et robe en patchwork, Gigi Hadid au bras de Bradley Cooper dans les rues de New York"},"content":{"rendered":"<p class=\"intro\">En couverture du prochain num\u00e9ro de Vogue US avec sa meilleure amie Kendall Jenner, le mannequin Gigi Hadid a prolong\u00e9 sa soir\u00e9e de c\u00e9l\u00e9bration en compagnie de son amoureux Bradley Cooper.<\/p>\n<p>Lorsque <a href=\"https:\/\/www.parismatch.com\/bio\/kendall-jenner\" target=\"_blank\" rel=\"nofollow noopener\">Kendall Jenner<\/a> d\u00e9clare \u00ab\u00a0Nous sommes plus s\u0153urs qu\u2019amies\u00a0\u00bb \u00e0 propos de <a href=\"https:\/\/www.parismatch.com\/bio\/gigi-hadid\" target=\"_blank\" rel=\"nofollow noopener\">Gigi Hadid<\/a>, il est impossible de le nier. Entre les deux mannequins am\u00e9ricaines, un lien tr\u00e8s fort existe depuis des ann\u00e9es. Une relation si importante que le magazine \u00ab\u00a0Vogue\u00a0\u00bb a d\u00e9cid\u00e9 de l\u2019immortaliser en couverture de son prochain num\u00e9ro. Sur la photographie, les deux femmes posent l\u2019une pr\u00e8s de l\u2019autre, dans un cadre bucolique en parfaite ad\u00e9quation avec leur style campagne-chic.<\/p>\n<p>Pour c\u00e9l\u00e9brer ce nouveau num\u00e9ro d\u2019entr\u00e9e en automne, le magazine a organis\u00e9 une r\u00e9ception intime avec les deux cover-girls. En tant qu\u2019h\u00f4tes de la soir\u00e9e, <a href=\"https:\/\/www.parismatch.com\/bio\/anna-wintour\" target=\"_blank\" rel=\"nofollow noopener\">Anna Wintour<\/a> et le r\u00e9alisateur Baz Luhrmann ont port\u00e9 leur d\u00e9volu sur le bar \u00e0 cocktails \u00ab\u00a0Monsieur\u00a0\u00bb pour recevoir leurs invit\u00e9s tri\u00e9s sur le volet. Ce lieu, inaugur\u00e9 en janvier dernier \u00e0 New York, est rapidement devenu un repaire pour les stars en qu\u00eate d\u2019une esth\u00e9tique m\u00e9di\u00e9vale et glamour. Apr\u00e8s cette petite sauterie o\u00f9 la chanteuse canadienne Sacha a interpr\u00e9t\u00e9 ses derniers tubes, Gigi Hadid s\u2019est sauv\u00e9e <a href=\"https:\/\/www.parismatch.com\/People\/avec-un-baiser-fougueux-bradley-cooper-et-gigi-hadid-font-leurs-debuts-sur-instagram-250941\" target=\"_blank\" rel=\"nofollow noopener\">au bras de son amoureux Bradley Cooper<\/a>.<\/p>\n<p>    La suite apr\u00e8s cette publicit\u00e9<\/p>\n<p>Un couple, du style<\/p>\n<p>Dans la nuit \u00e9toil\u00e9e de New York, Gigi Hadid et Bradley Cooper sont apparus main dans la main \u00e0 la sortie du bar, bien d\u00e9cid\u00e9s \u00e0 poursuivre leur soir\u00e9e en amoureux. V\u00eatue d\u2019une sublime robe Miu Miu faite en patchwork et semblable \u00e0 celle port\u00e9e en couverture du fameux magazine, la jeune maman de 30\u00a0ans a accessoiris\u00e9 son look avec des escarpins argent\u00e9s ainsi qu\u2019un petit sac brun en cuire dot\u00e9 de discr\u00e8tes petites fleurs de muguet.<\/p>\n<p>    La suite apr\u00e8s cette publicit\u00e9<\/p>\n<p>\u00c0 son bras, l\u2019acteur Bradley Cooper s\u2019est d\u00e9marqu\u00e9 avec une chemise Versace en coton bleu marine et un pantalon noir. Le regard amoureux vers sa belle, il a pris la pose \u00e0 ses c\u00f4t\u00e9s, suscitant l\u2019excitation aupr\u00e8s des photographes. Sans attendre, le couple s\u2019est engouffr\u00e9 dans une voiture, en route pour une destination secr\u00e8te et, tr\u00e8s certainement, romantique.<\/p>\n","protected":false},"excerpt":{"rendered":"En couverture du prochain num\u00e9ro de Vogue US avec sa meilleure amie Kendall Jenner, le mannequin Gigi Hadid&hellip;\n","protected":false},"author":2,"featured_media":393394,"comment_status":"","ping_status":"","sticky":false,"template":"","format":"standard","meta":{"footnotes":""},"categories":[8],"tags":[58,59,1011,27],"class_list":{"0":"post-394353","1":"post","2":"type-post","3":"status-publish","4":"format-standard","5":"has-post-thumbnail","7":"category-divertissement","8":"tag-divertissement","9":"tag-entertainment","10":"tag-fr","11":"tag-france"},"share_on_mastodon":{"url":"https:\/\/pubeurope.com\/@fr\/115212410253411811","error":""},"_links":{"self":[{"href":"https:\/\/www.europesays.com\/fr\/wp-json\/wp\/v2\/posts\/394353","targetHints":{"allow":["GET"]}}],"collection":[{"href":"https:\/\/www.europesays.com\/fr\/wp-json\/wp\/v2\/posts"}],"about":[{"href":"https:\/\/www.europesays.com\/fr\/wp-json\/wp\/v2\/types\/post"}],"author":[{"embeddable":true,"href":"https:\/\/www.europesays.com\/fr\/wp-json\/wp\/v2\/users\/2"}],"replies":[{"embeddable":true,"href":"https:\/\/www.europesays.com\/fr\/wp-json\/wp\/v2\/comments?post=394353"}],"version-history":[{"count":0,"href":"https:\/\/www.europesays.com\/fr\/wp-json\/wp\/v2\/posts\/394353\/revisions"}],"wp:featuredmedia":[{"embeddable":true,"href":"https:\/\/www.europesays.com\/fr\/wp-json\/wp\/v2\/media\/393394"}],"wp:attachment":[{"href":"https:\/\/www.europesays.com\/fr\/wp-json\/wp\/v2\/media?parent=394353"}],"wp:term":[{"taxonomy":"category","embeddable":true,"href":"https:\/\/www.europesays.com\/fr\/wp-json\/wp\/v2\/categories?post=394353"},{"taxonomy":"post_tag","embeddable":true,"href":"https:\/\/www.europesays.com\/fr\/wp-json\/wp\/v2\/tags?post=394353"}],"curies":[{"name":"wp","href":"https:\/\/api.w.org\/{rel}","templated":true}]}}