{"id":394357,"date":"2025-09-16T05:52:09","date_gmt":"2025-09-16T05:52:09","guid":{"rendered":"https:\/\/www.europesays.com\/fr\/394357\/"},"modified":"2025-09-16T05:52:09","modified_gmt":"2025-09-16T05:52:09","slug":"kash-patel-le-directeur-du-fbi-dans-la-tourmente-apres-le-meurtre-de-charlie-kirk","status":"publish","type":"post","link":"https:\/\/www.europesays.com\/fr\/394357\/","title":{"rendered":"Kash Patel, le directeur du FBI dans la tourmente apr\u00e8s le meurtre de Charlie Kirk"},"content":{"rendered":"<p>Le patron de la police f\u00e9d\u00e9rale am\u00e9ricaine doit s\u2019expliquer devant le Congr\u00e8s cette semaine apr\u00e8s sa gestion controvers\u00e9e de l\u2019enqu\u00eate sur l\u2019assassinat du militant conservateur. Entre communication hasardeuse et fronde au sein du mouvement MAGA, son autorit\u00e9 vacille.<\/p>\n<p class=\"fig-paragraph\">Il devait incarner le renouveau trumpiste du FBI. Il pourrait devenir son premier \u00e9chec majeur.\u00a0<a href=\"http:\/\/www.lefigaro.fr\/international\/etats-unis-choix-conteste-de-trump-kash-patel-confirme-a-la-tete-du-fbi-20250221\" target=\"_blank\" data-fig-type=\"NewsFlash\" rel=\"noopener nofollow\" data-gtm-custom-categorie=\"navigation\" data-gtm-custom-action=\"crossclick\" data-gtm-custom-label=\"Contextuel\" data-gtm-event=\"customEventSPE\" data-fig-domain=\"LEFIGARO\">Kash Patel<\/a>, directeur de la police f\u00e9d\u00e9rale depuis janvier, compara\u00eet mardi devant la commission judiciaire du S\u00e9nat, puis mercredi \u00e0 la Chambre des repr\u00e9sentants, pour ce qui s\u2019annonce comme un examen de rattrapage sur ses comp\u00e9tences apr\u00e8s l\u2019assassinat de l\u2019influenceur conservateur\u00a0<a href=\"http:\/\/www.lefigaro.fr\/international\/assassinat-de-charlie-kirk-la-maison-blanche-veut-s-en-prendre-au-terrorisme-interieur-20250916\" target=\"_blank\" data-fig-type=\"Article\" rel=\"noopener nofollow\" data-gtm-custom-categorie=\"navigation\" data-gtm-custom-action=\"crossclick\" data-gtm-custom-label=\"Contextuel\" data-gtm-event=\"customEventSPE\" data-fig-domain=\"LEFIGARO\">Charlie Kirk<\/a>, le 10 septembre \u00e0 l\u2019Universit\u00e9 de la vall\u00e9e de l\u2019Utah.<\/p>\n<p class=\"fig-paragraph\">Quelques heures apr\u00e8s la fusillade, Patel commet l\u2019irr\u00e9parable. \u00c0 18h21, il claironne sur X que l\u2019auteur pr\u00e9sum\u00e9 du \u00abmeurtre atroce\u00bb est en d\u00e9tention, br\u00fblant la politesse aux autorit\u00e9s locales. Sauf qu\u2019environ quatre-vingt-dix minutes plus tard, \u00e0 19h59, le suspect est mis hors de cause et rel\u00e2ch\u00e9. \u00abIl n\u2019aurait pas d\u00fb publier quoi que ce soit sur l\u2019affaire avant d\u2019avoir des certitudes\u00bb, confie un ancien haut responsable du FBI\u00a0<a href=\"https:\/\/www.nbcnews.com\/politics\/justice-department\/kash-patel-criticized-actions-posts-charlie-kirk-shooting-investigatio-rcna231043\" target=\"_blank\" rel=\"sponsored noopener nofollow\" data-gtm-custom-categorie=\"navigation\" data-gtm-custom-action=\"crossclick\" data-gtm-custom-label=\"Contextuel\" data-gtm-event=\"customEventSPE\">\u00e0 NBC News<\/a>.<\/p>\n<p>                                    <a class=\"fig-a11y-skip a11y-hidden\" href=\"#fig-a11y-skip-main-inarticle\"><br \/>\n        Passer la publicit\u00e9<br \/>\n    <\/a><\/p>\n<p>D\u00eener chez Rao\u2019s<\/p>\n<p class=\"fig-paragraph\">Plus troublant\u00a0: ce soir-l\u00e0, Patel d\u00eene chez Rao\u2019s, restaurant italien d\u2019East Harlem \u00e0 New York \u00abc\u00e9l\u00e8bre pour sa sauce tomate et son pass\u00e9 louche\u00bb,\u00a0<a href=\"https:\/\/www.newyorker.com\/culture\/on-television\/kash-patel-plays-a-g-man-on-tv\" target=\"_blank\" rel=\"sponsored noopener nofollow\" data-gtm-custom-categorie=\"navigation\" data-gtm-custom-action=\"crossclick\" data-gtm-custom-label=\"Contextuel\" data-gtm-event=\"customEventSPE\">selon le New Yorker<\/a> . A-t-il publi\u00e9 son deuxi\u00e8me tweet de l\u00e0-bas\u00a0? On l\u2019ignore, le restaurant refuse de r\u00e9pondre aux sollicitations de la presse am\u00e9ricaine. Il n\u2019emp\u00eache, l\u2019affaire en embarrasse plus d\u2019un. \u00abC\u2019est vraiment g\u00eanant. Vous \u00eates le directeur du FBI, pas un gamin qui lit des bandes dessin\u00e9es\u00bb, tacle un responsable de l\u2019administration Trump\u00a0<a href=\"https:\/\/www.axios.com\/2025\/09\/15\/trump-kash-patel-fbi-investigation-charlie-kirk\" target=\"_blank\" rel=\"sponsored noopener nofollow\" data-gtm-custom-categorie=\"navigation\" data-gtm-custom-action=\"crossclick\" data-gtm-custom-label=\"Contextuel\" data-gtm-event=\"customEventSPE\">au m\u00e9dia en ligne Axios<\/a> .<\/p>\n<p class=\"fig-paragraph\">Christopher O\u2019Leary, ancien responsable antiterroriste du FBI, est cinglant\u00a0: \u00abIl n\u2019a aucune exp\u00e9rience ni aucune capacit\u00e9 de leadership\u00bb, d\u00e9clare-t-il \u00e0 NBC News. Pour Glenn Kirschner, ancien procureur f\u00e9d\u00e9ral, les annonces de Patel sont tout simplement \u00abirresponsables\u00bb. \u00abKash Patel est dangereusement inapte \u00e0 diriger le FBI\u00bb, mart\u00e8le-t-il sur sa cha\u00eene YouTube.<\/p>\n<p>Tensions avec les autorit\u00e9s locales<\/p>\n<p class=\"fig-paragraph\">L\u2019affaire r\u00e9v\u00e8le aussi des frictions profondes entre le FBI et les forces de l\u2019ordre de l\u2019Utah. Samedi, Patel revendique sur X avoir agi\u00a0<a href=\"https:\/\/x.com\/FBIDirectorKash\/status\/1966984212504072347\" target=\"_blank\" rel=\"sponsored noopener nofollow\" data-gtm-custom-categorie=\"navigation\" data-gtm-custom-action=\"crossclick\" data-gtm-custom-label=\"Contextuel\" data-gtm-event=\"customEventSPE\">\u00abcontre toute recommandation des forces de l\u2019ordre\u00bb<\/a>\u00a0en exigeant la publication des photos du suspect Tyler Robinson, 22 ans, finalement arr\u00eat\u00e9 vendredi. Version d\u00e9mentie par le D\u00e9partement de la s\u00e9curit\u00e9 publique de l\u2019Utah, charg\u00e9 d\u2019appliquer la loi dans cet \u00c9tat de l\u2019ouest am\u00e9ricain\u00a0: \u00abNous n\u2019avons pas recommand\u00e9 de ne pas les publier mais nous avons d\u2019abord eu recours \u00e0 la technologie [la reconnaissance faciale] pour tenter de les identifier\u00bb, rectifie un porte-parole cit\u00e9 par NBC News. \u00abLorsque cela s\u2019est av\u00e9r\u00e9 infructueux, nous avons apport\u00e9 notre soutien total et convenu que les photos devaient \u00eatre publi\u00e9es.\u00bb<\/p>\n<p class=\"fig-paragraph\">\u00abCela n\u2019est jamais dans l\u2019int\u00e9r\u00eat du FBI de critiquer les autorit\u00e9s locales\u00bb, explique un ancien haut responsable d\u2019un service de police \u00e0 NBC News. Il estime que Patel semble \u00abfaire de la pub pour impressionner un public d\u2019une seule personne\u00bb. R\u00e9f\u00e9rence \u00e0 peine voil\u00e9e \u00e0 Trump.<\/p>\n<p>La base MAGA se fracture<\/p>\n<p class=\"fig-paragraph\">M\u00eame au sein du mouvement trumpiste, la grogne monte. \u00abIl a fait de tr\u00e8s mauvaises performances ces derniers jours\u00bb, juge Christopher Rufo, \u00e9crivain conservateur,\u00a0<a href=\"https:\/\/x.com\/realchrisrufo\/status\/1966520299723366534\" target=\"_blank\" rel=\"sponsored noopener nofollow\" data-gtm-custom-categorie=\"navigation\" data-gtm-custom-action=\"crossclick\" data-gtm-custom-label=\"Contextuel\" data-gtm-event=\"customEventSPE\">sur X<\/a>. Steve Bannon, gourou du trumpisme, ne m\u00e2che pas ses mots non plus\u00a0: \u00abLa base n\u2019est pas contente. Ils ont besoin d\u2019action, d\u2019action, d\u2019action\u00bb, confie-t-il \u00e0 Axios.<\/p>\n<p>                                    <a class=\"fig-a11y-skip a11y-hidden\" href=\"#fig-a11y-skip-main-inarticle_mtf\"><br \/>\n        Passer la publicit\u00e9<br \/>\n    <\/a><\/p>\n<p class=\"fig-paragraph\">La col\u00e8re de la frange complotiste se cristallise aussi sur l\u2019affaire Jeffrey Epstein. En juillet, le minist\u00e8re de la Justice et le FBI ont annonc\u00e9 n\u2019avoir d\u00e9couvert aucun \u00e9l\u00e9ment nouveau qui justifierait la publication de documents suppl\u00e9mentaires sur le d\u00e9linquant sexuel mort en prison en 2019. Une d\u00e9ception pour ceux qui esp\u00e9raient des r\u00e9v\u00e9lations fracassantes.<\/p>\n<p>Un patron trop politis\u00e9\u00a0?<\/p>\n<p class=\"fig-paragraph\">L\u2019autorit\u00e9 de Kash Patel a encore \u00e9t\u00e9 \u00e9branl\u00e9e par une plainte au civil d\u00e9pos\u00e9e la semaine derni\u00e8re. Trois anciens dirigeants du FBI limog\u00e9s en ao\u00fbt l\u2019accusent d\u2019avoir \u00abpolitis\u00e9\u00bb l\u2019agence pour complaire \u00e0 ses sup\u00e9rieurs, dont Donald Trump. Ils disent avoir \u00e9t\u00e9 sanctionn\u00e9s notamment pour leur opposition au limogeage d\u2019agents. Lesquels \u00e9taient consid\u00e9r\u00e9s comme insuffisamment align\u00e9s sur les priorit\u00e9s de la nouvelle administration.<\/p>\n<p class=\"fig-paragraph\">L\u2019un d\u2019entre eux, Brian Driscoll, directeur du FBI par int\u00e9rim pendant le premier mois du mandat de Donald Trump, jusqu\u2019\u00e0 l\u2019entr\u00e9e en fonction de Kash Patel, affirme avoir tent\u00e9 en vain de le dissuader de licencier un agent. \u00abLe FBI a tent\u00e9 de mettre le pr\u00e9sident en prison et il ne l\u2019a pas oubli\u00e9\u00bb, lui aurait r\u00e9pondu Kash Patel, se disant oblig\u00e9 pour garder son poste de renvoyer tous ceux ayant travaill\u00e9 sur les proc\u00e9dures p\u00e9nales contre Donald Trump avant son \u00e9lection, selon la plainte.<\/p>\n<p>Trump maintient son soutien&#8230; pour l\u2019instant<\/p>\n<p class=\"fig-paragraph\">Face \u00e0 la temp\u00eate, Donald Trump serre les rangs. \u00abJe suis tr\u00e8s fier du FBI. Kash et tous les autres ont fait un excellent travail\u00bb, a d\u00e9clar\u00e9 le pr\u00e9sident am\u00e9ricain\u00a0<a href=\"https:\/\/www.foxnews.com\/politics\/knives-out-embattled-fbi-director-kash-patel-despite-trump-support\" target=\"_blank\" rel=\"sponsored noopener nofollow\" data-gtm-custom-categorie=\"navigation\" data-gtm-custom-action=\"crossclick\" data-gtm-custom-label=\"Contextuel\" data-gtm-event=\"customEventSPE\">\u00e0 Fox News<\/a>\u00a0samedi. \u00abLe poste de Kash est assur\u00e9. Le pr\u00e9sident est satisfait\u00bb, confirmait un haut responsable \u00e0 Axios dimanche.<\/p>\n<p class=\"fig-paragraph\">De son c\u00f4t\u00e9, Kash Patel assume sa strat\u00e9gie. \u00abAurais-je pu mieux formuler cela dans le feu de l\u2019action\u00a0? Bien s\u00fbr. Mais est-ce que je regrette\u00a0? Absolument pas\u00bb, a-t-il fait valoir lundi dans une interview accord\u00e9e \u00e0 \u00abFox &amp; Friends\u00bb, talk-show de Fox News. Avant de se targuer d\u2019\u00eatre le directeur le plus \u00abtransparent\u00bb de l\u2019histoire du FBI. Son audition devant le Congr\u00e8s cette semaine pourrait bien sceller son sort.<\/p>\n","protected":false},"excerpt":{"rendered":"Le patron de la police f\u00e9d\u00e9rale am\u00e9ricaine doit s\u2019expliquer devant le Congr\u00e8s cette semaine apr\u00e8s sa gestion controvers\u00e9e&hellip;\n","protected":false},"author":2,"featured_media":394358,"comment_status":"","ping_status":"","sticky":false,"template":"","format":"standard","meta":{"footnotes":""},"categories":[5],"tags":[11,73,18120,1011,27,14,12,28],"class_list":{"0":"post-394357","1":"post","2":"type-post","3":"status-publish","4":"format-standard","5":"has-post-thumbnail","7":"category-international","8":"tag-actualites","9":"tag-etats-unis","10":"tag-fbi","11":"tag-fr","12":"tag-france","13":"tag-international","14":"tag-news","15":"tag-world"},"share_on_mastodon":{"url":"https:\/\/pubeurope.com\/@fr\/115212421902015578","error":""},"_links":{"self":[{"href":"https:\/\/www.europesays.com\/fr\/wp-json\/wp\/v2\/posts\/394357","targetHints":{"allow":["GET"]}}],"collection":[{"href":"https:\/\/www.europesays.com\/fr\/wp-json\/wp\/v2\/posts"}],"about":[{"href":"https:\/\/www.europesays.com\/fr\/wp-json\/wp\/v2\/types\/post"}],"author":[{"embeddable":true,"href":"https:\/\/www.europesays.com\/fr\/wp-json\/wp\/v2\/users\/2"}],"replies":[{"embeddable":true,"href":"https:\/\/www.europesays.com\/fr\/wp-json\/wp\/v2\/comments?post=394357"}],"version-history":[{"count":0,"href":"https:\/\/www.europesays.com\/fr\/wp-json\/wp\/v2\/posts\/394357\/revisions"}],"wp:featuredmedia":[{"embeddable":true,"href":"https:\/\/www.europesays.com\/fr\/wp-json\/wp\/v2\/media\/394358"}],"wp:attachment":[{"href":"https:\/\/www.europesays.com\/fr\/wp-json\/wp\/v2\/media?parent=394357"}],"wp:term":[{"taxonomy":"category","embeddable":true,"href":"https:\/\/www.europesays.com\/fr\/wp-json\/wp\/v2\/categories?post=394357"},{"taxonomy":"post_tag","embeddable":true,"href":"https:\/\/www.europesays.com\/fr\/wp-json\/wp\/v2\/tags?post=394357"}],"curies":[{"name":"wp","href":"https:\/\/api.w.org\/{rel}","templated":true}]}}