{"id":394362,"date":"2025-09-16T05:55:15","date_gmt":"2025-09-16T05:55:15","guid":{"rendered":"https:\/\/www.europesays.com\/fr\/394362\/"},"modified":"2025-09-16T05:55:15","modified_gmt":"2025-09-16T05:55:15","slug":"la-femme-de-50-ans-ce-nest-plus-celle-quon-met-au-rebut","status":"publish","type":"post","link":"https:\/\/www.europesays.com\/fr\/394362\/","title":{"rendered":"\u00ab\u00a0La femme de 50 ans, ce n\u2019est plus celle qu\u2019on met au rebut\u00a0\u00bb"},"content":{"rendered":"<p>\u00ab\u00a0Une bouff\u00e9e de chaleur, \u00e7a monte dans tout le corps, \u00e7a va jusque dans le visage, on devient rouge. Cela peut \u00eatre compliqu\u00e9 socialement, car on pique un fard et \u00e7a se voit\u00a0! Il y a une sensation d\u2019oppression physique respiratoire qui peut \u00eatre impressionnante. La nuit, certaines patientes sont tremp\u00e9es au point de devoir changer les draps. Mais tant qu\u2019on ne les a pas v\u00e9cues, on ne sait pas vraiment ce que c\u2019est\u00a0\u00bb explique St\u00e9phanie Lanternier, sage-femme \u00e0 l\u2019h\u00f4pital du Gier.<\/p>\n<p>Car m\u00eame avec le vieillissement de la population, la m\u00e9nopause (1) reste encore souvent tabou et peut-\u00eatre que vous venez de d\u00e9couvrir ce que provoque vraiment une bouff\u00e9e de chaleur, pourtant l\u2019un des sympt\u00f4mes les plus connus de la m\u00e9nopause. Il est caus\u00e9 par la fluctuation des hormones, mais peut \u00eatre aggrav\u00e9 par la prise de th\u00e9, de caf\u00e9 ou de tabac, par exemple.<\/p>\n<p>\u00ab\u00a0Ce n\u2019est pas forc\u00e9ment un mauvais moment \u00e0 passer\u00a0\u00bb<\/p>\n<p>\u00c0 l\u2019h\u00f4pital du Gier, au sein du&#8230;<\/p>\n","protected":false},"excerpt":{"rendered":"\u00ab\u00a0Une bouff\u00e9e de chaleur, \u00e7a monte dans tout le corps, \u00e7a va jusque dans le visage, on devient&hellip;\n","protected":false},"author":2,"featured_media":394363,"comment_status":"","ping_status":"","sticky":false,"template":"","format":"standard","meta":{"footnotes":""},"categories":[9653],"tags":[1111,11,2430,7539,1777,674,1011,27,12,25,9669,9670,4001,71,104],"class_list":{"0":"post-394362","1":"post","2":"type-post","3":"status-publish","4":"format-standard","5":"has-post-thumbnail","7":"category-saint-etienne","8":"tag-actu","9":"tag-actualites","10":"tag-auvergne-rhone-alpes","11":"tag-edition-loire-sud","12":"tag-eu","13":"tag-europe","14":"tag-fr","15":"tag-france","16":"tag-news","17":"tag-republique-francaise","18":"tag-saint-chamond","19":"tag-saint-chamond-ville","20":"tag-saint-etienne","21":"tag-sante","22":"tag-societe"},"share_on_mastodon":{"url":"https:\/\/pubeurope.com\/@fr\/115212433725260349","error":""},"_links":{"self":[{"href":"https:\/\/www.europesays.com\/fr\/wp-json\/wp\/v2\/posts\/394362","targetHints":{"allow":["GET"]}}],"collection":[{"href":"https:\/\/www.europesays.com\/fr\/wp-json\/wp\/v2\/posts"}],"about":[{"href":"https:\/\/www.europesays.com\/fr\/wp-json\/wp\/v2\/types\/post"}],"author":[{"embeddable":true,"href":"https:\/\/www.europesays.com\/fr\/wp-json\/wp\/v2\/users\/2"}],"replies":[{"embeddable":true,"href":"https:\/\/www.europesays.com\/fr\/wp-json\/wp\/v2\/comments?post=394362"}],"version-history":[{"count":0,"href":"https:\/\/www.europesays.com\/fr\/wp-json\/wp\/v2\/posts\/394362\/revisions"}],"wp:featuredmedia":[{"embeddable":true,"href":"https:\/\/www.europesays.com\/fr\/wp-json\/wp\/v2\/media\/394363"}],"wp:attachment":[{"href":"https:\/\/www.europesays.com\/fr\/wp-json\/wp\/v2\/media?parent=394362"}],"wp:term":[{"taxonomy":"category","embeddable":true,"href":"https:\/\/www.europesays.com\/fr\/wp-json\/wp\/v2\/categories?post=394362"},{"taxonomy":"post_tag","embeddable":true,"href":"https:\/\/www.europesays.com\/fr\/wp-json\/wp\/v2\/tags?post=394362"}],"curies":[{"name":"wp","href":"https:\/\/api.w.org\/{rel}","templated":true}]}}