{"id":394376,"date":"2025-09-16T06:05:15","date_gmt":"2025-09-16T06:05:15","guid":{"rendered":"https:\/\/www.europesays.com\/fr\/394376\/"},"modified":"2025-09-16T06:05:15","modified_gmt":"2025-09-16T06:05:15","slug":"la-circulation-coupee-dans-un-sens-2","status":"publish","type":"post","link":"https:\/\/www.europesays.com\/fr\/394376\/","title":{"rendered":"la circulation coup\u00e9e dans un sens"},"content":{"rendered":"<p>            Par<br \/>\n        <strong><br \/>\n            <a href=\"https:\/\/actu.fr\/auteur\/fmass\" title=\"Consulter tous les articles de Fabien Massin\" target=\"_blank\" rel=\"noopener\">Fabien Massin<\/a><br \/>\n        <\/strong><\/p>\n<p>        Publi\u00e9 le<\/p>\n<p>            16 sept. 2025 \u00e0 7h06        <\/p>\n<p>La circulation est perturb\u00e9e dans le secteur du <strong>pont Flaubert<\/strong> \u00e0 <a href=\"https:\/\/actu.fr\/normandie\/rouen_76540\" target=\"_blank\" rel=\"noopener\">Rouen (Seine-Maritime)<\/a>, mardi 16 septembre 2025 au matin.\u00a0<\/p>\n<p class=\" wall-content\">En cause,<strong> un chargement perdu sur le pont<\/strong>, informe la Dirno (direction interd\u00e9partementale des routes Nord-Ouest), qui a mis en place des restrictions de circulation sur l\u2019A150 et la RN1338.<\/p>\n<p>Un secteur \u00e0 \u00e9viter<\/p>\n<p class=\" wall-content\">La route est ainsi ferm\u00e9e dans le sens rive droite\/rive gauche, engendrant un important bouchon de 10 kilom\u00e8tres sur l\u2019A150 \u00e0 l\u2019arriv\u00e9e \u00e0 Rouen.\u00a0<\/p>\n<p class=\" wall-content\">\u00ab\u00a0Il est demand\u00e9 aux usagers d\u2019\u00e9viter la RN1338 et l\u2019 A150 ou de diff\u00e9rer son horaire de d\u00e9placement\u00a0\u00bb, souligne la Dirno.\u00a0<\/p>\n<p>Suivez l\u2019actualit\u00e9 de Rouen sur notre <a href=\"https:\/\/www.whatsapp.com\/channel\/0029VaKfnf99hXF2ddApFB1D\" target=\"_blank\" rel=\"noopener\">cha\u00eene WhatsApp<\/a> et sur notre <a href=\"https:\/\/www.tiktok.com\/@76actu.fr?lang=fr\" target=\"_blank\" rel=\"noopener\">compte TikTok<\/a><\/p>\n<p class=\" wall-content\">Personnalisez votre actualit\u00e9 en ajoutant vos villes et m\u00e9dias en favori avec <a href=\"https:\/\/moncompte.actu.fr\" title=\"D\u00e9couvez Mon Actu\" rel=\"nofollow noopener\" data-trk=\"{&quot;cta&quot;:{&quot;action&quot;:&quot;https:\\\/\\\/moncompte.actu.fr&quot;,&quot;category&quot;:&quot;mon compte&quot;,&quot;from&quot;:&quot;article footer&quot;,&quot;name&quot;:&quot;Mon actu&quot;,&quot;type&quot;:&quot;cta&quot;}}\" target=\"_blank\">Mon Actu<\/a>.<\/p>\n<p>                    <script async src=\"\/\/www.tiktok.com\/embed.js\"><\/script><\/p>\n","protected":false},"excerpt":{"rendered":"Par Fabien Massin Publi\u00e9 le 16 sept. 2025 \u00e0 7h06 La circulation est perturb\u00e9e dans le secteur du&hellip;\n","protected":false},"author":2,"featured_media":394377,"comment_status":"","ping_status":"","sticky":false,"template":"","format":"standard","meta":{"footnotes":""},"categories":[9587],"tags":[1111,11,1777,674,118,1011,27,803,12,5161,3940,25,9590],"class_list":{"0":"post-394376","1":"post","2":"type-post","3":"status-publish","4":"format-standard","5":"has-post-thumbnail","7":"category-rouen","8":"tag-actu","9":"tag-actualites","10":"tag-eu","11":"tag-europe","12":"tag-faits-divers","13":"tag-fr","14":"tag-france","15":"tag-info-trafic","16":"tag-news","17":"tag-normandie","18":"tag-pont-gustave-flaubert","19":"tag-republique-francaise","20":"tag-rouen"},"share_on_mastodon":{"url":"https:\/\/pubeurope.com\/@fr\/115212472997471428","error":""},"_links":{"self":[{"href":"https:\/\/www.europesays.com\/fr\/wp-json\/wp\/v2\/posts\/394376","targetHints":{"allow":["GET"]}}],"collection":[{"href":"https:\/\/www.europesays.com\/fr\/wp-json\/wp\/v2\/posts"}],"about":[{"href":"https:\/\/www.europesays.com\/fr\/wp-json\/wp\/v2\/types\/post"}],"author":[{"embeddable":true,"href":"https:\/\/www.europesays.com\/fr\/wp-json\/wp\/v2\/users\/2"}],"replies":[{"embeddable":true,"href":"https:\/\/www.europesays.com\/fr\/wp-json\/wp\/v2\/comments?post=394376"}],"version-history":[{"count":0,"href":"https:\/\/www.europesays.com\/fr\/wp-json\/wp\/v2\/posts\/394376\/revisions"}],"wp:featuredmedia":[{"embeddable":true,"href":"https:\/\/www.europesays.com\/fr\/wp-json\/wp\/v2\/media\/394377"}],"wp:attachment":[{"href":"https:\/\/www.europesays.com\/fr\/wp-json\/wp\/v2\/media?parent=394376"}],"wp:term":[{"taxonomy":"category","embeddable":true,"href":"https:\/\/www.europesays.com\/fr\/wp-json\/wp\/v2\/categories?post=394376"},{"taxonomy":"post_tag","embeddable":true,"href":"https:\/\/www.europesays.com\/fr\/wp-json\/wp\/v2\/tags?post=394376"}],"curies":[{"name":"wp","href":"https:\/\/api.w.org\/{rel}","templated":true}]}}