{"id":394386,"date":"2025-09-16T06:13:11","date_gmt":"2025-09-16T06:13:11","guid":{"rendered":"https:\/\/www.europesays.com\/fr\/394386\/"},"modified":"2025-09-16T06:13:11","modified_gmt":"2025-09-16T06:13:11","slug":"schiltigheim-des-experiences-ludiques-pour-les-journees-europeennes-du-patrimoine","status":"publish","type":"post","link":"https:\/\/www.europesays.com\/fr\/394386\/","title":{"rendered":"Schiltigheim. Des exp\u00e9riences ludiques pour les Journ\u00e9es europ\u00e9ennes du patrimoine"},"content":{"rendered":"<p>Schiltigheim participe \u00e0 la 42 e \u00e9dition des Journ\u00e9es europ\u00e9ennes du patrimoine vendredi 19\u00a0septembre, samedi\u00a020 et dimanche 21\u00a0septembre. L\u2019\u00e9dition 2025 se distingue par une ouverture encore plus large \u00e0 des exp\u00e9riences ludiques, sensibles et cr\u00e9atives.<\/p>\n<p>Du myst\u00e9rieux escape game organis\u00e9 dans une villa de ma\u00eetre, aux ateliers de dessin d\u2019observation en plein air, en passant par un atelier c\u00e9ramique pour les enfants, le patrimoine schilikois se d\u00e9voile autrement cette ann\u00e9e. Un programme vari\u00e9 pour plonger dans l\u2019histoire de la ville et de ses lieux embl\u00e9matiques, tout en s\u2019adressant \u00e0 tous les publics, des passionn\u00e9s d\u2019histoire aux familles. Voici quelques-uns des rendez-vous propos\u00e9s.<\/p>\n<p>  \u201cDieu est-il humour\u00a0?\u201d<\/p>\n<p>Sam. 20 sept. de 10\u00a0h \u00e0 12\u00a0h, visite et exposition, \u00e9glise protestante, 24 rue Principale. Visitez l\u2019\u00e9difice qui a accompagn\u00e9 l\u2019histoire de la ville en profitant d\u2019une exposition sur l\u2019art humoristique protestant.<\/p>\n<p>  Un escape game dans une maison de ma\u00eetre<\/p>\n<p>Sam. 20 sept. de 14\u00a0h-17\u00a0h\u00a030. R\u00e9servation obligatoire\u00a0: https:\/\/lessecretsdusablier.com\/escape\/lheritier-schilikois\/. Maison des Soci\u00e9t\u00e9s, 1 rue de la Patrie. Participez \u00e0 un escape game dans la belle et ancienne demeure d\u2019un banquier, la villa Wenger-Valentin. Au cours d\u2019une c\u00e9r\u00e9monie, un haut dignitaire est assassin\u00e9. Les conseillers jeunes (CMJ) du groupe \u00ab\u00a0Divertissement\u00a0\u00bb avaient \u00e0 c\u0153ur d\u2019investir un lieu embl\u00e9matique de Schiltigheim pour proposer un temps ludique \u00e0 la population. Les jeunes ont particip\u00e9 \u00e0 la conception du jeu. Ils seront aussi sur place le 20\u00a0septembre pour guider les participants et animer. \u00c0 partir de 11 ans. Les mineurs doivent \u00eatre accompagn\u00e9s d\u2019un adulte. Avec la Ville, le Conseil municipal des jeunes et Les Secrets du Sablier.<\/p>\n<p>  Visite architecturale de la m\u00e9diath\u00e8que<\/p>\n<p>Sam. 20 sept. \u00e0 14\u00a0h\u00a030. M\u00e9diath\u00e8que Frida-Kahlo, 7 place de l\u2019\u00c9glise. Explorez la m\u00e9diath\u00e8que avec le cabinet d\u2019architectes DWPA, concepteur du b\u00e2timent. Cette visite permettra de d\u00e9couvrir les choix architecturaux et techniques \u00e0 l\u2019origine du projet, pens\u00e9 dans une d\u00e9marche \u00e9coresponsable, sur les pas de l\u2019architecte Franz Scheyder.<\/p>\n<p>  Atelier de dessin d\u2019observation<\/p>\n<p>Dim. 21 sept. de 10\u00a0h\u00a030 \u00e0 12\u00a0h, verger du Dinghof, 37 rue d\u2019Adelshoffen. D\u00e9couvrez le verger, sous divers angles et techniques. En parall\u00e8le de la pratique libre du dessin in situ , participez \u00e0 un atelier en petit groupe.<\/p>\n<p>  Un verger historique entre contes, jeux et m\u00e9moire des lieux<\/p>\n<p>Dim. 21 sept. de 10\u00a0h \u00e0 18\u00a0h. Verger du Dinghof, 37 rue d\u2019Adelshoffen. Visites, ateliers, jeux et d\u00e9ambulations libres. Marchez sur les traces des vestiges mis au jour par les fouilles arch\u00e9ologiques et d\u00e9couvrez l\u2019histoire de l\u2019institution du Dinghof d\u2019Adelshoffen. Venez tester des jeux de soci\u00e9t\u00e9 originaux, imagin\u00e9s par les jeunes de la Maison du jeune citoyen. Avec l\u2019association Soci\u00e9t\u00e9 d\u2019histoire, d\u2019arch\u00e9ologie et du patrimoine de Schiltigheim et environs et Marie-Jo Morant.<\/p>\n<p>  \u201cLa conserverie Ungemach de Schiltigheim (1888-1985) \u201d<\/p>\n<p>Dim. 21 sept. de 10\u00a0h \u00e0 12\u00a0h puis de 14\u00a0h \u00e0 18\u00a0h, exposition et visite libre, ferme Linck, 22 rue d\u2019Adelshoffen. L\u2019exposition temporaire sur la conserverie Ungemach met en lumi\u00e8re ce fleuron de l\u2019industrie agroalimentaire alsacienne, qui fut en 1907 le plus gros employeur de la ville.<\/p>\n<p>  Adelshoffen, du village disparu \u00e0 la brasserie<\/p>\n<p>Dim. 21 sept. \u00e0 14\u00a0h et 15\u00a0h (dur\u00e9e 45\u00a0minutes), brasserie Storig 85 route de Bischwiller.\u00a0Patrick Gauger, ancien ma\u00eetre brasseur, reviendra sur l\u2019histoire de la brasserie Adelshoffen lors d\u2019une conf\u00e9rence au sein de la brasserie Storig. Avec l\u2019association M\u00e9moire et Patrimoine de Schiltigheim.<\/p>\n<p>  D\u00e9couvrez des machines d\u2019imprimerie anciennes et r\u00e9centes<\/p>\n<p>Dim. 21 sept. \u00e0 14\u00a0h, 15\u00a0h, 16\u00a0h et 17\u00a0h. R\u00e9servation obligatoire via ce lien\u00a0: https:\/\/www.eventbrite.fr\/e\/billets-bon-a-tirer-1477833593059?aff=oddtdtcreator, 9 rue du Ch\u00e2teau d\u2019Angleterre. Intergraphic et l\u2019Espace Europ\u00e9en Gutenberg s\u2019associent pour vous proposer de d\u00e9couvrir la collection \u00ab\u00a0Intergraphic\u00a0\u00bb, constitu\u00e9e de machines d\u2019imprimerie anciennes et r\u00e9centes. Visites guid\u00e9es d\u2019une dur\u00e9e de 1\u00a0h.<\/p>\n<p class=\"note\">Certains \u00e9v\u00e9nements organis\u00e9s par la Ville ou les associations sont exclusivement sur r\u00e9servation car les places sont limit\u00e9es (atelier dessin d\u2019observation, atelier c\u00e9ramique, escape game ou collection Intergraphic). Tout le programme et les informations sur le site de la ville\u00a0: www.ville-schiltigheim.fr\/agenda\/les-journees-europeennes-dupatrimoine-a-schilick<\/p>\n","protected":false},"excerpt":{"rendered":"Schiltigheim participe \u00e0 la 42 e \u00e9dition des Journ\u00e9es europ\u00e9ennes du patrimoine vendredi 19\u00a0septembre, samedi\u00a020 et dimanche 21\u00a0septembre.&hellip;\n","protected":false},"author":2,"featured_media":394387,"comment_status":"","ping_status":"","sticky":false,"template":"","format":"standard","meta":{"footnotes":""},"categories":[2820],"tags":[1111,11,1687,2880,1777,674,2271,107,1011,27,775,12,2661,25,5512,640,3265],"class_list":{"0":"post-394386","1":"post","2":"type-post","3":"status-publish","4":"format-standard","5":"has-post-thumbnail","7":"category-strasbourg","8":"tag-actu","9":"tag-actualites","10":"tag-culture-loisirs","11":"tag-edition-strasbourg","12":"tag-eu","13":"tag-europe","14":"tag-exposition-arts-plastiques","15":"tag-fil-info","16":"tag-fr","17":"tag-france","18":"tag-grand-est","19":"tag-news","20":"tag-patrimoine-culturel","21":"tag-republique-francaise","22":"tag-schiltigheim","23":"tag-strasbourg","24":"tag-strasbourg-nord"},"share_on_mastodon":{"url":"https:\/\/pubeurope.com\/@fr\/115212504495207205","error":""},"_links":{"self":[{"href":"https:\/\/www.europesays.com\/fr\/wp-json\/wp\/v2\/posts\/394386","targetHints":{"allow":["GET"]}}],"collection":[{"href":"https:\/\/www.europesays.com\/fr\/wp-json\/wp\/v2\/posts"}],"about":[{"href":"https:\/\/www.europesays.com\/fr\/wp-json\/wp\/v2\/types\/post"}],"author":[{"embeddable":true,"href":"https:\/\/www.europesays.com\/fr\/wp-json\/wp\/v2\/users\/2"}],"replies":[{"embeddable":true,"href":"https:\/\/www.europesays.com\/fr\/wp-json\/wp\/v2\/comments?post=394386"}],"version-history":[{"count":0,"href":"https:\/\/www.europesays.com\/fr\/wp-json\/wp\/v2\/posts\/394386\/revisions"}],"wp:featuredmedia":[{"embeddable":true,"href":"https:\/\/www.europesays.com\/fr\/wp-json\/wp\/v2\/media\/394387"}],"wp:attachment":[{"href":"https:\/\/www.europesays.com\/fr\/wp-json\/wp\/v2\/media?parent=394386"}],"wp:term":[{"taxonomy":"category","embeddable":true,"href":"https:\/\/www.europesays.com\/fr\/wp-json\/wp\/v2\/categories?post=394386"},{"taxonomy":"post_tag","embeddable":true,"href":"https:\/\/www.europesays.com\/fr\/wp-json\/wp\/v2\/tags?post=394386"}],"curies":[{"name":"wp","href":"https:\/\/api.w.org\/{rel}","templated":true}]}}