{"id":394388,"date":"2025-09-16T06:14:14","date_gmt":"2025-09-16T06:14:14","guid":{"rendered":"https:\/\/www.europesays.com\/fr\/394388\/"},"modified":"2025-09-16T06:14:14","modified_gmt":"2025-09-16T06:14:14","slug":"le-trafic-perturbe-mercredi-17-septembre-voici-les-lignes-concernees","status":"publish","type":"post","link":"https:\/\/www.europesays.com\/fr\/394388\/","title":{"rendered":"le trafic perturb\u00e9 mercredi 17 septembre, voici les lignes concern\u00e9es"},"content":{"rendered":"<p>            Par<br \/>\n        <strong><br \/>\n            <a href=\"https:\/\/actu.fr\/auteur\/ivan-capecchi\" title=\"Consulter tous les articles de Ivan CAPECCHI\" target=\"_blank\" rel=\"noopener\">Ivan CAPECCHI<\/a><br \/>\n        <\/strong><\/p>\n<p>        Publi\u00e9 le<\/p>\n<p>            16 sept. 2025 \u00e0 7h02        <\/p>\n<p>En raison d\u2019un <a href=\"https:\/\/actu.fr\/grand-est\/strasbourg_67482\/greve-a-la-cts-la-circulation-des-bus-perturbee-durant-trois-jours-a-strasbourg-voici-les-lignes-concernees_63156545.html\" target=\"_blank\" rel=\"noopener\">mouvement de gr\u00e8ve<\/a>, le trafic CTS sera perturb\u00e9 le mercredi 17\u00a0septembre 2025. Voici le d\u00e9tail.<\/p>\n<p>Plusieurs lignes de bus perturb\u00e9es mercredi \u00e0 Strasbourg<\/p>\n<p class=\" wall-content\">L\u2019ensemble des lignes de <strong>tram<\/strong> circulera normalement, de m\u00eame que les services scolaires, <strong>Taxibus<\/strong>, <strong>Flex\u2019Hop<\/strong> et <strong>Mobistras<\/strong>.<\/p>\n<p class=\" wall-content\">La plupart des lignes de <strong>bus<\/strong> fonctionneront \u00e9galement sans changement, \u00e0 l\u2019exception de quelques lignes dont la fr\u00e9quence sera r\u00e9duite\u2009:<\/p>\n<ul class=\" wall-content\">\n<li><strong>Bus H<\/strong>\u2009: toutes les 8 \u00e0 10\u00a0minutes environ.<\/li>\n<li><strong>Bus 2<\/strong>\u2009: toutes les 8 \u00e0 11\u00a0minutes entre Jardin des Deux Rives et Gare Centrale, desserte d\u2019Elmerforst toutes les 16 \u00e0 20\u00a0minutes.<\/li>\n<li><strong>Bus 13<\/strong>\u2009: toutes les 10 \u00e0 12\u00a0minutes environ.<\/li>\n<li><strong>Bus 40<\/strong>\u2009: toutes les 15 \u00e0 20\u00a0minutes environ.<\/li>\n<li><strong>Bus 50<\/strong>\u2009: toutes les 12 \u00e0 15\u00a0minutes environ.<\/li>\n<\/ul>\n<p class=\" wall-content\">La CTS invite les usagers \u00e0 anticiper leurs d\u00e9placements et \u00e0 consulter ses outils d\u2019information en temps r\u00e9el pour suivre l\u2019\u00e9volution de la situation.<\/p>\n<p class=\" wall-content\">Personnalisez votre actualit\u00e9 en ajoutant vos villes et m\u00e9dias en favori avec <a href=\"https:\/\/moncompte.actu.fr\" title=\"D\u00e9couvez Mon Actu\" rel=\"nofollow noopener\" data-trk=\"{&quot;cta&quot;:{&quot;action&quot;:&quot;https:\\\/\\\/moncompte.actu.fr&quot;,&quot;category&quot;:&quot;mon compte&quot;,&quot;from&quot;:&quot;article footer&quot;,&quot;name&quot;:&quot;Mon actu&quot;,&quot;type&quot;:&quot;cta&quot;}}\" target=\"_blank\">Mon Actu<\/a>.<\/p>\n","protected":false},"excerpt":{"rendered":"Par Ivan CAPECCHI Publi\u00e9 le 16 sept. 2025 \u00e0 7h02 En raison d\u2019un mouvement de gr\u00e8ve, le trafic&hellip;\n","protected":false},"author":2,"featured_media":394389,"comment_status":"","ping_status":"","sticky":false,"template":"","format":"standard","meta":{"footnotes":""},"categories":[2820],"tags":[1111,11,7344,1777,674,1011,27,775,12,25,104,640],"class_list":{"0":"post-394388","1":"post","2":"type-post","3":"status-publish","4":"format-standard","5":"has-post-thumbnail","7":"category-strasbourg","8":"tag-actu","9":"tag-actualites","10":"tag-compagnie-des-transports-strasbourgeois-cts","11":"tag-eu","12":"tag-europe","13":"tag-fr","14":"tag-france","15":"tag-grand-est","16":"tag-news","17":"tag-republique-francaise","18":"tag-societe","19":"tag-strasbourg"},"share_on_mastodon":{"url":"https:\/\/pubeurope.com\/@fr\/115212508467556492","error":""},"_links":{"self":[{"href":"https:\/\/www.europesays.com\/fr\/wp-json\/wp\/v2\/posts\/394388","targetHints":{"allow":["GET"]}}],"collection":[{"href":"https:\/\/www.europesays.com\/fr\/wp-json\/wp\/v2\/posts"}],"about":[{"href":"https:\/\/www.europesays.com\/fr\/wp-json\/wp\/v2\/types\/post"}],"author":[{"embeddable":true,"href":"https:\/\/www.europesays.com\/fr\/wp-json\/wp\/v2\/users\/2"}],"replies":[{"embeddable":true,"href":"https:\/\/www.europesays.com\/fr\/wp-json\/wp\/v2\/comments?post=394388"}],"version-history":[{"count":0,"href":"https:\/\/www.europesays.com\/fr\/wp-json\/wp\/v2\/posts\/394388\/revisions"}],"wp:featuredmedia":[{"embeddable":true,"href":"https:\/\/www.europesays.com\/fr\/wp-json\/wp\/v2\/media\/394389"}],"wp:attachment":[{"href":"https:\/\/www.europesays.com\/fr\/wp-json\/wp\/v2\/media?parent=394388"}],"wp:term":[{"taxonomy":"category","embeddable":true,"href":"https:\/\/www.europesays.com\/fr\/wp-json\/wp\/v2\/categories?post=394388"},{"taxonomy":"post_tag","embeddable":true,"href":"https:\/\/www.europesays.com\/fr\/wp-json\/wp\/v2\/tags?post=394388"}],"curies":[{"name":"wp","href":"https:\/\/api.w.org\/{rel}","templated":true}]}}