{"id":394400,"date":"2025-09-16T06:20:17","date_gmt":"2025-09-16T06:20:17","guid":{"rendered":"https:\/\/www.europesays.com\/fr\/394400\/"},"modified":"2025-09-16T06:20:17","modified_gmt":"2025-09-16T06:20:17","slug":"les-cles-pour-reinventer-le-travail-et-la-qualite-de-vie","status":"publish","type":"post","link":"https:\/\/www.europesays.com\/fr\/394400\/","title":{"rendered":"les cl\u00e9s pour r\u00e9inventer le travail et la qualit\u00e9 de vie"},"content":{"rendered":"<p>Le Parc des Expositions de Bordeaux se pr\u00e9pare \u00e0 accueillir, du 14 au 16 octobre 2025, la 48e \u00e9dition de <strong>Pr\u00e9ventica<\/strong>, un \u00e9v\u00e9nement pour tous les acteurs engag\u00e9s dans la sant\u00e9, la s\u00e9curit\u00e9 et la qualit\u00e9 de vie au travail. Apr\u00e8s une \u00e9dition parisienne marqu\u00e9e par un fort succ\u00e8s en juin 2025, la manifestation revient en Nouvelle-Aquitaine, l\u00e0 o\u00f9 l\u2019aventure avait commenc\u00e9 en 1997.<\/p>\n<p><a href=\"https:\/\/www.youtube.com\/embed\/bj-X0nkRq-o?feature=oembed&amp;controls=0&amp;rel=0&amp;modestbranding=1&amp;privacy=1\" class=\"lyt-playbtn\" title=\"Play\" target=\"_blank\" rel=\"noopener\">Pr\u00e9ventica 2025 : le lieu de rencontre sant\u00e9, s\u00e9curit\u00e9 au travail et qualit\u00e9 de vie au travail<\/a><\/p>\n<p>Un retour attendu \u00e0 Bordeaux<\/p>\n<p>Depuis pr\u00e8s de 25 ans, le salon Pr\u00e9ventica s\u2019est impos\u00e9 comme une r\u00e9f\u00e9rence nationale pour r\u00e9fl\u00e9chir, partager et exp\u00e9rimenter de nouvelles approches autour des conditions de travail. En 2025, Bordeaux devient \u00e0 nouveau le th\u00e9\u00e2tre de cette rencontre qui r\u00e9unit plus de <strong>10 000 participants<\/strong> : entreprises, collectivit\u00e9s, organismes publics, syndicats, chercheurs et \u00e9tudiants.<\/p>\n<blockquote><p>&#13;<\/p>\n<p>La sant\u00e9, la s\u00e9curit\u00e9 et la qualit\u00e9 de vie au travail, moteurs d\u2019attractivit\u00e9 et de performance pour les entreprises !<\/p>\n<p>&#13;\n<\/p><\/blockquote>\n<p>Au programme, une mosa\u00efque de solutions et d\u2019\u00e9changes pour r\u00e9pondre aux transformations rapides du monde professionnel. T\u00e9l\u00e9travail, digitalisation, dialogue social ou encore pr\u00e9vention des risques : autant de th\u00e9matiques qui seront au c\u0153ur des d\u00e9bats.<\/p>\n<p><img loading=\"lazy\" decoding=\"async\" src=\"https:\/\/www.aquitaineonline.com\/images\/Article_2025\/Pre\u0301venticaLyon09-10-24LUCA_M-L_267.webp\" alt=\"\" width=\"1200\" height=\"798\" style=\"display: block; margin-left: auto; margin-right: auto;\" data-alt=\" Pr\u00e9ventica Bordeaux 2025 : l\u2019innovation au service de la qualit\u00e9 de vie au travail\"\/><\/p>\n<p>+ de 1000 professionnels pour conseiller entreprises et acteurs publics<\/p>\n<p>L\u2019espace exposition\/animations de Pr\u00e9ventica regroupera 400 exposants organis\u00e9s en deux univers :\u00a0<\/p>\n<p>Des prestations de services et d\u2019accompagnement pour les DRH<\/p>\n<ul>&#13;<\/p>\n<li>cabinets conseil en QVT, ergonomie, RPS, handicap, m\u00e9diation,droit social<\/li>\n<p>&#13;<\/p>\n<li>organismes de formation<\/li>\n<p>&#13;<\/p>\n<li>offres de sport et sant\u00e9 en entreprise<\/li>\n<p>&#13;<\/p>\n<li>services aux salari\u00e9s (mutuelle sant\u00e9, conciergerie, cr\u00e8che d\u2019entreprise\u2026)<\/li>\n<p>&#13;<\/p>\n<li>solutions de team building et d\u2019engagement des salari\u00e9s<\/li>\n<p>&#13;<\/p>\n<li>services de pr\u00e9vention sant\u00e9 (bilan de sant\u00e9, t\u00e9l\u00e9consultation, contr\u00f4le auditif,..)<\/li>\n<p>&#13;\n<\/ul>\n<p>Des \u00e9quipements innovants pour le confort et la s\u00e9curit\u00e9 des salari\u00e9s<\/p>\n<ul>&#13;<\/p>\n<li>am\u00e9nagement des bureaux, hygi\u00e8ne\/propret\u00e9, qualit\u00e9 de l\u2019air<\/li>\n<p>&#13;<\/p>\n<li>s\u00e9curit\u00e9 des lieux (incendie, malveillance)<\/li>\n<p>&#13;<\/p>\n<li>aide aux manutentions, exosquelettes<\/li>\n<p>&#13;<\/p>\n<li>s\u00e9curit\u00e9 de la production et des chantiers, risques chimiques<\/li>\n<p>&#13;\n<\/ul>\n<p><img decoding=\"async\" src=\"https:\/\/www.aquitaineonline.com\/images\/Article_2025\/Pre\u0301venticaLyon10-10-24LUCA_M-L_733.webp\" alt=\"\" width=\"1200\" height=\"798\" style=\"display: block; margin-left: auto; margin-right: auto;\" data-alt=\" Pr\u00e9ventica Bordeaux 2025 : l\u2019innovation au service de la qualit\u00e9 de vie au travail\" loading=\"lazy\"\/><\/p>\n<p>Des conf\u00e9rences pour anticiper l\u2019avenir du travail<\/p>\n<p>Durant trois jours, pr\u00e8s de <strong>150 conf\u00e9rences et ateliers<\/strong> offriront une vision panoramique des enjeux li\u00e9s \u00e0 la sant\u00e9 et \u00e0 la qualit\u00e9 de vie au travail. Des experts en ressources humaines, en management et en pr\u00e9vention viendront partager leurs recherches et leurs exp\u00e9riences. Les discussions porteront aussi bien sur la pr\u00e9vention des risques psychosociaux que sur les innovations technologiques au service des salari\u00e9s.<\/p>\n<blockquote><p>&#13;<\/p>\n<p>Pr\u00e9ventica est un espace unique o\u00f9 se croisent expertise scientifique, retours d\u2019exp\u00e9rience et innovations concr\u00e8tes pour construire le travail de demain \u00a0\u00bb\u00a0souligne Lo\u00efc Lerooge, directeur de recherche au CNRS et pr\u00e9sident d\u2019honneur du Pr\u00e9ventica Lab.<\/p>\n<p>&#13;\n<\/p><\/blockquote>\n<p>Les th\u00e8mes phares de l\u2019\u00e9dition 2025<\/p>\n<p>Cette \u00e9dition bordelaise met l\u2019accent sur plusieurs sujets sensibles : l\u2019impact du t\u00e9l\u00e9travail sur l\u2019organisation des \u00e9quipes, l\u2019int\u00e9gration de l\u2019intelligence artificielle dans les processus de production, la pr\u00e9vention des maladies professionnelles, la lutte contre les discriminations, ainsi que la question du maintien dans l\u2019emploi face au vieillissement de la population active.<\/p>\n<p>Une attention particuli\u00e8re sera accord\u00e9e \u00e0 la <strong>sant\u00e9 des femmes au travail<\/strong>, aux probl\u00e9matiques d\u2019addictions et aux solutions pour limiter la p\u00e9nibilit\u00e9 dans les m\u00e9tiers physiques. L\u2019objectif : offrir aux employeurs et aux salari\u00e9s des pistes concr\u00e8tes pour am\u00e9liorer durablement les conditions de travail.<\/p>\n<p>Parmi les participants d\u00e9j\u00e0 inscrits \u00e0 Pr\u00e9ventica Bordeaux :<\/p>\n<p>MINISTERE DE L\u2019ECOLOGIE \u2022 BRISTOL MYERS SQUIBB \u2022 BOUYGUES CONSTRUCTION \u2022 ALLIANCE AUTOMOTIVE \u2022 EDF \u2022 BORDEAUX METROPOLE \u2022 CH CHARLES PERRENS \u2022 BAUDIN CHATEAUNEUF \u2022 LIDL \u2022 UCPA \u2022 DASSAULT \u2022 DOMOFRANCE \u2022 SNCF \u2022 VOIES NAVIGABLES DE FRANCE \u2022 CHU BORDEAUX \u2022 TORK \u2022 CDISCOUNT \u2022 KEOLIS \u2022 TOTAL ENERGIES \u2022 SAFRAN \u2022 AUCHAN \u2022 LA POSTE \u2022 ORANGE \u2022 SOGEA \u2022 SISLEY \u2022 MOET HENNESY \u2022 AIR FRANCE \u2022 RATP &#8230;<\/p>\n<p>Un espace d\u2019exposition riche en innovations<\/p>\n<p>Avec plus de <strong>400 exposants<\/strong>, le salon propose une vitrine compl\u00e8te des innovations au service des entreprises et des salari\u00e9s. Deux grands univers structurent cet espace :<\/p>\n<ul>&#13;<\/p>\n<li>les prestations de services pour les directions des ressources humaines : cabinets de conseil, organismes de formation, offres de sant\u00e9 et de sport en entreprise, solutions de team building ou encore services de conciergerie et de garde d\u2019enfants ;<\/li>\n<p>&#13;<\/p>\n<li>les \u00e9quipements technologiques et mat\u00e9riels innovants : mobilier ergonomique, syst\u00e8mes de s\u00e9curit\u00e9 incendie, exosquelettes pour r\u00e9duire la p\u00e9nibilit\u00e9, dispositifs de pr\u00e9vention sant\u00e9 et solutions de t\u00e9l\u00e9consultation.<\/li>\n<p>&#13;\n<\/ul>\n<p>Prix de l&rsquo;Innovation Pr\u00e9ventica<\/p>\n<p>Des remises de Prix pour valoriser les actions en faveur de l\u2019am\u00e9lioration des conditions de travail Lors de chaque \u00e9dition, les Prix de l&rsquo;Innovation Pr\u00e9ventica r\u00e9compensent les projets les plus prometteurs dans plusieurs cat\u00e9gories cl\u00e9s, telles que pr\u00e9vention des TMS, s\u00e9curit\u00e9 routi\u00e8re, am\u00e9nagement des espaces de travail, \u00e9quipement de protection individuel, sant\u00e9-bien \u00eatre, accompagnement handicap&#8230; Les laur\u00e9ats sont not\u00e9s par un jury d&rsquo;experts qualifi\u00e9s, qui \u00e9value les projets en fonction de leur caract\u00e8re innovant et de leur impact sur l\u2019am\u00e9lioration des conditions de travail. Recevoir un Prix de l&rsquo;Innovation Pr\u00e9ventica constitue une reconnaissance significative, permet de mettre en avant leur produit ou service et donne aux laur\u00e9ats une visibilit\u00e9 accrue aupr\u00e8s de futures entreprises utilisatrices.<\/p>\n<blockquote><p>&#13;<br \/>\nLe preventica future lab, une nouveaut\u00e9&#13;\n<\/p><\/blockquote>\n<p>L\u2019\u00e9dition bordelaise inaugure une innovation majeure : le <strong>Pr\u00e9ventica Future Lab<\/strong>. Pens\u00e9 comme un laboratoire d\u2019id\u00e9es prospectives, il rassemblera dirigeants, chercheurs et responsables RH autour de tables rondes sur le futur du travail. La place de la RSE, les liens entre gouvernance, bien-\u00eatre et d\u00e9veloppement durable y seront discut\u00e9s, afin d\u2019esquisser des mod\u00e8les plus inclusifs et r\u00e9silients.<\/p>\n<blockquote><p>&#13;<\/p>\n<p>Nous voulons montrer que la qualit\u00e9 de vie au travail n\u2019est pas une option mais un levier de performance et d\u2019attractivit\u00e9 pour les entreprises.\u00a0\u00bb insiste Chantal Vilotta Germain, coordinatrice du Pr\u00e9ventica Future Lab.<\/p>\n<p>&#13;\n<\/p><\/blockquote>\n<p>Bordeaux ne sera pas seulement une vitrine de solutions innovantes, mais aussi un lieu o\u00f9 les acteurs de Nouvelle-Aquitaine mettront en avant leurs initiatives. Entreprises locales, institutions r\u00e9gionales et chercheurs apporteront leur expertise pour valoriser les bonnes pratiques d\u00e9velopp\u00e9es sur le territoire. Cette articulation entre dimension r\u00e9gionale et enjeux nationaux fait la sp\u00e9cificit\u00e9 de cette \u00e9dition.<\/p>\n<p>Plusieurs grands noms de l\u2019industrie, du service et des collectivit\u00e9s seront pr\u00e9sents, parmi lesquels TotalEnergies, EDF, Dassault, La Poste, Orange, Safran ou encore Bordeaux M\u00e9tropole. Leur participation illustre la transversalit\u00e9 du salon : des secteurs aussi divers que la sant\u00e9, la construction, le transport ou la distribution trouvent ici un terrain commun pour \u00e9changer.<\/p>\n<p><img decoding=\"async\" src=\"https:\/\/www.europesays.com\/fr\/wp-content\/uploads\/2025\/09\/Preventica-DSC_0025.webp.webp\" alt=\" Pr\u00e9ventica Bordeaux 2025 : l\u2019innovation au service de la qualit\u00e9 de vie au travail\" width=\"1200\" height=\"798\" style=\"display: block; margin-left: auto; margin-right: auto;\" loading=\"lazy\"\/><\/p>\n<p>Pr\u00e9ventica, une histoire en mouvement<\/p>\n<p>N\u00e9 en 1997 \u00e0 Bordeaux, le rendez-vous Pr\u00e9ventica a depuis parcouru la France en s\u2019adaptant aux \u00e9volutions sociales et \u00e9conomiques. Chaque \u00e9dition refl\u00e8te les pr\u00e9occupations de son \u00e9poque, qu\u2019il s\u2019agisse des risques psychosociaux, de la transition num\u00e9rique ou de l\u2019adaptation au changement climatique. En 2025, le retour \u00e0 Bordeaux symbolise un bouclage de cycle, mais aussi un nouveau d\u00e9part pour penser le travail de demain.<\/p>\n<p>Une plateforme de ressources en ligne au-del\u00e0 du salon<\/p>\n<p>Au-del\u00e0 des \u00e9v\u00e9nements physiques, Pr\u00e9ventica anime toute l\u2019ann\u00e9e une plateforme num\u00e9rique qui diffuse articles, podcasts et webinaires. Chaque mois, plus de <strong>100 000 professionnels<\/strong> y trouvent des conseils pratiques et des retours d\u2019exp\u00e9rience pour renforcer leurs actions de pr\u00e9vention.<\/p>\n<p>Infos pratiques pour l\u2019\u00e9dition 2025<\/p>\n<p>Le salon se d\u00e9roule du mardi 14 au jeudi 16 octobre 2025, de 9h \u00e0 17h30, au Parc des Expositions de Bordeaux. L\u2019acc\u00e8s est gratuit sur inscription pr\u00e9alable en ligne. Au total, 150 conf\u00e9rences, 400 exposants et 10 000 participants attendus !<\/p>\n<p><img decoding=\"async\" src=\"https:\/\/www.europesays.com\/fr\/wp-content\/uploads\/2025\/04\/favicon.png\" alt=\"FAVICO\" width=\"60\" height=\"60\" loading=\"lazy\"\/>Sources de l&rsquo;article<\/p>\n<ul>&#13;<\/p>\n<li>Pr\u00e9ventica Bordeaux 2025\u00a0<\/li>\n<p>&#13;<\/p>\n<li>Site officiel Pr\u00e9ventica \u2013 section conf\u00e9rences et exposants 2025<\/li>\n<p>&#13;\n<\/ul>\n<p style=\"text-align: right;\">Cr\u00e9dit Photo\u00a0Pre\u0301ventica &#8211; \u00a9 LUCA M-L<\/p>\n","protected":false},"excerpt":{"rendered":"Le Parc des Expositions de Bordeaux se pr\u00e9pare \u00e0 accueillir, du 14 au 16 octobre 2025, la 48e&hellip;\n","protected":false},"author":2,"featured_media":394401,"comment_status":"","ping_status":"","sticky":false,"template":"","format":"standard","meta":{"footnotes":""},"categories":[2817],"tags":[17,1111,11,1997,11331,1777,674,15330,1011,27,5701,12,2219,52659,52660,25,6290,71,656],"class_list":{"0":"post-394400","1":"post","2":"type-post","3":"status-publish","4":"format-standard","5":"has-post-thumbnail","7":"category-bordeaux","8":"tag-17","9":"tag-actu","10":"tag-actualites","11":"tag-bordeaux","12":"tag-conferences","13":"tag-eu","14":"tag-europe","15":"tag-exposants","16":"tag-fr","17":"tag-france","18":"tag-innovation","19":"tag-news","20":"tag-nouvelle-aquitaine","21":"tag-preventica","22":"tag-qualite-de-vie-au-travail","23":"tag-republique-francaise","24":"tag-salon","25":"tag-sante","26":"tag-securite"},"share_on_mastodon":{"url":"https:\/\/pubeurope.com\/@fr\/115212532287632221","error":""},"_links":{"self":[{"href":"https:\/\/www.europesays.com\/fr\/wp-json\/wp\/v2\/posts\/394400","targetHints":{"allow":["GET"]}}],"collection":[{"href":"https:\/\/www.europesays.com\/fr\/wp-json\/wp\/v2\/posts"}],"about":[{"href":"https:\/\/www.europesays.com\/fr\/wp-json\/wp\/v2\/types\/post"}],"author":[{"embeddable":true,"href":"https:\/\/www.europesays.com\/fr\/wp-json\/wp\/v2\/users\/2"}],"replies":[{"embeddable":true,"href":"https:\/\/www.europesays.com\/fr\/wp-json\/wp\/v2\/comments?post=394400"}],"version-history":[{"count":0,"href":"https:\/\/www.europesays.com\/fr\/wp-json\/wp\/v2\/posts\/394400\/revisions"}],"wp:featuredmedia":[{"embeddable":true,"href":"https:\/\/www.europesays.com\/fr\/wp-json\/wp\/v2\/media\/394401"}],"wp:attachment":[{"href":"https:\/\/www.europesays.com\/fr\/wp-json\/wp\/v2\/media?parent=394400"}],"wp:term":[{"taxonomy":"category","embeddable":true,"href":"https:\/\/www.europesays.com\/fr\/wp-json\/wp\/v2\/categories?post=394400"},{"taxonomy":"post_tag","embeddable":true,"href":"https:\/\/www.europesays.com\/fr\/wp-json\/wp\/v2\/tags?post=394400"}],"curies":[{"name":"wp","href":"https:\/\/api.w.org\/{rel}","templated":true}]}}