{"id":394406,"date":"2025-09-16T06:24:19","date_gmt":"2025-09-16T06:24:19","guid":{"rendered":"https:\/\/www.europesays.com\/fr\/394406\/"},"modified":"2025-09-16T06:24:19","modified_gmt":"2025-09-16T06:24:19","slug":"on-connait-larbitre-designe-pour-le-derby-rc-lens-lille","status":"publish","type":"post","link":"https:\/\/www.europesays.com\/fr\/394406\/","title":{"rendered":"On connait l&rsquo;arbitre d\u00e9sign\u00e9 pour le derby RC Lens-Lille"},"content":{"rendered":"<p>C\u2019est <strong>Eric Wattellier<\/strong> qui arbitrera le derby <strong>RC Lens-Lille<\/strong> de ce samedi soir, dans le cadre de la 5e journ\u00e9e de Ligue 1. Il est \u00e2g\u00e9 de 38 ans.<\/p>\n<p>Il sera assist\u00e9 de Brice Parinet Le Tellier et de Gwena\u00ebl Pasqualotti alors que Pierre Gaillouste sera le 4e arbitre. Willy Delajod et Victoria Beyer auront la responsabilit\u00e9 de la vid\u00e9o.<\/p>\n<p>Arbitre d\u2019un dernier RC Lens-OM au d\u00e9nouement m\u00e9morable<\/p>\n<p><img loading=\"lazy\" decoding=\"async\" class=\"size-medium wp-image-214102 aligncenter lazyload\" alt=\"\" width=\"600\" height=\"400\" src=\"https:\/\/www.europesays.com\/fr\/wp-content\/uploads\/2025\/09\/Eric_Wattellier-600x400.jpg\"  data- data-eio-rwidth=\"600\" data-eio-rheight=\"400\"\/><\/p>\n<p><strong>Eric Wattellier<\/strong> a arbitr\u00e9 deux rencontres de Ligue 1 cette saison, d\u00e9gainant 3 cartons jaunes. Le dernier match du<strong> RC Lens<\/strong> au cours duquel il a offici\u00e9 dans le centre remonte au 23 novembre 2024. Le Racing s\u2019\u00e9tait inclin\u00e9 3-1 \u00e0 Bollaert contre Marseille. Un match dont le d\u00e9nouement avait \u00e9t\u00e9 confus. Alors que l\u2019on croyait \u00e0 une \u00e9galisation \u00e0 2-2 du <strong>RC Lens<\/strong> sur une r\u00e9alisation de <strong>R\u00e9my Labeau-Lascary<\/strong>, le but avait finalement \u00e9t\u00e9 annul\u00e9 pour revenir sur une faute d\u2019<strong>Angelo Fulgini<\/strong> devant la surface de Brice Samba. L\u2019OM en avait profit\u00e9 pour tripler la mise par<strong> Pierre-Emile Hojbjerg<\/strong>. <a href=\"https:\/\/www.lensois.com\/video-la-direction-de-larbitrage-justifie-lannulation-du-but-egalisateur-du-rc-lens-face-a-lom\/\" target=\"_blank\" rel=\"noopener nofollow\">La direction de l\u2019arbitrage avait confort\u00e9 apr\u00e8s coup la d\u00e9cision d\u2019Eric Wattellier.<\/a><\/p>\n","protected":false},"excerpt":{"rendered":"C\u2019est Eric Wattellier qui arbitrera le derby RC Lens-Lille de ce samedi soir, dans le cadre de la&hellip;\n","protected":false},"author":2,"featured_media":394407,"comment_status":"","ping_status":"","sticky":false,"template":"","format":"standard","meta":{"footnotes":""},"categories":[2815],"tags":[1111,11,1777,674,1011,27,811,1307,12,25],"class_list":{"0":"post-394406","1":"post","2":"type-post","3":"status-publish","4":"format-standard","5":"has-post-thumbnail","7":"category-lille","8":"tag-actu","9":"tag-actualites","10":"tag-eu","11":"tag-europe","12":"tag-fr","13":"tag-france","14":"tag-hauts-de-france","15":"tag-lille","16":"tag-news","17":"tag-republique-francaise"},"share_on_mastodon":{"url":"https:\/\/pubeurope.com\/@fr\/115212547752667025","error":""},"_links":{"self":[{"href":"https:\/\/www.europesays.com\/fr\/wp-json\/wp\/v2\/posts\/394406","targetHints":{"allow":["GET"]}}],"collection":[{"href":"https:\/\/www.europesays.com\/fr\/wp-json\/wp\/v2\/posts"}],"about":[{"href":"https:\/\/www.europesays.com\/fr\/wp-json\/wp\/v2\/types\/post"}],"author":[{"embeddable":true,"href":"https:\/\/www.europesays.com\/fr\/wp-json\/wp\/v2\/users\/2"}],"replies":[{"embeddable":true,"href":"https:\/\/www.europesays.com\/fr\/wp-json\/wp\/v2\/comments?post=394406"}],"version-history":[{"count":0,"href":"https:\/\/www.europesays.com\/fr\/wp-json\/wp\/v2\/posts\/394406\/revisions"}],"wp:featuredmedia":[{"embeddable":true,"href":"https:\/\/www.europesays.com\/fr\/wp-json\/wp\/v2\/media\/394407"}],"wp:attachment":[{"href":"https:\/\/www.europesays.com\/fr\/wp-json\/wp\/v2\/media?parent=394406"}],"wp:term":[{"taxonomy":"category","embeddable":true,"href":"https:\/\/www.europesays.com\/fr\/wp-json\/wp\/v2\/categories?post=394406"},{"taxonomy":"post_tag","embeddable":true,"href":"https:\/\/www.europesays.com\/fr\/wp-json\/wp\/v2\/tags?post=394406"}],"curies":[{"name":"wp","href":"https:\/\/api.w.org\/{rel}","templated":true}]}}