{"id":394434,"date":"2025-09-16T06:40:14","date_gmt":"2025-09-16T06:40:14","guid":{"rendered":"https:\/\/www.europesays.com\/fr\/394434\/"},"modified":"2025-09-16T06:40:14","modified_gmt":"2025-09-16T06:40:14","slug":"bientot-une-baisse-des-prix","status":"publish","type":"post","link":"https:\/\/www.europesays.com\/fr\/394434\/","title":{"rendered":"bient\u00f4t une baisse des prix ?"},"content":{"rendered":"<p><a href=\"https:\/\/cdn.automobile-propre.com\/uploads\/2025\/09\/Xpeng-G9-EU.webp\" class=\"gallery-image\" rel=\"nofollow noopener\" target=\"_blank\"><img alt=\"Xpeng G9 Production Europe\" data-content=\"image\" fetchpriority=\"high\" width=\"1200\" height=\"800\" decoding=\"async\" data-nimg=\"1\" class=\"max-w-full rounded-xl\" style=\"color:transparent\"  src=\"https:\/\/www.europesays.com\/fr\/wp-content\/uploads\/2025\/09\/Xpeng-G9-EU.webp.jpeg\"\/><\/a><\/p>\n<p class=\"font-display text-xl font-semibold leading-7 md:text-2xl md:leading-8\" data-content=\"paragraph\" data-block=\"chapo\">Avec le d\u00e9marrage de sa production en Europe, Xpeng compte s\u2019affranchir des taxes auxquelles sont soumises ses voitures \u00e9lectriques depuis plus d\u2019un an. Mais il y a une mauvaise nouvelle pour le bonus \u00e9cologique.<\/p>\n<p class=\"block-paragraph font-body text-foreground-text-primary mb-3 text-base leading-6 md:text-lg md:leading-7\" data-content=\"paragraph\" data-block=\"paragraph\">Apr\u00e8s un accueil positif et de bons d\u00e9buts dans plusieurs pays (plus de 8000 ventes sur le premier semestre 2025), Xpeng <a href=\"https:\/\/www.automobile-propre.com\/articles\/jackie-qiang-xpeng-lobjectif-est-detre-la-premiere-marque-premium-chinoise-de-voitures-electriques\/\" rel=\"nofollow noopener\" target=\"_blank\">continue son d\u00e9ploiement<\/a> en Europe. De nouveaux mod\u00e8les ont ainsi \u00e9t\u00e9 confirm\u00e9s, comme la P7+, la <a href=\"https:\/\/www.automobile-propre.com\/breves\/cette-berline-electrique-chinoise-arrive-en-europe-la-tesla-model-3-a-vraiment-du-souci-a-se-faire\/\" rel=\"nofollow noopener\" target=\"_blank\">berline compacte Mona M03<\/a> ou <a href=\"https:\/\/www.automobile-propre.com\/articles\/xpeng-prepare-larrivee-du-monospace-electrique-x9-en-europe\/\" rel=\"nofollow noopener\" target=\"_blank\">le monospace X9<\/a>. Et pour renforcer son attractivit\u00e9, le constructeur chinois vient de d\u00e9marrer la production de deux mod\u00e8les sur le sol europ\u00e9en.<\/p>\n<p><a data-block=\"readMoreBlock\" data-content=\"paragraph\" href=\"https:\/\/www.automobile-propre.com\/articles\/iaa-munich-2025-xpeng-p7-cest-officiel-elle-arrive-debut-2026-en-france\/\" class=\"group relative mb-5 flex flex-col rounded-lg\" rel=\"nofollow noopener\" target=\"_blank\">\u00c0 lire aussi<img alt=\"\" loading=\"lazy\" width=\"156\" height=\"97\" decoding=\"async\" data-nimg=\"1\" class=\"aspect-[16\/10] object-cover max-h-[78px] min-h-[78px] w-full min-w-[126px] max-w-[126px] md:max-h-[97px] md:min-h-[97px] md:min-w-[156px] md:max-w-[156px] rounded-lg\" style=\"color:transparent\"  src=\"https:\/\/www.europesays.com\/fr\/wp-content\/uploads\/2025\/09\/1758004813_980_\"\/>IAA Munich 2025 \u2013 Xpeng P7+ : c\u2019est officiel, elle arrive d\u00e9but 2026 en France<\/a><\/p>\n<p class=\"block-paragraph font-body text-foreground-text-primary mb-3 text-base leading-6 md:text-lg md:leading-7\" data-content=\"paragraph\" data-block=\"paragraph\">C\u2019est en Autriche que les SUV G6 et G9 sont d\u00e9sormais assembl\u00e9s. Xpeng fait appel <a href=\"https:\/\/www.automobile-propre.com\/breves\/des-voitures-electriques-chinoises-seront-peut-etre-bientot-fabriquees-dans-lancienne-usine-de-fisker\/\" rel=\"nofollow noopener\" target=\"_blank\">aux services de Magna Steyr \u00e0 Graz<\/a>. Ce qui lui \u00e9vite pour le moment de d\u00e9penser plusieurs centaines de millions pour implanter sa propre usine. Du c\u00f4t\u00e9 de la filiale de l\u2019\u00e9quipementier canadien, ces deux nouveaux v\u00e9hicules sont les bienvenus apr\u00e8s l\u2019arr\u00eat de la production des Jaguar I-Pace et Fisker Ocean, et \u00e0 l\u2019approche de la fin de carri\u00e8re des BMW Z4 et Toyota Supra. La production de l\u2019usine a d\u00e9j\u00e0 chut\u00e9 de 105 000 voitures en 2023 \u00e0 seulement 71 900 en 2024.<\/p>\n<p class=\"block-paragraph font-body text-foreground-text-primary mb-3 text-base leading-6 md:text-lg md:leading-7\" data-content=\"paragraph\" data-block=\"paragraph\">Cette production sous contrat permet \u00e0 Xpeng d\u2019\u00e9chapper aux 21,3 % de surtaxes impos\u00e9es par l\u2019Union europ\u00e9enne. Ce qui devrait grandement aider le constructeur \u00e0 am\u00e9liorer la rentabilit\u00e9 de ses op\u00e9rations sur le Vieux Continent. Peut-\u00eatre qu\u2019il en profitera aussi pour baisser ses prix.<\/p>\n<p class=\"block-paragraph font-body text-foreground-text-primary mb-3 text-base leading-6 md:text-lg md:leading-7\" data-content=\"paragraph\" data-block=\"paragraph\">N\u00e9anmoins, le contenu reste fortement chinois, car toutes les pi\u00e8ces sont import\u00e9es de Chine, selon le principe de production du SKD (Semi Knocked Down). Magna aura sans doute \u00e0 c\u0153ur de mettre ses capacit\u00e9s d\u2019\u00e9quipementier \u00e0 disposition de son partenaire pour produire des composants sur place.<\/p>\n<p class=\"block-paragraph font-body text-foreground-text-primary mb-3 text-base leading-6 md:text-lg md:leading-7\" data-content=\"paragraph\" data-block=\"paragraph\">Cons\u00e9quence : avec ce type de production, Xpeng ne peut r\u00e9ussir l\u2019\u00e9tape de l\u2019\u00e9co-score fran\u00e7ais et permettre \u00e0 ses clients d\u2019avoir une prime CEE (le nouveau bonus).<\/p>\n<p><a data-src=\"https:\/\/cdn.automobile-propre.com\/uploads\/2025\/09\/Xpeng-Magna-EU.webp\" data-sub-html=\"Production Xpeng chez Magna Steyr\" data-width=\"1200\" class=\"gallery-image flex flex-col gap-1\"><img alt=\"Production Xpeng chez Magna Steyr\" aria-description=\"Production Xpeng chez Magna Steyr\" loading=\"lazy\" width=\"1200\" height=\"752\" decoding=\"async\" data-nimg=\"1\" class=\"w-full max-w-full rounded-xl\" style=\"color:transparent\"  src=\"https:\/\/www.europesays.com\/fr\/wp-content\/uploads\/2025\/09\/Xpeng-Magna-EU.webp.jpeg\"\/><\/a>Production Xpeng chez Magna Steyr<\/p>\n<p class=\"mb-2 font-display text-sm font-semibold text-foreground-text-tertiary\">La suite de votre contenu apr\u00e8s cette annonce<\/p>\n<p class=\"mb-2 font-display text-sm font-semibold text-foreground-text-tertiary\">La suite de votre contenu apr\u00e8s cette annonce<\/p>\n","protected":false},"excerpt":{"rendered":"Avec le d\u00e9marrage de sa production en Europe, Xpeng compte s\u2019affranchir des taxes auxquelles sont soumises ses voitures&hellip;\n","protected":false},"author":2,"featured_media":394435,"comment_status":"","ping_status":"","sticky":false,"template":"","format":"standard","meta":{"footnotes":""},"categories":[1586],"tags":[11,1777,674,1011,27,12,25],"class_list":{"0":"post-394434","1":"post","2":"type-post","3":"status-publish","4":"format-standard","5":"has-post-thumbnail","7":"category-europe","8":"tag-actualites","9":"tag-eu","10":"tag-europe","11":"tag-fr","12":"tag-france","13":"tag-news","14":"tag-republique-francaise"},"share_on_mastodon":{"url":"https:\/\/pubeurope.com\/@fr\/115212610911989508","error":""},"_links":{"self":[{"href":"https:\/\/www.europesays.com\/fr\/wp-json\/wp\/v2\/posts\/394434","targetHints":{"allow":["GET"]}}],"collection":[{"href":"https:\/\/www.europesays.com\/fr\/wp-json\/wp\/v2\/posts"}],"about":[{"href":"https:\/\/www.europesays.com\/fr\/wp-json\/wp\/v2\/types\/post"}],"author":[{"embeddable":true,"href":"https:\/\/www.europesays.com\/fr\/wp-json\/wp\/v2\/users\/2"}],"replies":[{"embeddable":true,"href":"https:\/\/www.europesays.com\/fr\/wp-json\/wp\/v2\/comments?post=394434"}],"version-history":[{"count":0,"href":"https:\/\/www.europesays.com\/fr\/wp-json\/wp\/v2\/posts\/394434\/revisions"}],"wp:featuredmedia":[{"embeddable":true,"href":"https:\/\/www.europesays.com\/fr\/wp-json\/wp\/v2\/media\/394435"}],"wp:attachment":[{"href":"https:\/\/www.europesays.com\/fr\/wp-json\/wp\/v2\/media?parent=394434"}],"wp:term":[{"taxonomy":"category","embeddable":true,"href":"https:\/\/www.europesays.com\/fr\/wp-json\/wp\/v2\/categories?post=394434"},{"taxonomy":"post_tag","embeddable":true,"href":"https:\/\/www.europesays.com\/fr\/wp-json\/wp\/v2\/tags?post=394434"}],"curies":[{"name":"wp","href":"https:\/\/api.w.org\/{rel}","templated":true}]}}