{"id":39444,"date":"2025-04-20T17:50:07","date_gmt":"2025-04-20T17:50:07","guid":{"rendered":"https:\/\/www.europesays.com\/fr\/39444\/"},"modified":"2025-04-20T17:50:07","modified_gmt":"2025-04-20T17:50:07","slug":"il-ejecte-son-ex-conjointe-du-siege-passager-de-la-voiture-en-pleine-rue-un-homme-defere","status":"publish","type":"post","link":"https:\/\/www.europesays.com\/fr\/39444\/","title":{"rendered":"il \u00e9jecte son ex-conjointe du si\u00e8ge passager de la voiture en pleine rue, un homme d\u00e9f\u00e9r\u00e9"},"content":{"rendered":"<p>            Par<br \/>\n        <strong><br \/>\n            <a href=\"https:\/\/actu.fr\/auteur\/redaction-paris\" title=\"Consulter tous les articles de R\u00e9daction Paris\" target=\"_blank\" rel=\"noopener\">R\u00e9daction Paris<\/a><br \/>\n        <\/strong><\/p>\n<p>        Publi\u00e9 le<\/p>\n<p>            20 avr. 2025 \u00e0 17h23        <\/p>\n<p>Un acte qualifi\u00e9 de \u00ab\u00a0violence aggrav\u00e9e\u00a0\u00bb. Dans la nuit du vendredi 18 au samedi 19 avril 2025, une <strong>femme a \u00e9t\u00e9 \u00e9ject\u00e9e du si\u00e8ge passager d\u2019un v\u00e9hicule<\/strong> conduit par son ex-compagnon \u00e0 <a href=\"https:\/\/actu.fr\/ile-de-france\/creteil_94028\" target=\"_blank\" rel=\"noopener\">Cr\u00e9teil<\/a> (Val-de-Marne), a appris <a href=\"https:\/\/actu.fr\/paris\/\" target=\"_blank\" rel=\"noopener\">actu Paris<\/a> aupr\u00e8s du parquet de Cr\u00e9teil. Le minist\u00e8re public nous informe que le principal suspect a \u00e9t\u00e9 <strong>d\u00e9f\u00e9r\u00e9<\/strong> ce dimanche 20 avril en vue d\u2019un placement sous contr\u00f4le judiciaire.\u00a0<\/p>\n<p>Arr\u00eat\u00e9 dans le Val-d\u2019Oise<\/p>\n<p class=\" wall-content\">D\u2019apr\u00e8s Le Parisien, les faits auraient eu lieu vers 23 heures. Les t\u00e9moins auraient indiqu\u00e9 aux policiers qu\u2019une femme a \u00e9t\u00e9 retrouv\u00e9e <strong>bless\u00e9e \u00e0 plusieurs endroits du corps<\/strong> apr\u00e8s avoir \u00e9t\u00e9 pouss\u00e9e de la voiture par le conducteur. Transport\u00e9e \u00e0 l\u2019h\u00f4pital, la victime n\u2019aurait <strong>pas de pronostic vital engag\u00e9<\/strong>. De son c\u00f4t\u00e9, le conducteur aurait \u00e9t\u00e9 arr\u00eat\u00e9 \u00e0 <a href=\"https:\/\/actu.fr\/ile-de-france\/taverny_95607\" target=\"_blank\" rel=\"noopener\">Taverny<\/a>, dans le nord du Val-d\u2019Oise, rapporte le quotidien, \u00e0 la suite d\u2019\u00e9l\u00e9ments donn\u00e9s par son ancienne conjointes. Des \u00e9l\u00e9ments que ne confirment pas le parquet.\u00a0<\/p>\n<p class=\" wall-content\">L\u2019enqu\u00eate pour violence aggrav\u00e9e devrait \u00e9claircir les circonstances de cet acte. Le d\u00e9lit est passible de cinq ans d\u2019emprisonnement et 75 000 euros d\u2019amende.\u00a0<\/p>\n<p class=\" wall-content\">Suivez toute l\u2019actualit\u00e9 de vos villes et m\u00e9dias favoris en vous inscrivant \u00e0 <a href=\"https:\/\/moncompte.actu.fr\" title=\"D\u00e9couvez Mon Actu\" rel=\"nofollow noopener\" data-trk=\"{&quot;cta&quot;:{&quot;action&quot;:&quot;https:\\\/\\\/moncompte.actu.fr&quot;,&quot;category&quot;:&quot;mon compte&quot;,&quot;from&quot;:&quot;article footer&quot;,&quot;name&quot;:&quot;Mon actu&quot;,&quot;type&quot;:&quot;cta&quot;}}\" target=\"_blank\">Mon Actu<\/a>.<\/p>\n","protected":false},"excerpt":{"rendered":"Par R\u00e9daction Paris Publi\u00e9 le 20 avr. 2025 \u00e0 17h23 Un acte qualifi\u00e9 de \u00ab\u00a0violence aggrav\u00e9e\u00a0\u00bb. Dans la&hellip;\n","protected":false},"author":2,"featured_media":39445,"comment_status":"","ping_status":"","sticky":false,"template":"","format":"standard","meta":{"footnotes":""},"categories":[1888],"tags":[11,1777,674,118,1011,27,12,626,25,4310],"class_list":{"0":"post-39444","1":"post","2":"type-post","3":"status-publish","4":"format-standard","5":"has-post-thumbnail","7":"category-paris","8":"tag-actualites","9":"tag-eu","10":"tag-europe","11":"tag-faits-divers","12":"tag-fr","13":"tag-france","14":"tag-news","15":"tag-paris","16":"tag-republique-francaise","17":"tag-tribunal-de-creteil"},"share_on_mastodon":{"url":"https:\/\/pubeurope.com\/@fr\/114371561023601881","error":""},"_links":{"self":[{"href":"https:\/\/www.europesays.com\/fr\/wp-json\/wp\/v2\/posts\/39444","targetHints":{"allow":["GET"]}}],"collection":[{"href":"https:\/\/www.europesays.com\/fr\/wp-json\/wp\/v2\/posts"}],"about":[{"href":"https:\/\/www.europesays.com\/fr\/wp-json\/wp\/v2\/types\/post"}],"author":[{"embeddable":true,"href":"https:\/\/www.europesays.com\/fr\/wp-json\/wp\/v2\/users\/2"}],"replies":[{"embeddable":true,"href":"https:\/\/www.europesays.com\/fr\/wp-json\/wp\/v2\/comments?post=39444"}],"version-history":[{"count":0,"href":"https:\/\/www.europesays.com\/fr\/wp-json\/wp\/v2\/posts\/39444\/revisions"}],"wp:featuredmedia":[{"embeddable":true,"href":"https:\/\/www.europesays.com\/fr\/wp-json\/wp\/v2\/media\/39445"}],"wp:attachment":[{"href":"https:\/\/www.europesays.com\/fr\/wp-json\/wp\/v2\/media?parent=39444"}],"wp:term":[{"taxonomy":"category","embeddable":true,"href":"https:\/\/www.europesays.com\/fr\/wp-json\/wp\/v2\/categories?post=39444"},{"taxonomy":"post_tag","embeddable":true,"href":"https:\/\/www.europesays.com\/fr\/wp-json\/wp\/v2\/tags?post=39444"}],"curies":[{"name":"wp","href":"https:\/\/api.w.org\/{rel}","templated":true}]}}