{"id":394478,"date":"2025-09-16T07:08:12","date_gmt":"2025-09-16T07:08:12","guid":{"rendered":"https:\/\/www.europesays.com\/fr\/394478\/"},"modified":"2025-09-16T07:08:12","modified_gmt":"2025-09-16T07:08:12","slug":"des-aujourdhui-attention-a-la-chaleur-qui-revient-comment-eviter-les-coups-de-chaud-apres-ce-debut-de-mois-frais","status":"publish","type":"post","link":"https:\/\/www.europesays.com\/fr\/394478\/","title":{"rendered":"D\u00e8s aujourd\u2019hui, attention \u00e0 la chaleur qui revient : comment \u00e9viter les coups de chaud apr\u00e8s ce d\u00e9but de mois frais"},"content":{"rendered":"<p>Apr\u00e8s un d\u00e9but septembre marqu\u00e9 par la fra\u00eecheur et la pluie, de nombreux Fran\u00e7ais profitent enfin d&rsquo;une m\u00e9t\u00e9o plus cl\u00e9mente. Pourtant, le retour d&rsquo;une fin d&rsquo;\u00e9t\u00e9 aux <strong>temp\u00e9ratures soudainement estivales<\/strong> peut surprendre, m\u00eame en pleine rentr\u00e9e. Ce ph\u00e9nom\u00e8ne, bien connu sous nos latitudes, rend la vigilance indispensable : en France, une chaleur tardive peut s&rsquo;av\u00e9rer <strong>plus risqu\u00e9e qu&rsquo;au c\u0153ur de juillet<\/strong>. Les risques de coups de chaud \u2013 chez soi, en voiture, lors d&rsquo;une promenade ou m\u00eame \u00e0 la maison \u2013 augmentent tout autant que la tentation de d\u00e9laisser les r\u00e9flexes d&rsquo;\u00e9t\u00e9. <strong>Pourquoi ces \u00e9pisodes sont-ils si tra\u00eetres ? Quels sont les gestes \u00e0 ne pas oublier ?<\/strong> Tour d&rsquo;horizon pour affronter ce retour du soleil\u2026 sans en payer le prix fort.<\/p>\n<p> Voici pourquoi la chaleur peut surprendre alors qu&rsquo;on s&rsquo;y attend le moins<\/p>\n<p>Il suffit parfois d&rsquo;un rayon de soleil un peu plus insistant, d&rsquo;un week-end ensoleill\u00e9 ou d&rsquo;une mont\u00e9e du mercure inhabituelle pour bousculer la routine de septembre. En ce moment, la m\u00e9t\u00e9o r\u00e9serve \u00e0 la France un <strong>regain de chaleur<\/strong> digne des meilleures journ\u00e9es d&rsquo;\u00e9t\u00e9. Pourtant, apr\u00e8s une s\u00e9quence pluvieuse et des temp\u00e9ratures logiquement automnales, nos organismes ne sont plus pr\u00e9par\u00e9s. R\u00e9sultat : des coups de chaud plus sournois et parfois aussi plus graves.<\/p>\n<p>Se m\u00e9fier des premiers rayons : le corps n&rsquo;est plus habitu\u00e9<\/p>\n<p>Au fil du mois de septembre, la temp\u00e9rature moyenne chute d&rsquo;environ 3\u00b0C \u2013 passant de 19\u00b0C \u00e0 16\u00b0C en quelques semaines. Apr\u00e8s plusieurs jours sous la pluie, notre organisme s&rsquo;est adapt\u00e9 \u00e0 la fra\u00eecheur. Mais <strong>un <a href=\"https:\/\/journaldesseniors.20minutes.fr\/actualite\/canicule-extreme-pourquoi-la-chaleur-va-battre-tous-les-records-dans-ces-grandes-villes-des-aujourdhui-etes-vous-concerne\/\" target=\"_blank\" rel=\"nofollow noopener\">pic de chaleur<\/a> soudain<\/strong>, surtout apr\u00e8s une p\u00e9riode de temps frais et humide, met le corps \u00e0 rude \u00e9preuve : il transpire moins efficacement, r\u00e9gule moins bien la temp\u00e9rature et les automatismes de l&rsquo;\u00e9t\u00e9 (hydratation, chapeau, fermeture des volets) sont vite oubli\u00e9s. Ceci explique pourquoi un apr\u00e8s-midi \u00e0 29\u00b0C, v\u00e9cu en septembre, fatigue bien plus que la m\u00eame chaleur en juillet.<\/p>\n<p> Pourquoi une chaleur tardive est plus tra\u00eetresse<\/p>\n<p>Le pi\u00e8ge ? <strong>L&rsquo;anticipation<\/strong>. Personne ne s&rsquo;attend \u00e0 des chaleurs intenses \u00e0 la mi-septembre, surtout apr\u00e8s un \u00e9pisode de pluie persistante. R\u00e9sultat : on sort sans eau, on arpente les march\u00e9s ou les vide-greniers sans se m\u00e9fier, on bricole chez soi avec les fen\u00eatres ferm\u00e9es, pensant que la saison chaude est derri\u00e8re nous. Pourtant, le soleil tape aussi fort, et l&rsquo;effet de four sur l&rsquo;habitat ou l&rsquo;habitacle d&rsquo;une voiture reste identique\u2026 voire pire si l&rsquo;on n&rsquo;a pas pris ses pr\u00e9cautions.<\/p>\n<p> Les signaux d&rsquo;alarme que vous envoie votre organisme<\/p>\n<p>D\u00e8s les premiers signes de <strong>fatigue inexpliqu\u00e9e<\/strong>, <strong>maux de t\u00eate<\/strong>, <strong>soif inhabituelle<\/strong>, <strong>bouche s\u00e8che<\/strong>, <strong>naus\u00e9es<\/strong> et <strong>crampes<\/strong> musculaires, attention ! Ces sympt\u00f4mes annoncent souvent un d\u00e9but de d\u00e9shydratation ou un coup de chaleur classique. Tr\u00e8s vite, des <strong>vertiges<\/strong> ou un \u00e9tat confusionnel peuvent appara\u00eetre, notamment chez les enfants, seniors et personnes fragiles. En France, ces signaux ne doivent jamais \u00eatre minimis\u00e9s durant cette p\u00e9riode de transition climatique.<\/p>\n<p> Les erreurs classiques \u00e0 \u00e9viter en septembre<\/p>\n<p>Parmi les pi\u00e8ges les plus courants : <strong>n\u00e9gliger l&rsquo;hydratation<\/strong>, oublier de rafra\u00eechir la maison, croire qu&rsquo;un t-shirt suffit sous le soleil de 16 heures \u2013 car \u00ab\u00a0ce n&rsquo;est plus l&rsquo;\u00e9t\u00e9\u00a0\u00bb. Le port de v\u00eatements trop sombres ou trop \u00e9pais, l&rsquo;abus d&rsquo;aliments riches en sel ou en sucres, ou la consommation excessive de boissons alcoolis\u00e9es aggravent les risques. Autre erreur typique : sous-estimer l&rsquo;effet d&rsquo;accumulation de chaleur dans un logement mal ventil\u00e9 \u2013 <strong>attention aux chambres sous les toits<\/strong> ou aux v\u00e9randas transform\u00e9es en serre l&rsquo;apr\u00e8s-midi.<\/p>\n<p> Petits gestes et grands r\u00e9flexes pour \u00e9viter tout coup de chaud<\/p>\n<p>L&rsquo;exp\u00e9rience l&rsquo;a d\u00e9j\u00e0 montr\u00e9 ces derni\u00e8res ann\u00e9es : la <strong>diff\u00e9rence se joue souvent dans les d\u00e9tails<\/strong>. Adopter quelques r\u00e9flexes simples peut suffire \u00e0 traverser une vague de chaleur sans encombre, m\u00eame en septembre o\u00f9 l&rsquo;on baisse volontiers la garde.<\/p>\n<p>Adapter sa routine du matin au soir : ce qui change tout<\/p>\n<p>D\u00e8s le lever, <strong>a\u00e9rer largement<\/strong> son logement tant que la temp\u00e9rature ext\u00e9rieure est fra\u00eeche, puis refermer volets et fen\u00eatres d\u00e8s que le soleil grimpe. Reporter les t\u00e2ches physiques \u00e0 la matin\u00e9e, \u00e9viter les sorties non urgentes aux heures les plus chaudes (entre 12h et 17h). Le soir, rouvrir en grand pour chasser la chaleur accumul\u00e9e. En d\u00e9placement : privil\u00e9gier les trajets matinaux ou en fin de journ\u00e9e, et <strong>suspendre tout effort sportif<\/strong> en cas de forte chaleur. C\u00f4t\u00e9 v\u00e9hicule, ne jamais laisser quiconque \u2013 ou un animal \u2013 dans une voiture stationn\u00e9e, m\u00eame en pensant que le soleil est moins intense.<\/p>\n<p>Boissons, v\u00eatements, alimentation : les bons choix qui font la diff\u00e9rence<\/p>\n<p>Boire r\u00e9guli\u00e8rement, m\u00eame sans soif, est la r\u00e8gle d&rsquo;or. Privil\u00e9gier l&rsquo;eau, les boissons faiblement sucr\u00e9es, et limiter l&rsquo;alcool ou les boissons caf\u00e9in\u00e9es. Pr\u00e9f\u00e9rer des repas l\u00e9gers, riches en fruits et l\u00e9gumes (melon, past\u00e8que, tomate\u2026) qui contribuent \u00e0 l&rsquo;hydratation. C\u00f4t\u00e9 habillage, choisir des <strong>v\u00eatements clairs, larges et l\u00e9gers<\/strong>, ainsi qu&rsquo;un chapeau ou une casquette. Les mati\u00e8res naturelles \u2013 comme le coton ou le lin \u2013 sont id\u00e9ales. Pour les plus petits et les personnes \u00e2g\u00e9es, <strong>surveiller attentivement la consommation d&rsquo;eau<\/strong> et adapter l&rsquo;assiette en cons\u00e9quence.<\/p>\n<p>Savoir rafra\u00eechir son logement : astuces vraiment efficaces<\/p>\n<p>En r\u00e9gion urbaine ou \u00e0 la campagne, ouvrir la nuit et t\u00f4t le matin, isoler les fen\u00eatres expos\u00e9es au soleil d\u00e8s 9h avec volets, stores ou rideaux. Limiter l&rsquo;usage des appareils \u00e9lectriques (four, plaques, lampes inutiles) qui g\u00e9n\u00e8rent de la chaleur int\u00e9rieure. Placer un linge mouill\u00e9 devant les ouvertures aide \u00e0 <strong>humidifier et rafra\u00eechir l&rsquo;air ambiant<\/strong>. Enfin, utiliser des plantes vertes, qui cr\u00e9ent un microclimat apaisant, et ne jamais laisser le ventilateur tourner dans une pi\u00e8ce ferm\u00e9e et surchauff\u00e9e.<\/p>\n<p>Au moindre doute, savoir r\u00e9agir vite pour sa sant\u00e9<\/p>\n<p>Face \u00e0 un malaise ou aux premiers sympt\u00f4mes, il ne suffit pas d&rsquo;attendre que \u00ab\u00a0\u00e7a passe\u00a0\u00bb. Particuli\u00e8rement en septembre, il faut agir sans d\u00e9lai.<\/p>\n<p> Reconna\u00eetre un coup de chaleur chez soi ou chez un proche<\/p>\n<p>Le <strong>coup de chaleur<\/strong> (ou insolation) se manifeste d&rsquo;abord par une impression de fi\u00e8vre ou de peau tr\u00e8s chaude, une transpiration inhabituelle (parfois stopp\u00e9e), des maux de t\u00eate, une forte fatigue, une rougeur marqu\u00e9e du visage. La vigilance est de mise si ces signes surviennent alors que la personne reste expos\u00e9e au soleil, marche ou travaille dehors, ou s&rsquo;isole dans une pi\u00e8ce peu ventil\u00e9e.<\/p>\n<p> Les r\u00e9flexes imm\u00e9diats qui peuvent tout changer<\/p>\n<p>D\u00e8s le moindre doute : <strong>mettre la personne \u00e0 l&rsquo;ombre ou dans un lieu frais<\/strong>, \u00f4ter les v\u00eatements superflus, lui donner \u00e0 boire (par petites quantit\u00e9s) si elle est consciente, rafra\u00eechir son visage et ses membres avec un linge humide, et surveiller l&rsquo;\u00e9volution de son \u00e9tat. Si la personne est confuse, pr\u00e9sente des troubles de la conscience ou des convulsions, <strong>agir sans attendre<\/strong> : l&rsquo;allonger, la rafra\u00eechir et appeler les secours imm\u00e9diatement.<\/p>\n<p>Qui alerter et quand consulter : mieux vaut pr\u00e9venir que gu\u00e9rir<\/p>\n<p>Au moindre trouble neurologique (confusion, perte de connaissance, propos incoh\u00e9rents) ou respiratoire, composer imm\u00e9diatement le 15 ou le 112. Pour les personnes \u00e0 risque (nourrissons, personnes isol\u00e9es ou \u00e2g\u00e9es, personnes atteintes de maladies chroniques), il convient de <strong>ne jamais h\u00e9siter \u00e0 consulter le m\u00e9decin traitant<\/strong>, surtout si les sympt\u00f4mes persistent plus d&rsquo;une heure malgr\u00e9 les premiers gestes. Anticiper et pr\u00e9venir reste la meilleure des protections : prendre r\u00e9guli\u00e8rement des nouvelles de ses proches, proposer de l&rsquo;aide ou un lieu au frais si besoin.<\/p>\n<p>Le retour des fortes temp\u00e9ratures n&rsquo;attend pas : adoptez tout de suite ces astuces pour vivre la fin d&rsquo;\u00e9t\u00e9 sans encombre !<\/p>\n<p>La m\u00e9t\u00e9o fran\u00e7aise aime les rebondissements et septembre 2025 ne d\u00e9roge pas \u00e0 la r\u00e8gle : un <strong>pic de chaleur<\/strong> soudain, parfois temporaire mais marqu\u00e9, peut vite mettre en difficult\u00e9 les plus inattentifs. Le meilleur moyen de s&rsquo;en pr\u00e9munir ? <strong>Rester vigilant<\/strong>, m\u00eame si la fra\u00eecheur vient \u00e0 peine de c\u00e9der du terrain, et garder les bons r\u00e9flexes d&rsquo;\u00e9t\u00e9 \u00e0 port\u00e9e de main. Maintenir une attitude pr\u00e9ventive face \u00e0 la chaleur de septembre permet de profiter pleinement des derniers beaux jours sans compromettre sa sant\u00e9 ni celle de ses proches.<\/p>\n","protected":false},"excerpt":{"rendered":"Apr\u00e8s un d\u00e9but septembre marqu\u00e9 par la fra\u00eecheur et la pluie, de nombreux Fran\u00e7ais profitent enfin d&rsquo;une m\u00e9t\u00e9o&hellip;\n","protected":false},"author":2,"featured_media":394479,"comment_status":"","ping_status":"","sticky":false,"template":"","format":"standard","meta":{"footnotes":""},"categories":[2],"tags":[11,1011,27,2487,12,56,5426],"class_list":{"0":"post-394478","1":"post","2":"type-post","3":"status-publish","4":"format-standard","5":"has-post-thumbnail","7":"category-actualites","8":"tag-actualites","9":"tag-fr","10":"tag-france","11":"tag-meteo","12":"tag-news","13":"tag-push","14":"tag-temps"},"share_on_mastodon":{"url":"https:\/\/pubeurope.com\/@fr\/115212720763539858","error":""},"_links":{"self":[{"href":"https:\/\/www.europesays.com\/fr\/wp-json\/wp\/v2\/posts\/394478","targetHints":{"allow":["GET"]}}],"collection":[{"href":"https:\/\/www.europesays.com\/fr\/wp-json\/wp\/v2\/posts"}],"about":[{"href":"https:\/\/www.europesays.com\/fr\/wp-json\/wp\/v2\/types\/post"}],"author":[{"embeddable":true,"href":"https:\/\/www.europesays.com\/fr\/wp-json\/wp\/v2\/users\/2"}],"replies":[{"embeddable":true,"href":"https:\/\/www.europesays.com\/fr\/wp-json\/wp\/v2\/comments?post=394478"}],"version-history":[{"count":0,"href":"https:\/\/www.europesays.com\/fr\/wp-json\/wp\/v2\/posts\/394478\/revisions"}],"wp:featuredmedia":[{"embeddable":true,"href":"https:\/\/www.europesays.com\/fr\/wp-json\/wp\/v2\/media\/394479"}],"wp:attachment":[{"href":"https:\/\/www.europesays.com\/fr\/wp-json\/wp\/v2\/media?parent=394478"}],"wp:term":[{"taxonomy":"category","embeddable":true,"href":"https:\/\/www.europesays.com\/fr\/wp-json\/wp\/v2\/categories?post=394478"},{"taxonomy":"post_tag","embeddable":true,"href":"https:\/\/www.europesays.com\/fr\/wp-json\/wp\/v2\/tags?post=394478"}],"curies":[{"name":"wp","href":"https:\/\/api.w.org\/{rel}","templated":true}]}}