{"id":394488,"date":"2025-09-16T07:14:12","date_gmt":"2025-09-16T07:14:12","guid":{"rendered":"https:\/\/www.europesays.com\/fr\/394488\/"},"modified":"2025-09-16T07:14:12","modified_gmt":"2025-09-16T07:14:12","slug":"hubert-falco-soutient-michel-bonnus-candidat-aux-municipales-2026","status":"publish","type":"post","link":"https:\/\/www.europesays.com\/fr\/394488\/","title":{"rendered":"Hubert Falco soutient Michel Bonnus, candidat aux municipales 2026"},"content":{"rendered":"<p><img loading=\"lazy\" decoding=\"async\" alt=\"\u00a9 Shutterstock - L'ancien maire de Toulon, Hubert Falco, appuie finalement la candidature de Michel Bonnus plut\u00f4t que de Jos\u00e9e Massi pour les \u00e9lections municipales de 2026.\" data-zoom-src=\"https:\/\/www.europesays.com\/fr\/wp-content\/uploads\/2025\/09\/initial-hubert-falco-municipales-toulon.jpg\" data-zoomable=\"\" height=\"702\" src=\"https:\/\/www.europesays.com\/fr\/wp-content\/uploads\/2025\/09\/initial-hubert-falco-municipales-toulon.jpg\" width=\"1248\"\/>  <\/p>\n<p class=\"article-desc\">\u00a9 Shutterstock &#8211; L&rsquo;ancien maire de Toulon, Hubert Falco, appuie finalement la candidature de Michel Bonnus plut\u00f4t que de Jos\u00e9e Massi pour les \u00e9lections municipales de 2026. <\/p>\n<p>Elle a mis du temps \u00e0 d\u00e9marrer. C&rsquo;est finalement en trombe que s&rsquo;est lanc\u00e9e la campagne pour les <a href=\"https:\/\/mesinfos.fr\/tag\/municipales-2026\" rel=\"noopener\" target=\"_blank\">\u00e9lections municipales 2026<\/a> \u00e0 Toulon.\u00a0 <\/p>\n<p>Un poulain d\u00e9savou\u00e9 par son mentor, un outsider qui s&rsquo;impose. Le tout jou\u00e9 \u00e0 coup de r\u00e9unions plus ou moins officielles et de communiqu\u00e9s interpos\u00e9s. Le sc\u00e9nario a tout d&rsquo;un \u00e9pisode de la s\u00e9rie House of Cards.\u00a0 <\/p>\n<p>Municipales \u00e0 Toulon : retour sur ces derni\u00e8res 48 h <\/p>\n<p>Cet \u00e9pisode s&rsquo;est ouvert ce 14 septembre \u00e0 17 h quand <strong>Jos\u00e9e Massi, la maire de Toulon<\/strong>, a diffus\u00e9 un communiqu\u00e9 de presse indiquant <a href=\"https:\/\/mesinfos.fr\/83000-toulon\/toulon-josee-massi-legitime-pour-les-municipales-de-2026-229870.html\" rel=\"noopener\" target=\"_blank\">qu&rsquo;elle se sentait \u00ab\u00a0l\u00e9gitime\u00a0\u00bb<\/a> pour conduire la liste de la majorit\u00e9 aux \u00e9lections de mars prochain. Et ce alors qu&rsquo;un accord entre elle et <strong>le s\u00e9nateur du Var, Michel Bonnus (LR)<\/strong>, \u00e9tait toujours sur la table. <\/p>\n<p>Le lendemain, six mois tout pile avant les municipales, <strong>Michel Bonnus annonce sa candidature<\/strong> aupr\u00e8s de nos confr\u00e8res de <a href=\"https:\/\/www.bfmtv.com\/var\/replay-emissions\/bonjour-var\/video-michel-bonnus-confirme-sa-candidature-a-la-mairie-de-toulon_VN-202509150292.html\" rel=\"noopener\" target=\"_blank\">BFM Toulon Var<\/a> puis de <a href=\"https:\/\/www.varmatin.com\/politique\/-le-plus-dur-est-a-venir-michel-bonnus-lance-sa-campagne-pour-les-municipales-a-toulon-1002014\" rel=\"noopener\" target=\"_blank\">Var-Matin<\/a>. <\/p>\n<p>Dans la m\u00eame journ\u00e9e, <strong>Hubert Falco, l\u2019ancien maire de Toulon<\/strong>, publie un texte sur ses r\u00e9seaux sociaux dans lequel il dit soutenir son alli\u00e9 de longue date malgr\u00e9 de pr\u00e9c\u00e9dents diff\u00e9rends.\u00a0\u00ab\u00a0Oui ces derni\u00e8res ann\u00e9es, j\u2019ai pu \u00eatre en d\u00e9saccord avec quelques prises de position de Michel Bonnus mais notre amour pour Toulon nous a rapproch\u00e9s\u00a0\u00bb, indique-t-il dans sa lettre. <\/p>\n<p>\u00ab J\u2019ai d\u00e9cid\u00e9 de soutenir la candidature port\u00e9e par Michel Bonnus\u00a0\u00bb <\/p>\n<blockquote>\n<p>\u00ab\u00a0Aujourd\u2019hui, face \u00e0 cette situation, contraire \u00e0 notre souhait collectif d\u2019unit\u00e9 pour faire gagner Toulon, et parce qu\u2019il a d\u00e9j\u00e0 su rassembler et f\u00e9d\u00e9rer une majorit\u00e9 de l\u2019\u00e9quipe municipale sortante, j\u2019ai d\u00e9cid\u00e9 de soutenir la candidature port\u00e9e par Michel Bonnus \u00bb, annonce l\u2019ex-maire de Toulon, <a href=\"https:\/\/mesinfos.fr\/83000-toulon\/la-cour-de-cassation-confirme-la-peine-d-ineligibilite-d-hubert-falco-223459.html\" rel=\"noopener\" target=\"_blank\">rendu d\u00e9finitivement in\u00e9ligible par la Cour de cassation le 28 mai dernier<\/a>. <\/p>\n<\/blockquote>\n<p>  \u00a9 O. R\u00e9al &#8211; Michel Bonnus en d\u00e9cembre 2024.  <\/p>\n<p><a href=\"https:\/\/mesinfos.fr\/tag\/hubert-falco\" rel=\"noopener\" target=\"_blank\">Hubert Falco<\/a> r\u00e9agit \u00e9galement \u00e0 l&rsquo;annonce de Jos\u00e9e Massi\u00a0\u00ab\u00a0laissant pr\u00e9sager une candidature act\u00e9e, bien qu\u2019elle ne l\u2019affirme pas, sans que je n\u2019en sois inform\u00e9 au pr\u00e9alable, ni destinataire\u00a0\u00bb. <\/p>\n<blockquote>\n<p>\u00ab\u00a0La loyaut\u00e9 si souvent pr\u00f4n\u00e9e ne se v\u00e9rifie pas en paroles mais se prouve par des actes\u00a0\u00bb, fustige-t-il. <\/p>\n<\/blockquote>\n<p>\u00ab Si en juin il m\u2019avait dit :\u00a0\u00bbJe choisis Michel Bonnus\u00a0\u00bb, je m\u2019arr\u00eatais l\u00e0. On ne peut pas me dire\u00a0\u00ab\u00a0Il faut que tu te pr\u00e9sentes\u00a0\u00bb et trois mois apr\u00e8s me l\u00e2cher&#8230; \u00c7a a \u00e9t\u00e9 violent \u00bb, a r\u00e9pondu la maire de Toulon <a href=\"https:\/\/www.varmatin.com\/politique\/aujourdhui-je-ne-minterdis-rien-lachee-par-hubert-falco-josee-massi-se-confie-1002027\" rel=\"noopener\" target=\"_blank\">dans une interview accord\u00e9e \u00e0 Var-Matin<\/a>. <\/p>\n<p>Qui sont les candidats d\u00e9clar\u00e9s \u00e0 Toulon pour les municipales ? <\/p>\n<p>Si Jos\u00e9e Massi n&rsquo;a pas encore d\u00e9clar\u00e9 officiellement sa candidature, c&rsquo;est pour l&rsquo;instant le sc\u00e9nario de <strong>deux listes \u00e0 droite<\/strong> qui se dessine.\u00a0 <\/p>\n<p><strong>A gauche, Magali Brunel<\/strong> a \u00e9t\u00e9 d\u00e9sign\u00e9e candidate du groupe Toulon en commun au mois d\u2019avril. C\u00f4t\u00e9 Rassemblement national, Laure Lavalette ne s&rsquo;est toujours pas officiellement positionn\u00e9e. Mais cette lutte fratricide au sein de la majorit\u00e9 la d\u00e9cidera peut-\u00eatre \u00e0 elle aussi y aller.\u00a0<\/p>\n","protected":false},"excerpt":{"rendered":"\u00a9 Shutterstock &#8211; L&rsquo;ancien maire de Toulon, Hubert Falco, appuie finalement la candidature de Michel Bonnus plut\u00f4t que&hellip;\n","protected":false},"author":2,"featured_media":394489,"comment_status":"","ping_status":"","sticky":false,"template":"","format":"standard","meta":{"footnotes":""},"categories":[9619],"tags":[1111,11,1777,674,1011,27,52675,52440,52441,12,882,25,2310],"class_list":{"0":"post-394488","1":"post","2":"type-post","3":"status-publish","4":"format-standard","5":"has-post-thumbnail","7":"category-toulon","8":"tag-actu","9":"tag-actualites","10":"tag-eu","11":"tag-europe","12":"tag-fr","13":"tag-france","14":"tag-hubert-falco","15":"tag-josu00e9e-massi","16":"tag-michel-bonnus","17":"tag-news","18":"tag-provence-alpes-cote-dazur","19":"tag-republique-francaise","20":"tag-toulon"},"share_on_mastodon":{"url":"https:\/\/pubeurope.com\/@fr\/115212744371173056","error":""},"_links":{"self":[{"href":"https:\/\/www.europesays.com\/fr\/wp-json\/wp\/v2\/posts\/394488","targetHints":{"allow":["GET"]}}],"collection":[{"href":"https:\/\/www.europesays.com\/fr\/wp-json\/wp\/v2\/posts"}],"about":[{"href":"https:\/\/www.europesays.com\/fr\/wp-json\/wp\/v2\/types\/post"}],"author":[{"embeddable":true,"href":"https:\/\/www.europesays.com\/fr\/wp-json\/wp\/v2\/users\/2"}],"replies":[{"embeddable":true,"href":"https:\/\/www.europesays.com\/fr\/wp-json\/wp\/v2\/comments?post=394488"}],"version-history":[{"count":0,"href":"https:\/\/www.europesays.com\/fr\/wp-json\/wp\/v2\/posts\/394488\/revisions"}],"wp:featuredmedia":[{"embeddable":true,"href":"https:\/\/www.europesays.com\/fr\/wp-json\/wp\/v2\/media\/394489"}],"wp:attachment":[{"href":"https:\/\/www.europesays.com\/fr\/wp-json\/wp\/v2\/media?parent=394488"}],"wp:term":[{"taxonomy":"category","embeddable":true,"href":"https:\/\/www.europesays.com\/fr\/wp-json\/wp\/v2\/categories?post=394488"},{"taxonomy":"post_tag","embeddable":true,"href":"https:\/\/www.europesays.com\/fr\/wp-json\/wp\/v2\/tags?post=394488"}],"curies":[{"name":"wp","href":"https:\/\/api.w.org\/{rel}","templated":true}]}}