{"id":394506,"date":"2025-09-16T07:25:19","date_gmt":"2025-09-16T07:25:19","guid":{"rendered":"https:\/\/www.europesays.com\/fr\/394506\/"},"modified":"2025-09-16T07:25:19","modified_gmt":"2025-09-16T07:25:19","slug":"le-gymnase-du-conseil-des-xv-et-les-espaces-exterieurs-prennent-forme","status":"publish","type":"post","link":"https:\/\/www.europesays.com\/fr\/394506\/","title":{"rendered":"le gymnase du Conseil-des-XV et les espaces ext\u00e9rieurs prennent forme"},"content":{"rendered":"<p>\u00ab\u00a0C\u2019est Beyrouth ici\u00a0! O\u00f9 qu\u2019on aille, on se retrouve face \u00e0 un trou\u00a0!\u00a0\u00bb Passablement agac\u00e9, ce cycliste crois\u00e9 mercredi 10\u00a0septembre \u00e0 l\u2019angle de la rue du G\u00e9n\u00e9ral-Picquart et de la rue d\u2019Ypres devrait bient\u00f4t retrouver une circulation apais\u00e9e (et facilit\u00e9e). Pour l\u2019heure et \u00e0 l\u2019image des habitants du quartier, il lui faut effectivement slalomer entre les tranch\u00e9es et mettre pied \u00e0 terre plus que de raison face aux amas de gravillons.<\/p>\n<p>Un projet \u00e0 3,6\u00a0M\u20ac<\/p>\n<p>Place Albert-1 er , comme le long de la rue de Rotterdam ou aux abords du gymnase du Conseil-des-XV, le chantier d\u2019am\u00e9nagement des espaces ext\u00e9rieurs (Espex), port\u00e9 par l\u2019Eurom\u00e9tropole en partenariat avec la Ville et le <a href=\"https:\/\/www.dna.fr\/economie\/2025\/03\/12\/ophea-investira-pres-d-un-milliard-d-euros-d-ici-2034\" target=\"_blank\" rel=\"noopener\">bailleur Oph\u00e9a<\/a> , est entr\u00e9 dans le dur. <a href=\"https:\/\/www.dna.fr\/economie\/2025\/03\/13\/conseil-des-xv-c-est-parti-pour-la-residence-seniors-et-le-projet-espex\" target=\"_blank\" rel=\"noopener\">Lanc\u00e9s en mars dernier, les grands travaux, d\u2019un montant de 3,6\u00a0M\u20ac, s\u2019y poursuivront jusqu\u2019en 2027.<\/a> Au grand dam de certains riverains, qui s\u2019en agacent et l\u2019ont fait savoir lors du \u00ab\u00a0Caf\u00e9 avec la maire\u00a0\u00bb qui a suivi le tour des chantiers ce 10\u00a0septembre.<\/p>\n<p>M\u00ealant d\u00e9min\u00e9ralisation et&#8230;<\/p>\n","protected":false},"excerpt":{"rendered":"\u00ab\u00a0C\u2019est Beyrouth ici\u00a0! O\u00f9 qu\u2019on aille, on se retrouve face \u00e0 un trou\u00a0!\u00a0\u00bb Passablement agac\u00e9, ce cycliste crois\u00e9&hellip;\n","protected":false},"author":2,"featured_media":394507,"comment_status":"","ping_status":"","sticky":false,"template":"","format":"standard","meta":{"footnotes":""},"categories":[2820],"tags":[1111,11,4749,33,2880,436,1777,674,107,1011,27,775,3539,1908,12,316,25,104,640,2879,1631],"class_list":{"0":"post-394506","1":"post","2":"type-post","3":"status-publish","4":"format-standard","5":"has-post-thumbnail","7":"category-strasbourg","8":"tag-actu","9":"tag-actualites","10":"tag-btp-et-chantiers","11":"tag-economie","12":"tag-edition-strasbourg","13":"tag-environnement","14":"tag-eu","15":"tag-europe","16":"tag-fil-info","17":"tag-fr","18":"tag-france","19":"tag-grand-est","20":"tag-les-ecologistes","21":"tag-logement","22":"tag-news","23":"tag-politique","24":"tag-republique-francaise","25":"tag-societe","26":"tag-strasbourg","27":"tag-strasbourg-ville","28":"tag-vie-associative"},"share_on_mastodon":{"url":"https:\/\/pubeurope.com\/@fr\/115212787686991889","error":""},"_links":{"self":[{"href":"https:\/\/www.europesays.com\/fr\/wp-json\/wp\/v2\/posts\/394506","targetHints":{"allow":["GET"]}}],"collection":[{"href":"https:\/\/www.europesays.com\/fr\/wp-json\/wp\/v2\/posts"}],"about":[{"href":"https:\/\/www.europesays.com\/fr\/wp-json\/wp\/v2\/types\/post"}],"author":[{"embeddable":true,"href":"https:\/\/www.europesays.com\/fr\/wp-json\/wp\/v2\/users\/2"}],"replies":[{"embeddable":true,"href":"https:\/\/www.europesays.com\/fr\/wp-json\/wp\/v2\/comments?post=394506"}],"version-history":[{"count":0,"href":"https:\/\/www.europesays.com\/fr\/wp-json\/wp\/v2\/posts\/394506\/revisions"}],"wp:featuredmedia":[{"embeddable":true,"href":"https:\/\/www.europesays.com\/fr\/wp-json\/wp\/v2\/media\/394507"}],"wp:attachment":[{"href":"https:\/\/www.europesays.com\/fr\/wp-json\/wp\/v2\/media?parent=394506"}],"wp:term":[{"taxonomy":"category","embeddable":true,"href":"https:\/\/www.europesays.com\/fr\/wp-json\/wp\/v2\/categories?post=394506"},{"taxonomy":"post_tag","embeddable":true,"href":"https:\/\/www.europesays.com\/fr\/wp-json\/wp\/v2\/tags?post=394506"}],"curies":[{"name":"wp","href":"https:\/\/api.w.org\/{rel}","templated":true}]}}