{"id":394609,"date":"2025-09-16T08:22:10","date_gmt":"2025-09-16T08:22:10","guid":{"rendered":"https:\/\/www.europesays.com\/fr\/394609\/"},"modified":"2025-09-16T08:22:10","modified_gmt":"2025-09-16T08:22:10","slug":"temple-franc-macon-couvent-voici-5-lieux-a-nancy-exceptionnellement-ouverts-au-public-ce-week-end","status":"publish","type":"post","link":"https:\/\/www.europesays.com\/fr\/394609\/","title":{"rendered":"Temple franc-ma\u00e7on, couvent&#8230; Voici 5 lieux \u00e0 Nancy exceptionnellement ouverts au public\u00a0ce\u00a0week-end"},"content":{"rendered":"<p>            Par<br \/>\n        <strong><br \/>\n            <a href=\"https:\/\/actu.fr\/auteur\/pierre-emile-bouchy-actu-fr\" title=\"Consulter tous les articles de Paul-Emile Bouchy\" rel=\"nofollow noopener\" target=\"_blank\">Paul-Emile Bouchy<\/a><br \/>\n        <\/strong><\/p>\n<p>        Publi\u00e9 le<\/p>\n<p>            16 sept. 2025 \u00e0 9h24        <\/p>\n<p>Partout en France, les <a href=\"https:\/\/actu.fr\/tag\/journees-europeennes-du-patrimoine\" rel=\"nofollow noopener\" target=\"_blank\">Journ\u00e9es europ\u00e9ennes du patrimoine<\/a> sont organis\u00e9es. L\u2019occasion de d\u00e9couvrir des lieux d\u2019habitude ferm\u00e9s aux visiteurs.<\/p>\n<p class=\" wall-content\">\u00c9tant <a href=\"https:\/\/actu.fr\/grand-est\/nancy_54395\/pourquoi-nancy-est-la-4e-ville-de-france-qui-compte-le-plus-de-monuments-historiques_60048096.html\" rel=\"nofollow noopener\" target=\"_blank\">une des villes de France comptant le plus de monuments historiques<\/a>, <a href=\"https:\/\/actu.fr\/grand-est\/nancy_54395\" rel=\"nofollow noopener\" target=\"_blank\">Nancy<\/a> regorge <strong>d\u2019endroits plus ou moins secrets \u00e0 d\u00e9couvrir<\/strong>. On vous en a list\u00e9 <strong>cinq \u00e0 visiter<\/strong>.<\/p>\n<p>Visiter un temple franc-ma\u00e7on<\/p>\n<p class=\" wall-content\">Que de plus secret que de <strong>visiter un temple ma\u00e7onnique<\/strong> ? Celui de Nancy, situ\u00e9 <strong>15 rue Drouin<\/strong>, ouvre ses portes dimanche aux visiteurs.<\/p>\n<p class=\" wall-content\">Une visite comment\u00e9e vous fera d\u00e9couvrir son architecture, mais aussi les rites et les symboles de la franc-ma\u00e7onnerie.<\/p>\n<p>Visites par groupe de 35 \u00e0 45 personnes de 8h30 \u00e0 12h et de 13h15 \u00e0 18h dimanche 21 septembre.<\/p>\n<p>D\u00e9couvrir un couvent cach\u00e9 au c\u0153ur de Nancy<\/p>\n<p class=\" wall-content\">Non loin du temple ma\u00e7onnique, vous pouvez visiter <strong>le couvent des Dominicains au 4 rue Lacordaire<\/strong>.<\/p>\n<p class=\" wall-content\">Durant une visite de 45 minutes, vous d\u00e9couvrirez l\u2019histoire de ce b\u00e2timent n\u00e9o-gothique et aussi l\u2019histoire de cet ordre religieux, pr\u00e9sent \u00e0 Nancy depuis 180 ans.<\/p>\n<p>Votre r\u00e9gion, votre actu !<\/p>\n<p>Recevez chaque jour les infos qui comptent pour vous.<\/p>\n<p>\t<a href=\"https:\/\/actu.fr\/newsletter\" class=\"ac-btn ac-btn--corner ac-btn--medium ac-btn--blue800\" rel=\"nofollow noopener\" target=\"_blank\">S&rsquo;incrire<\/a><\/p>\n<p>Visites samedi 20 septembre de 10h \u00e0 12h et de 14h \u00e0 18h, dimanche 21 septembre de 9h \u00e0 11h et de 14h \u00e0 17h30.<\/p>\n<p>Aller voir le tombeau du roi Stanislas<\/p>\n<p class=\" wall-content\">Cela peut para\u00eetre \u00e9tonnant, mais <strong>l\u2019\u00e9glise Notre-Dame de Bonsecours, situ\u00e9e au bout de l\u2019avenue de Strasbour<\/strong>g, n\u2019est pas souvent ouverte au public.<\/p>\n<p class=\" wall-content\">Pourtant, l\u2019\u00e9difice religieux est l\u2019\u0153uvre du fameux architecte Emmanuel H\u00e9r\u00e9 et abrite <strong>le tombeau de Stanislas<\/strong>.<\/p>\n<p>Visites samedi 20 et dimanche 21 septembre de 14h \u00e0 18h.<\/p>\n<p>Retracer l\u2019histoire des anciennes brasseries \u00e0 Max\u00e9ville<\/p>\n<p class=\" wall-content\">Dans les ann\u00e9es 1860-1870, de <strong>grands \u00e9tablissements brassicoles<\/strong> se d\u00e9veloppent \u00e0 Nancy.<\/p>\n<p class=\" wall-content\">Pour d\u00e9couvrir ce riche pass\u00e9, une visite comment\u00e9e a lieu <strong>samedi de 14h \u00e0 16h rue des Brasseries \u00e0 Max\u00e9ville<\/strong>.<\/p>\n<p>Pour y participer, envoyez un mail \u00e0 l\u2019adresse suivante : <a href=\"https:\/\/actu.fr\/cdn-cgi\/l\/email-protection\" class=\"__cf_email__\" data-cfemail=\"3e4e5f4c4a575d574e5f4a5751507e535f574c575b13535f465b485752525b10584c\" rel=\"nofollow noopener\" target=\"_blank\">[email\u00a0protected]<\/a>En apprendre sur des sp\u00e9cialit\u00e9s culinaires de Nancy<\/p>\n<p class=\" wall-content\">Ce week-end,<strong> le mus\u00e9e Fours des S\u0153urs Macarons<\/strong> accueillent les visiteurs. Situ\u00e9 derri\u00e8re la cath\u00e9drale, ce lieu a abrit\u00e9 jusqu\u2019en 1982 l\u2019une des plus vieilles p\u00e2tisseries de Nancy avant son transfert rue Gambetta.\u00a0<\/p>\n<p class=\" wall-content\">Ses fours et chemin\u00e9es des 18e et 19e si\u00e8cles sont inscrits au titre des monuments historiques.<\/p>\n<p>Visites samedi 20 et dimanche 21 septembre de 10h \u00e0 12h et de 14h \u00e0 18h.<\/p>\n<p class=\" wall-content\">Personnalisez votre actualit\u00e9 en ajoutant vos villes et m\u00e9dias en favori avec <a href=\"https:\/\/moncompte.actu.fr\" title=\"D\u00e9couvez Mon Actu\" rel=\"nofollow noopener\" data-trk=\"{&quot;cta&quot;:{&quot;action&quot;:&quot;https:\\\/\\\/moncompte.actu.fr&quot;,&quot;category&quot;:&quot;mon compte&quot;,&quot;from&quot;:&quot;article footer&quot;,&quot;name&quot;:&quot;Mon actu&quot;,&quot;type&quot;:&quot;cta&quot;}}\" target=\"_blank\">Mon Actu<\/a>.<\/p>\n","protected":false},"excerpt":{"rendered":"Par Paul-Emile Bouchy Publi\u00e9 le 16 sept. 2025 \u00e0 9h24 Partout en France, les Journ\u00e9es europ\u00e9ennes du patrimoine&hellip;\n","protected":false},"author":2,"featured_media":394610,"comment_status":"","ping_status":"","sticky":false,"template":"","format":"standard","meta":{"footnotes":""},"categories":[9635],"tags":[1111,11,1777,674,1011,27,775,47275,1652,1702,12,2551,25],"class_list":{"0":"post-394609","1":"post","2":"type-post","3":"status-publish","4":"format-standard","5":"has-post-thumbnail","7":"category-nancy","8":"tag-actu","9":"tag-actualites","10":"tag-eu","11":"tag-europe","12":"tag-fr","13":"tag-france","14":"tag-grand-est","15":"tag-journees-europeennes-du-patrimoine","16":"tag-loisirs-culture","17":"tag-nancy","18":"tag-news","19":"tag-patrimoine","20":"tag-republique-francaise"},"share_on_mastodon":{"url":"https:\/\/pubeurope.com\/@fr\/115213011870833450","error":""},"_links":{"self":[{"href":"https:\/\/www.europesays.com\/fr\/wp-json\/wp\/v2\/posts\/394609","targetHints":{"allow":["GET"]}}],"collection":[{"href":"https:\/\/www.europesays.com\/fr\/wp-json\/wp\/v2\/posts"}],"about":[{"href":"https:\/\/www.europesays.com\/fr\/wp-json\/wp\/v2\/types\/post"}],"author":[{"embeddable":true,"href":"https:\/\/www.europesays.com\/fr\/wp-json\/wp\/v2\/users\/2"}],"replies":[{"embeddable":true,"href":"https:\/\/www.europesays.com\/fr\/wp-json\/wp\/v2\/comments?post=394609"}],"version-history":[{"count":0,"href":"https:\/\/www.europesays.com\/fr\/wp-json\/wp\/v2\/posts\/394609\/revisions"}],"wp:featuredmedia":[{"embeddable":true,"href":"https:\/\/www.europesays.com\/fr\/wp-json\/wp\/v2\/media\/394610"}],"wp:attachment":[{"href":"https:\/\/www.europesays.com\/fr\/wp-json\/wp\/v2\/media?parent=394609"}],"wp:term":[{"taxonomy":"category","embeddable":true,"href":"https:\/\/www.europesays.com\/fr\/wp-json\/wp\/v2\/categories?post=394609"},{"taxonomy":"post_tag","embeddable":true,"href":"https:\/\/www.europesays.com\/fr\/wp-json\/wp\/v2\/tags?post=394609"}],"curies":[{"name":"wp","href":"https:\/\/api.w.org\/{rel}","templated":true}]}}