{"id":394634,"date":"2025-09-16T08:35:10","date_gmt":"2025-09-16T08:35:10","guid":{"rendered":"https:\/\/www.europesays.com\/fr\/394634\/"},"modified":"2025-09-16T08:35:10","modified_gmt":"2025-09-16T08:35:10","slug":"pres-de-strasbourg-id-logistics-ouvre-un-site-logistique-de-41-000-m%c2%b2-pour-puma","status":"publish","type":"post","link":"https:\/\/www.europesays.com\/fr\/394634\/","title":{"rendered":"Pr\u00e8s de Strasbourg, ID Logistics ouvre un site logistique de 41 000 m\u00b2 pour Puma"},"content":{"rendered":"<p>ID Logistics annonce, le 16 septembre 2025, l\u2019ouverture d\u2019un nouveau site logistique de 41 000 m\u00b2 \u00e0 Vendenheim, une commune du Bas-Rhin situ\u00e9e \u00e0 proximit\u00e9 de Strasbourg. D\u00e9di\u00e9 \u00e0 l\u2019\u00e9quipementier sportif Puma, ce site marque une nouvelle \u00e9tape de sa collaboration avec le sp\u00e9cialiste de la logistique contractuelle, initi\u00e9e en 2016 dans le m\u00eame d\u00e9partement, \u00e0 Landersheim. \u00ab D\u00e9but 2026, l\u2019activit\u00e9 sera totalement transf\u00e9r\u00e9e sur le nouveau site de Vendenheim, con\u00e7u pour accompagner la croissance et renforcer la comp\u00e9titivit\u00e9 logistique de la marque \u00bb, sp\u00e9cifie ID Logistics dans un communiqu\u00e9, en ajoutant que les op\u00e9rations d\u00e9marreront le 3 novembre 2025, \u00ab avec une mont\u00e9e en puissance progressive pour assurer la meilleure continuit\u00e9 des activit\u00e9s \u00bb.<\/p>\n<p>\u00a0<\/p>\n<p>Un Autostore et une kyrielle de solutions automatis\u00e9es<\/p>\n<p>L\u2019entrep\u00f4t flambant neuf (r\u00e9parti sur quatre cellules et certifi\u00e9 Breeam \u00ab Excellent \u00bb) abrite un Autostore. Op\u00e9r\u00e9 par ID Logistics, il comprend 70 000 bacs et pr\u00e8s de 100 robots. Con\u00e7u pour absorber les pics saisonniers, \u00ab sa modularit\u00e9 permettra d\u2019augmenter les capacit\u00e9s \u00e0 moyen terme \u00bb de la marque au f\u00e9lin bondissant, projette son partenaire logistique.<\/p>\n<p>Autour du syst\u00e8me automatis\u00e9 de stockage et de r\u00e9cup\u00e9ration (AR\/RS) se retrouvent \u00e9galement : des convoyeurs t\u00e9lescopiques d\u00e9di\u00e9s au d\u00e9chargement des machines automatis\u00e9es de formage des cartons, le syst\u00e8me de dimensionnement et de pes\u00e9e (\u00e9galement automatis\u00e9) Cubiscan en r\u00e9ception, des machines de fermeture des cartons avec r\u00e9duction de hauteur en exp\u00e9dition, ainsi que les solutions num\u00e9riques Easy check-in pour orchestrer les flux de transport. L\u2019ensemble est pilot\u00e9 par le WMS Reflex (Hardis Group), interfac\u00e9 avec l\u2019ERP SAP de Puma.<\/p>\n<p>\u00a0<\/p>\n<p>\u00a0<\/p>\n<p>\u00c0 lire \u00e9galement :\u00a0<a href=\"https:\/\/www.voxlog.fr\/actualite\/10055\/puma-nomme-andreas-hubert-a-la-tete-de-ses-operations-dapprovisionnement-mondiales\" target=\"_blank\" rel=\"nofollow noopener\">Puma nomme Andreas Hubert \u00e0 la t\u00eate de ses op\u00e9rations d&rsquo;approvisionnement mondiales<\/a><\/p>\n<p>\u00a0<\/p>\n<p>\u00a0<\/p>\n","protected":false},"excerpt":{"rendered":"ID Logistics annonce, le 16 septembre 2025, l\u2019ouverture d\u2019un nouveau site logistique de 41 000 m\u00b2 \u00e0 Vendenheim,&hellip;\n","protected":false},"author":2,"featured_media":394635,"comment_status":"","ping_status":"","sticky":false,"template":"","format":"standard","meta":{"footnotes":""},"categories":[2820],"tags":[1111,11,2389,52680,42364,1777,674,1011,27,775,52679,2726,12,35179,25,640,17241],"class_list":{"0":"post-394634","1":"post","2":"type-post","3":"status-publish","4":"format-standard","5":"has-post-thumbnail","7":"category-strasbourg","8":"tag-actu","9":"tag-actualites","10":"tag-alsace","11":"tag-autostore","12":"tag-entrepot","13":"tag-eu","14":"tag-europe","15":"tag-fr","16":"tag-france","17":"tag-grand-est","18":"tag-id-logistics","19":"tag-logistique","20":"tag-news","21":"tag-puma","22":"tag-republique-francaise","23":"tag-strasbourg","24":"tag-vendenheim"},"share_on_mastodon":{"url":"https:\/\/pubeurope.com\/@fr\/115213062946142112","error":""},"_links":{"self":[{"href":"https:\/\/www.europesays.com\/fr\/wp-json\/wp\/v2\/posts\/394634","targetHints":{"allow":["GET"]}}],"collection":[{"href":"https:\/\/www.europesays.com\/fr\/wp-json\/wp\/v2\/posts"}],"about":[{"href":"https:\/\/www.europesays.com\/fr\/wp-json\/wp\/v2\/types\/post"}],"author":[{"embeddable":true,"href":"https:\/\/www.europesays.com\/fr\/wp-json\/wp\/v2\/users\/2"}],"replies":[{"embeddable":true,"href":"https:\/\/www.europesays.com\/fr\/wp-json\/wp\/v2\/comments?post=394634"}],"version-history":[{"count":0,"href":"https:\/\/www.europesays.com\/fr\/wp-json\/wp\/v2\/posts\/394634\/revisions"}],"wp:featuredmedia":[{"embeddable":true,"href":"https:\/\/www.europesays.com\/fr\/wp-json\/wp\/v2\/media\/394635"}],"wp:attachment":[{"href":"https:\/\/www.europesays.com\/fr\/wp-json\/wp\/v2\/media?parent=394634"}],"wp:term":[{"taxonomy":"category","embeddable":true,"href":"https:\/\/www.europesays.com\/fr\/wp-json\/wp\/v2\/categories?post=394634"},{"taxonomy":"post_tag","embeddable":true,"href":"https:\/\/www.europesays.com\/fr\/wp-json\/wp\/v2\/tags?post=394634"}],"curies":[{"name":"wp","href":"https:\/\/api.w.org\/{rel}","templated":true}]}}