{"id":394636,"date":"2025-09-16T08:36:11","date_gmt":"2025-09-16T08:36:11","guid":{"rendered":"https:\/\/www.europesays.com\/fr\/394636\/"},"modified":"2025-09-16T08:36:11","modified_gmt":"2025-09-16T08:36:11","slug":"fete-des-ports-de-villefranche-sur-mer-garder-le-cap-entre-patrimoine-et-avenir","status":"publish","type":"post","link":"https:\/\/www.europesays.com\/fr\/394636\/","title":{"rendered":"F\u00eate des ports de Villefranche-sur-Mer : garder le cap entre patrimoine et avenir"},"content":{"rendered":"<p>Des ports entre patrimoine et modernit\u00e9<\/p>\n<p>Depuis le 1er janvier 2018, le D\u00e9partement assure la gestion directe des deux ports de Villefranche : le <strong>Port de Sant\u00e9<\/strong>, petit port-abri accueillant une cinquantaine de navires et pr\u00e8s de 200 000 croisi\u00e9ristes chaque ann\u00e9e, et le <strong>Port Royal de la Darse<\/strong>, class\u00e9 monument historique en 1991. Tous deux sont aujourd\u2019hui certifi\u00e9s \u00ab\u00a0Ports propres, actifs pour la biodiversit\u00e9\u00a0\u00bb, marque d&rsquo;engagement du D\u00e9partement en faveur d\u2019une gestion durable dans le cadre de sa politique <strong>GREEN Deal<\/strong>.<\/p>\n<p>Des investissements importants accompagnent cette ambition. La restauration du <strong>quai historique de la jet\u00e9e<\/strong> a \u00e9t\u00e9 engag\u00e9e pour 1,6 M\u20ac, avec une nouvelle phase pr\u00e9vue \u00e0 l\u2019automne. La <strong>r\u00e9habilitation des vo\u00fbtes de la galerie<\/strong> et du <strong>jardin Beaudouin<\/strong> sont programm\u00e9es pour 2026. Chaque ann\u00e9e, plus de 3 M\u20ac sont consacr\u00e9s au fonctionnement des ports et plus de 2 M\u20ac aux travaux de restauration.<\/p>\n<p>Pr\u00e9server la M\u00e9diterran\u00e9e<\/p>\n<p>Au-del\u00e0 des infrastructures, le D\u00e9partement agit pour la protection de la M\u00e9diterran\u00e9e \u00e0 travers son <strong>Plan M\u00e9diterran\u00e9e 06<\/strong>, qui rassemble <strong>47 actions concr\u00e8tes<\/strong> : retrait des filets fant\u00f4mes, installation de mouillages \u00e9cologiques, gestion de r\u00e9cifs artificiels, sensibilisation de plus de 1 000 coll\u00e9giens par an ou encore soutien aux scientifiques et associations.<\/p>\n<p>Le D\u00e9partement participe \u00e9galement au <strong>consortium Pelagos<\/strong>, lanc\u00e9 en juin 2025 \u00e0 Nice, pour renforcer la protection internationale des mammif\u00e8res marins.<\/p>\n<p>Le Pr\u00e9sident du D\u00e9partement a rappel\u00e9 :<\/p>\n<blockquote>\n<p>\u00ab\u00a0Pr\u00e9server ce patrimoine historique, c\u2019est aussi pr\u00e9parer l\u2019avenir des usagers et des plaisanciers. Nos ports, certifi\u00e9s Ports propres, sont un exemple concret de ce mod\u00e8le alliant tradition, modernit\u00e9 et respect de l\u2019environnement.\u00a0\u00bb<\/p>\n<\/blockquote>\n","protected":false},"excerpt":{"rendered":"Des ports entre patrimoine et modernit\u00e9 Depuis le 1er janvier 2018, le D\u00e9partement assure la gestion directe des&hellip;\n","protected":false},"author":2,"featured_media":394637,"comment_status":"","ping_status":"","sticky":false,"template":"","format":"standard","meta":{"footnotes":""},"categories":[2819],"tags":[1111,11,1777,674,1011,27,12,2401,882,25],"class_list":{"0":"post-394636","1":"post","2":"type-post","3":"status-publish","4":"format-standard","5":"has-post-thumbnail","7":"category-nice","8":"tag-actu","9":"tag-actualites","10":"tag-eu","11":"tag-europe","12":"tag-fr","13":"tag-france","14":"tag-news","15":"tag-nice","16":"tag-provence-alpes-cote-dazur","17":"tag-republique-francaise"},"share_on_mastodon":{"url":"https:\/\/pubeurope.com\/@fr\/115213066822773508","error":""},"_links":{"self":[{"href":"https:\/\/www.europesays.com\/fr\/wp-json\/wp\/v2\/posts\/394636","targetHints":{"allow":["GET"]}}],"collection":[{"href":"https:\/\/www.europesays.com\/fr\/wp-json\/wp\/v2\/posts"}],"about":[{"href":"https:\/\/www.europesays.com\/fr\/wp-json\/wp\/v2\/types\/post"}],"author":[{"embeddable":true,"href":"https:\/\/www.europesays.com\/fr\/wp-json\/wp\/v2\/users\/2"}],"replies":[{"embeddable":true,"href":"https:\/\/www.europesays.com\/fr\/wp-json\/wp\/v2\/comments?post=394636"}],"version-history":[{"count":0,"href":"https:\/\/www.europesays.com\/fr\/wp-json\/wp\/v2\/posts\/394636\/revisions"}],"wp:featuredmedia":[{"embeddable":true,"href":"https:\/\/www.europesays.com\/fr\/wp-json\/wp\/v2\/media\/394637"}],"wp:attachment":[{"href":"https:\/\/www.europesays.com\/fr\/wp-json\/wp\/v2\/media?parent=394636"}],"wp:term":[{"taxonomy":"category","embeddable":true,"href":"https:\/\/www.europesays.com\/fr\/wp-json\/wp\/v2\/categories?post=394636"},{"taxonomy":"post_tag","embeddable":true,"href":"https:\/\/www.europesays.com\/fr\/wp-json\/wp\/v2\/tags?post=394636"}],"curies":[{"name":"wp","href":"https:\/\/api.w.org\/{rel}","templated":true}]}}