{"id":394647,"date":"2025-09-16T08:42:11","date_gmt":"2025-09-16T08:42:11","guid":{"rendered":"https:\/\/www.europesays.com\/fr\/394647\/"},"modified":"2025-09-16T08:42:11","modified_gmt":"2025-09-16T08:42:11","slug":"lalzheimer-precoce-nest-pas-lalzheimer-de-la-personne-agee-il-faut-soutenir-les-aidants-un-groupe-de-parole-grandit-a-toulouse","status":"publish","type":"post","link":"https:\/\/www.europesays.com\/fr\/394647\/","title":{"rendered":"\u00ab\u00a0L\u2019Alzheimer pr\u00e9coce n\u2019est pas l\u2019Alzheimer de la personne \u00e2g\u00e9e, il faut soutenir les aidants\u00a0\u00bb\u00a0: un groupe de parole grandit \u00e0 Toulouse"},"content":{"rendered":"<p>\n                                                                    l&rsquo;essentiel<br \/>\n                                                                Plus de 65\u00a0000 personnes \u00e2g\u00e9es de moins de 65 ans sont diagnostiqu\u00e9es d\u2019une maladie d\u2019Alzheimer pr\u00e9coce. Pour rompre l\u2019isolement, Nathalie Duboel a co-cr\u00e9\u00e9 le groupe \u00ab\u00a0Paroles d\u2019aidants\u00a0\u00bb \u00e0 destination des aidants familiaux de patients Alzheimer jeunes. Elle t\u00e9moigne \u00e0 l\u2019occasion de la journ\u00e9e mondiale Alzheimer.\n                            <\/p>\n<p>\u00c0 chaque nouvel entrant dans son groupe, Nathalie Duboel pose\u00a0la m\u00eame question\u00a0: \u00ab\u00a0Comment allez-vous\u00a0?\u00a0\u00bb. Elle sait l\u2019usure et l\u2019isolement des proches des malades d\u2019Alzheimer. Derri\u00e8re ses longs cheveux et son large sourire, la co-cr\u00e9atrice de \u00ab\u00a0Paroles d\u2019aidants\u00a0\u00bb cache d\u00e9j\u00e0 six ans d\u2019accompagnement aupr\u00e8s de son mari, Eric, diagnostiqu\u00e9 d\u2019un Alzheimer pr\u00e9coce en juillet\u00a02019 \u00e0 l\u2019\u00e2ge de 52 ans.<\/p>\n<p>\u00ab\u00a0Quand le mot Alzheimer est tomb\u00e9, on a tout de suite pens\u00e9 \u00e0 une maladie longue. Mais l\u2019Alzheimer de la personne jeune (avant 65 ans), ce n\u2019est pas l\u2019Alzheimer de la personne \u00e2g\u00e9e. Le patient travaille encore, a des enfants jeunes, une vie sociale\u2026 Et c\u2019est pareil pour l\u2019aidant. Tout doit continuer, mais avec Alzheimer comme passager\u00a0\u00bb, raconte Nathalie Duboel.<\/p>\n<p class=\"std-elt__inline\">\n        <strong>\u00c0 lire aussi :<\/strong><br \/>\n        <a href=\"https:\/\/www.ladepeche.fr\/2025\/06\/23\/maladie-dalzheimer-ces-signes-qui-precederaient-les-troubles-de-memoire-12780289.php\" rel=\"nofollow noopener\" target=\"_blank\">Maladie d\u2019Alzheimer : ces signes qui pr\u00e9c\u00e9deraient les troubles de m\u00e9moire<\/a>\n    <\/p>\n<p>Nathalie\u00a0a suivi 9 sessions de formation\u00a0pour les aidants aupr\u00e8s de l\u2019association France Alzheimer. \u00ab\u00a0J\u2019ai appris plein de choses et, surtout, j\u2019ai rencontr\u00e9 d\u2019autres personnes, dont Thierry de Cacqueray. Son \u00e9pouse \u00e9tait \u00e9galement atteinte d\u2019un Alzheimer pr\u00e9coce et nous avions les m\u00eames questionnements. Nous avons lanc\u00e9 Paroles d\u2019aidants en 2023, sous la forme d\u2019une boucle de discussion WhatsApp. Nous ne voulions pas d\u2019une association, ni d\u2019une organisation avec une hi\u00e9rarchie, nous restons rattach\u00e9s \u00e0 France Alzheimer Haute-Garonne\u00a0\u00bb, explique-t-elle.<\/p>\n<p>Jusqu\u2019\u00e0 200 participants<\/p>\n<p class=\"std-elt__inline\">\n        <strong>\u00c0 lire aussi :<\/strong><br \/>\n        <a href=\"https:\/\/www.ladepeche.fr\/2024\/09\/06\/arrete-maman-tu-vas-tomber-malade-le-quotidien-difficile-des-aidants-de-patients-atteint-dalzheimer-12180861.php\" rel=\"nofollow noopener\" target=\"_blank\">\u00ab\u00a0Arr\u00eate maman, tu vas tomber malade\u00a0\u00bb\u00a0: le quotidien difficile des aidants de patients atteint d\u2019Alzheimer<\/a>\n    <\/p>\n<p>Rapidement, une dizaine de personnes ont interagi, des r\u00e9unions mensuelles se sont organis\u00e9es, \u00ab\u00a0en visio parce qu\u2019on ne pouvait pas quitter notre foyer\u00a0\u00bb, avec, parfois, la participation d\u2019experts. Le groupe est rapidement mont\u00e9 \u00e0 60 personnes puis 200 aujourd\u2019hui avec des participants dans toute la France. Depuis un an et demi, des enfants du groupe ont cr\u00e9\u00e9 le leur, \u00ab\u00a0Enfants d\u2019aidants, parlons-en\u00a0\u00bb. \u00ab\u00a0Ils s\u2019interrogent sur l\u2019origine g\u00e9n\u00e9tique de la maladie et ont des questions qu\u2019ils ne souhaitent pas poser \u00e0 leurs parents\u00a0\u00bb, rapporte Nathalie Duboel.<\/p>\n<p class=\"std-elt__inline\">\n        <strong>\u00c0 lire aussi :<\/strong><br \/>\n        <a href=\"https:\/\/www.ladepeche.fr\/2024\/10\/08\/france-alzheimer-la-sophrologie-au-secours-des-aidants-alors-que-la-maladie-ne-cesse-de-progresser-12247578.php\" rel=\"nofollow noopener\" target=\"_blank\">France Alzheimer\u00a0: la sophrologie au secours des aidants alors que la maladie ne cesse de progresser<\/a>\n    <\/p>\n<p>La quinquag\u00e9naire qui milite pour un statut des aidants <a href=\"https:\/\/www.ladepeche.fr\/2023\/07\/16\/alzheimer-precoce-le-combat-de-nathalie-pour-faire-evoluer-la-loi-11343663.php\" target=\"_self\" rel=\"nofollow noopener\">avait alert\u00e9 les d\u00e9put\u00e9s, ce qui avait abouti \u00e0 une mission flash en 2023<\/a>. \u00ab\u00a0Il faut qu\u2019on nous \u00e9coute, qu\u2019on nous aide, ainsi que tous ceux qui vont arriver, parce que les cas chez les jeunes explosent. Certains sont oblig\u00e9s d\u2019arr\u00eater de travailler pour accompagner leur conjoint et se retrouvent sans ressources. Dans l\u2019Alzheimer pr\u00e9coce, tout va plus vite\u00a0\u00bb, t\u00e9moigne Nathalie qui plaide aussi pour un meilleur accompagnement.<\/p>\n<p>\u00ab\u00a0Je vais le voir tous les jours \u00e0 l\u2019EHPAD, je lui am\u00e8ne des g\u00e2teaux\u00a0\u00bb<\/p>\n<p>Eric, le mari de Nathalie n\u2019a pas encore 60 ans. Il vit aujourd\u2019hui dans un EHPAD (\u00c9tablissement d\u2019h\u00e9bergement pour personnes \u00e2g\u00e9es d\u00e9pendantes). \u00ab\u00a0Je vais le voir tous les apr\u00e8s-midi, jusqu\u2019\u00e0 son coucher. Comme il est gourmand, je lui fais des g\u00e2teaux. De temps en temps, je lui am\u00e8ne son chat. Il me raconte des trucs que je ne comprends pas mais ce n\u2019est pas grave, il reconna\u00eet mes pas, ma voix. Le but est qu\u2019il soit bien l\u00e0 o\u00f9 il est et que je puisse continuer \u00e0 \u00eatre moi, une \u00e9pouse, une m\u00e8re, bient\u00f4t une grand-m\u00e8re, une copine, une orthophoniste et une aidante\u00a0\u00bb.<\/p>\n<p>    Des conf\u00e9rences pour les 40 ans de France Alzheimer<\/p>\n<p>L\u2019association France Alzheimer f\u00eate ses 40 ans d\u2019existence. Dans le cadre de la journ\u00e9e mondiale Alzheimer, elle organise une journ\u00e9e de rencontres et d\u2019\u00e9changes ce mercredi 17\u00a0septembre \u00e0 l\u2019H\u00f4tel-Dieu \u00e0 partir de 9h30.<\/p>\n<p>M\u00e9decins, chercheurs, soignants et aidants interviendront sur plusieurs th\u00e8mes\u00a0: l\u2019aptitude \u00e0 la conduite automobile, le burn-out des aidants, le patient jeune, les traitements par immunoth\u00e9rapie, la pr\u00e9vention.<\/p>\n<p>Ouvert \u00e0 tous, entr\u00e9e gratuite.<\/p>\n<p>Contact France Alzheimer Haute-Garonne\u00a0: <a href=\"https:\/\/www.francealzheimer.org\/hautegaronne\/\" target=\"_self\" rel=\"nofollow noopener\">www.francealzheimer.org\/hautegaronne<\/a>\u00a0Tel\u00a0: 05\u00a061\u00a021\u00a033\u00a039<\/p>\n<p>\u00a0<\/p>\n","protected":false},"excerpt":{"rendered":"l&rsquo;essentiel Plus de 65\u00a0000 personnes \u00e2g\u00e9es de moins de 65 ans sont diagnostiqu\u00e9es d\u2019une maladie d\u2019Alzheimer pr\u00e9coce. Pour&hellip;\n","protected":false},"author":2,"featured_media":394648,"comment_status":"","ping_status":"","sticky":false,"template":"","format":"standard","meta":{"footnotes":""},"categories":[2816],"tags":[1111,11,1777,674,1011,27,12,2680,25,2312],"class_list":{"0":"post-394647","1":"post","2":"type-post","3":"status-publish","4":"format-standard","5":"has-post-thumbnail","7":"category-toulouse","8":"tag-actu","9":"tag-actualites","10":"tag-eu","11":"tag-europe","12":"tag-fr","13":"tag-france","14":"tag-news","15":"tag-occitanie","16":"tag-republique-francaise","17":"tag-toulouse"},"share_on_mastodon":{"url":"https:\/\/pubeurope.com\/@fr\/115213091168449180","error":""},"_links":{"self":[{"href":"https:\/\/www.europesays.com\/fr\/wp-json\/wp\/v2\/posts\/394647","targetHints":{"allow":["GET"]}}],"collection":[{"href":"https:\/\/www.europesays.com\/fr\/wp-json\/wp\/v2\/posts"}],"about":[{"href":"https:\/\/www.europesays.com\/fr\/wp-json\/wp\/v2\/types\/post"}],"author":[{"embeddable":true,"href":"https:\/\/www.europesays.com\/fr\/wp-json\/wp\/v2\/users\/2"}],"replies":[{"embeddable":true,"href":"https:\/\/www.europesays.com\/fr\/wp-json\/wp\/v2\/comments?post=394647"}],"version-history":[{"count":0,"href":"https:\/\/www.europesays.com\/fr\/wp-json\/wp\/v2\/posts\/394647\/revisions"}],"wp:featuredmedia":[{"embeddable":true,"href":"https:\/\/www.europesays.com\/fr\/wp-json\/wp\/v2\/media\/394648"}],"wp:attachment":[{"href":"https:\/\/www.europesays.com\/fr\/wp-json\/wp\/v2\/media?parent=394647"}],"wp:term":[{"taxonomy":"category","embeddable":true,"href":"https:\/\/www.europesays.com\/fr\/wp-json\/wp\/v2\/categories?post=394647"},{"taxonomy":"post_tag","embeddable":true,"href":"https:\/\/www.europesays.com\/fr\/wp-json\/wp\/v2\/tags?post=394647"}],"curies":[{"name":"wp","href":"https:\/\/api.w.org\/{rel}","templated":true}]}}