{"id":394649,"date":"2025-09-16T08:43:28","date_gmt":"2025-09-16T08:43:28","guid":{"rendered":"https:\/\/www.europesays.com\/fr\/394649\/"},"modified":"2025-09-16T08:43:28","modified_gmt":"2025-09-16T08:43:28","slug":"un-stade-de-25-000-places","status":"publish","type":"post","link":"https:\/\/www.europesays.com\/fr\/394649\/","title":{"rendered":"Un stade de 25\u00a0000 places\u00a0?"},"content":{"rendered":"<p class=\"date\">\n                                                            Paul Rouget, Media365 : publi\u00e9 le mardi 16 septembre 2025 \u00e0 09h50\n                                                    <\/p>\n<p>Le stade Ernest-Wallon, encore plein pour Toulouse-Perpignan samedi, devrait bien \u00eatre agrandi, et passer de 19\u00a0000 \u00e0 22\u00a0000 ou 25\u00a0000 places.<\/p>\n<p>Deux matchs, deux victoires. Le Stade Toulousain a parfaitement entam\u00e9 la d\u00e9fense de son titre de champion de France. <a href=\"https:\/\/sports.orange.fr\/rugby\/top-14\/article\/top-14-j1-toulouse-repart-vainqueur-de-clermont-CNT000002kwpjW.html\" rel=\"nofollow noopener\" target=\"_blank\">Vainqueurs 34-24 \u00e0 Clermont<\/a> en ouverture de la saison, les hommes d&rsquo;Ugo Mola ont dispos\u00e9 de Perpignan samedi (31-13), avec le point de bonus offensif. Un bilan parfait sur le papier, m\u00eame si leur entra\u00eeneur n&rsquo;a gu\u00e8re appr\u00e9ci\u00e9 le contenu, <a href=\"https:\/\/sports.orange.fr\/rugby\/top-14\/toulouse\/article\/toulouse-mola-met-en-garde-ses-hommes-exclu-CNT000002kDLcg.html\" rel=\"nofollow noopener\" target=\"_blank\">et n&rsquo;a pas manqu\u00e9 de le faire savoir<\/a>.<\/p>\n<p>Et pour <a href=\"https:\/\/sports.orange.fr\/rugby\/top-14\/article\/top-14-j2-toulouse-et-pau-cartonnent-bayonne-s-en-sort-CNT000002kDg1v.html\" rel=\"nofollow noopener\" target=\"_blank\">ce premier match \u00e0 domicile de l&rsquo;exercice 2025-2026<\/a>, Ernest-Wallon avait de nouveau fait le plein, puisque 19\u00a0000 spectateurs se sont mass\u00e9s dans les tribunes pour assister \u00e0 la victoire de Thomas Ramos et de ses co\u00e9quipiers. Un stade inaugur\u00e9 en 1982 et dans lequel les Toulousains sont de plus en plus \u00e0 l&rsquo;\u00e9troit. Mais \u00e7a va bient\u00f4t changer, comme l&rsquo;a expliqu\u00e9 leur pr\u00e9sident Didier Lacroix, interrog\u00e9 par La D\u00e9p\u00eache.<\/p>\n<p>22\u00a0000 ou 25\u00a0000 places\u00a0?<\/p>\n<p>\u00ab\u00a0\u00c0 ce jour, nous avons trois pistes de d\u00e9veloppement et de r\u00e9novation du stade Ernest-Wallon qui sont avanc\u00e9es et chiffr\u00e9es, permettant une r\u00e9novation compl\u00e8te mais aussi un agrandissement plus ou moins important selon le projet final retenu. Nous avons d\u00e9j\u00e0 rencontr\u00e9 plusieurs collectivit\u00e9s, d&rsquo;autres restent \u00e0 rencontrer. Mais toutes semblent avoir, sur le principe, une envie de d\u00e9veloppement, puissent-elles mettre le curseur sur leur soutien\u00a0\u00bb, a confi\u00e9 le dirigeant.<\/p>\n<p>D&rsquo;apr\u00e8s Ici Occitanie, en fonction du sc\u00e9nario choisi, l&rsquo;enceinte, anciennement nomm\u00e9e stade des Sept-Deniers, pourrait passer \u00e0 22\u00a0000 ou \u00e0 25\u00a0000 places, et le budget, au total, est estim\u00e9 entre 45 et 70 millions d&rsquo;euros. Le tout avec le soutien du d\u00e9partement et de la r\u00e9gion. \u00ab\u00a0La R\u00e9gion Occitanie accompagnera sur la partie infrastructure, architecturale et b\u00e2timentaire. La partie aides directes se r\u00e9fl\u00e9chit, les choses avancent\u00a0\u00bb, confie le vice-pr\u00e9sident en charge des sports Kamel Chibli. Les travaux pourraient d\u00e9buter d\u00e8s l&rsquo;an prochain.<\/p>\n","protected":false},"excerpt":{"rendered":"Paul Rouget, Media365 : publi\u00e9 le mardi 16 septembre 2025 \u00e0 09h50 Le stade Ernest-Wallon, encore plein pour&hellip;\n","protected":false},"author":2,"featured_media":394650,"comment_status":"","ping_status":"","sticky":false,"template":"","format":"standard","meta":{"footnotes":""},"categories":[2816],"tags":[1111,11,1777,674,1011,27,12,2680,25,2312],"class_list":{"0":"post-394649","1":"post","2":"type-post","3":"status-publish","4":"format-standard","5":"has-post-thumbnail","7":"category-toulouse","8":"tag-actu","9":"tag-actualites","10":"tag-eu","11":"tag-europe","12":"tag-fr","13":"tag-france","14":"tag-news","15":"tag-occitanie","16":"tag-republique-francaise","17":"tag-toulouse"},"share_on_mastodon":{"url":"https:\/\/pubeurope.com\/@fr\/115213094230498668","error":""},"_links":{"self":[{"href":"https:\/\/www.europesays.com\/fr\/wp-json\/wp\/v2\/posts\/394649","targetHints":{"allow":["GET"]}}],"collection":[{"href":"https:\/\/www.europesays.com\/fr\/wp-json\/wp\/v2\/posts"}],"about":[{"href":"https:\/\/www.europesays.com\/fr\/wp-json\/wp\/v2\/types\/post"}],"author":[{"embeddable":true,"href":"https:\/\/www.europesays.com\/fr\/wp-json\/wp\/v2\/users\/2"}],"replies":[{"embeddable":true,"href":"https:\/\/www.europesays.com\/fr\/wp-json\/wp\/v2\/comments?post=394649"}],"version-history":[{"count":0,"href":"https:\/\/www.europesays.com\/fr\/wp-json\/wp\/v2\/posts\/394649\/revisions"}],"wp:featuredmedia":[{"embeddable":true,"href":"https:\/\/www.europesays.com\/fr\/wp-json\/wp\/v2\/media\/394650"}],"wp:attachment":[{"href":"https:\/\/www.europesays.com\/fr\/wp-json\/wp\/v2\/media?parent=394649"}],"wp:term":[{"taxonomy":"category","embeddable":true,"href":"https:\/\/www.europesays.com\/fr\/wp-json\/wp\/v2\/categories?post=394649"},{"taxonomy":"post_tag","embeddable":true,"href":"https:\/\/www.europesays.com\/fr\/wp-json\/wp\/v2\/tags?post=394649"}],"curies":[{"name":"wp","href":"https:\/\/api.w.org\/{rel}","templated":true}]}}